{"id":32640,"date":"2022-09-16T14:52:34","date_gmt":"2022-09-16T14:52:34","guid":{"rendered":"http:\/\/historiografija.hr\/?p=32640"},"modified":"2022-09-16T14:52:34","modified_gmt":"2022-09-16T14:52:34","slug":"6-history-film-festival","status":"publish","type":"post","link":"https:\/\/historiografija.hr\/?p=32640","title":{"rendered":"6. History Film Festival"},"content":{"rendered":"\n<p>U Art-kinu u Rijeci u utorak je po\u010deo 6. History Film Festival, me\u0111unarodni festival povijesnih dokumentarnih filmova nastalih u nezavisnim produkcijama i produkcijama TV-kompanija, a na njemu \u0107e do 17. rujna biti prikazana 22 filma. Organizator festivala isti\u010de da je to jedini me\u0111unarodni festival na svijetu koji je isklju\u010divo orijentiran na povijesne dokumentarne filmove.<\/p>\n\n\n\n<p>Kako je rekao izbornik festivala Boris Ru\u017ei\u0107, &#8220;ovogodi\u0161nji festival nema krovnu temu, jednu inspirativnu to\u010dku ili singularnu prote\u017enu nit, ve\u0107 se odlu\u010dio na prikazivanje kompleksnosti trenutnih vremena ne svode\u0107i povijest na jedan ili dva epohalna doga\u0111aja&#8221;. Tako su filmovi podijeljeni u tri bloka: traume rata kroz osobne i kolektivne politike, dokumentiranje umjetnosti i kulture te dokumentiranje povijesti razvoja filma.<\/p>\n\n\n\n<p>Prvi blok filmova bavi se temom rata i osobnih trauma koje iz njega proistje\u010du te politikama koje te ratove oblikuju. Odnos osobnog i kolektivnog tu je klju\u010dan, i pravo na vlastitu pri\u010du, na kontra-narativ te pravo na reprezentaciju. Svaki dan kontekstualizira jedan povijesno relevantan doga\u0111aj ispri\u010dan iz vi\u0111enja dosad nepoznatih aktera ili koriste\u0107i se informacijama koje nisu bile dio dominantnoga javnog diskursa, rekao je Ru\u017ei\u0107.<\/p>\n\n\n\n<p>Tu su dokumentarni filmovi koji istra\u017euju pre\u0161u\u0107ene zlo\u010dine u \u0160panjolskome gra\u0111anskom ratu tijekom Francova re\u017eima (Estos Muros), preko usmene povijesti koja katkad u nedostatku arhiva jedina pamti nacisti\u010dke zlo\u010dine Drugoga svjetskog rata u Gr\u010dkoj (Marika, Why be Afraid), do osobnih i kolektivnih trauma iz ratova na ovim podru\u010djima tijekom 90-ih godina (Ve\u0107e od Traume).<strong><\/strong><\/p>\n\n\n\n<p>Drugi blok kroz pet filmova tematizira odnos politike, umjetnosti i kulture. Film Jurija Grudena &#8220;Iskra u vremenu&#8221;, koji prati uspon i pad slovenske tvrtke &#8220;Iskra Delta&#8221; od sedamdesetih godina do raspada SFRJ. Filmovi &#8220;Foreign Made Goods Hatred&#8221;, &#8220;A Summer in Antibes&#8221; i &#8220;The Nameless Woman&#8221; bave se odnosom umjetnosti, slobode i cenzure. Ruski dokumentarac &#8220;Kako je popularna kultura stigla u SSSR&#8221; govori o kontroli protoka zapadnih popularno-kulturnih proizvoda na tr\u017ei\u0161te, u ovom slu\u010daju rock-glazbe.<\/p>\n\n\n\n<hr class=\"wp-block-separator\"\/>\n\n\n\n<p>Izvori i dodatne informacije:<\/p>\n\n\n\n<p><a href=\"https:\/\/www.hina.hr\/vijest\/11097040\">https:\/\/www.hina.hr\/vijest\/11097040<\/a><\/p>\n\n\n\n<p><a href=\"https:\/\/www.tportal.hr\/kultura\/clanak\/u-rijeci-poceo-6-history-film-festival-20220914\">https:\/\/www.tportal.hr\/kultura\/clanak\/u-rijeci-poceo-6-history-film-festival-20220914<\/a><\/p>\n\n\n\n<figure class=\"wp-block-embed-wordpress wp-block-embed is-type-wp-embed is-provider-history-film-festival\"><div class=\"wp-block-embed__wrapper\">\n<blockquote class=\"wp-embedded-content\" data-secret=\"5q16N27NIq\"><a href=\"http:\/\/historyfilmfestival.com\/web\/otvoren-6-history-film-festival\/\">Otvoren 6. History Film Festival<\/a><\/blockquote><iframe loading=\"lazy\" class=\"wp-embedded-content\" sandbox=\"allow-scripts\" security=\"restricted\" style=\"position: absolute; clip: rect(1px, 1px, 1px, 1px);\" title=\"&#8220;Otvoren 6. History Film Festival&#8221; &#8212; History Film Festival\" src=\"http:\/\/historyfilmfestival.com\/web\/otvoren-6-history-film-festival\/embed\/#?secret=5q16N27NIq\" data-secret=\"5q16N27NIq\" width=\"600\" height=\"338\" frameborder=\"0\" marginwidth=\"0\" marginheight=\"0\" scrolling=\"no\"><\/iframe>\n<\/div><\/figure>\n\n\n\n<hr class=\"wp-block-separator\"\/>\n","protected":false},"excerpt":{"rendered":"","protected":false},"author":2,"featured_media":32641,"comment_status":"open","ping_status":"open","sticky":false,"template":"","format":"standard","meta":{"_acf_changed":false,"jetpack_post_was_ever_published":false,"_jetpack_newsletter_access":"","_jetpack_dont_email_post_to_subs":false,"_jetpack_newsletter_tier_id":0,"_jetpack_memberships_contains_paywalled_content":false,"_jetpack_memberships_contains_paid_content":false,"footnotes":"","jetpack_publicize_message":"","jetpack_publicize_feature_enabled":true,"jetpack_social_post_already_shared":true,"jetpack_social_options":{"image_generator_settings":{"template":"highway","default_image_id":0,"font":"","enabled":false},"version":2}},"categories":[13,3],"tags":[],"class_list":["post-32640","post","type-post","status-publish","format-standard","has-post-thumbnail","hentry","category-filmovi-i-serije","category-novosti"],"acf":{"facebook_opis":""},"jetpack_publicize_connections":[],"jetpack_featured_media_url":"https:\/\/i0.wp.com\/historiografija.hr\/wp-content\/uploads\/2022\/09\/Rijeka-2022.jpg?fit=288%2C175&ssl=1","jetpack_sharing_enabled":true,"jetpack-related-posts":[],"_links":{"self":[{"href":"https:\/\/historiografija.hr\/index.php?rest_route=\/wp\/v2\/posts\/32640","targetHints":{"allow":["GET"]}}],"collection":[{"href":"https:\/\/historiografija.hr\/index.php?rest_route=\/wp\/v2\/posts"}],"about":[{"href":"https:\/\/historiografija.hr\/index.php?rest_route=\/wp\/v2\/types\/post"}],"author":[{"embeddable":true,"href":"https:\/\/historiografija.hr\/index.php?rest_route=\/wp\/v2\/users\/2"}],"replies":[{"embeddable":true,"href":"https:\/\/historiografija.hr\/index.php?rest_route=%2Fwp%2Fv2%2Fcomments&post=32640"}],"version-history":[{"count":1,"href":"https:\/\/historiografija.hr\/index.php?rest_route=\/wp\/v2\/posts\/32640\/revisions"}],"predecessor-version":[{"id":32642,"href":"https:\/\/historiografija.hr\/index.php?rest_route=\/wp\/v2\/posts\/32640\/revisions\/32642"}],"wp:featuredmedia":[{"embeddable":true,"href":"https:\/\/historiografija.hr\/index.php?rest_route=\/wp\/v2\/media\/32641"}],"wp:attachment":[{"href":"https:\/\/historiografija.hr\/index.php?rest_route=%2Fwp%2Fv2%2Fmedia&parent=32640"}],"wp:term":[{"taxonomy":"category","embeddable":true,"href":"https:\/\/historiografija.hr\/index.php?rest_route=%2Fwp%2Fv2%2Fcategories&post=32640"},{"taxonomy":"post_tag","embeddable":true,"href":"https:\/\/historiografija.hr\/index.php?rest_route=%2Fwp%2Fv2%2Ftags&post=32640"}],"curies":[{"name":"wp","href":"https:\/\/api.w.org\/{rel}","templated":true}]}}