{"id":32636,"date":"2022-09-15T22:42:20","date_gmt":"2022-09-15T22:42:20","guid":{"rendered":"http:\/\/historiografija.hr\/?p=32636"},"modified":"2022-09-15T22:49:10","modified_gmt":"2022-09-15T22:49:10","slug":"unizg-hr-predstavljanje-knjiga-docenta-veselinovica-i-znanstveni-skup-o-populizmu-na-sveucilistu-u-zagrebu","status":"publish","type":"post","link":"https:\/\/historiografija.hr\/?p=32636","title":{"rendered":"UNIZG.hr: Predstavljanje knjiga docenta Veselinovi\u0107a i znanstveni skup o populizmu na Sveu\u010dili\u0161tu u Zagrebu"},"content":{"rendered":"\n<p>Predstavljanje<strong>\u00a0knjiga &#8220;Populizam u medijima i politici&#8221;, &#8220;Populisti\u010dki duhovi vremena i izazovi demokraciji&#8221; i &#8220;Suvremeno prava\u0161tvo&#8221; <\/strong>autora i urednika<strong> doc. dr. sc. Velimira Veselinovi\u0107a\u00a0<\/strong>odr\u017eat \u0107e se u petak<strong> 16. rujna 2022. u 9 sati\u00a0u auli Sveu\u010dili\u0161ta u Zagrebu\u00a0<\/strong>(Trg Republike Hrvatske 14, Zagreb).<\/p>\n\n\n\n<p><strong>Knjige \u0107e predstaviti\u00a0<\/strong>rektor Sveu\u010dili\u0161ta u Zagrebu prof. dr. sc. Damir Boras, recenzenti prof. dr. sc. Stjepan Matkovi\u0107 i doc. dr. sc. Pavle Kalini\u0107, nakladnik Zvonimir Despot a\u00a0nazo\u010dnima \u0107e se obratiti autor i urednik knjiga docent Veselinovi\u0107.<\/p>\n\n\n\n<p>Nakon predstavljanja knjiga, u auli Sveu\u010dili\u0161ta u Zagrebu odr\u017eat \u0107e se <strong>znanstveni skup s me\u0111unarodnim sudjelovanjem &#8220;Populizam u medijima i politici&#8221;<\/strong>.&nbsp;Cilj skupa je analiza populizma kroz teorijsku i empirijsku dimenziju s naglascima na njegov povijesni razvoj, osobito u suvremenoj hrvatskoj politi\u010dkoj povijesti, ali i njegova recentna pojava u hrvatskoj, europskoj i svjetskoj politici unazad nekoliko desetlje\u0107a.<\/p>\n\n\n\n<p><strong><a rel=\"noreferrer noopener\" href=\"http:\/\/www.unizg.hr\/fileadmin\/rektorat\/Novosti_press\/Vijesti_velike\/Rektorat_dogadanja_2022\/Populizam_brosura.pdf\" target=\"_blank\">PROGRAM<\/a><\/strong><\/p>\n\n\n\n<hr class=\"wp-block-separator\"\/>\n\n\n\n<p>Izvor:<\/p>\n\n\n\n<p><a href=\"http:\/\/www.unizg.hr\/nc\/vijest\/article\/predstavljanje-knjiga-docenta-veselinovica-i-znanstveni-skup-o-populizmu-na-sveucilistu-u-zagrebu\/\">http:\/\/www.unizg.hr\/nc\/vijest\/article\/predstavljanje-knjiga-docenta-veselinovica-i-znanstveni-skup-o-populizmu-na-sveucilistu-u-zagrebu\/<\/a><\/p>\n\n\n\n<p><a href=\"https:\/\/www.facebook.com\/UniZg\/\">https:\/\/www.facebook.com\/UniZg\/<\/a><\/p>\n\n\n\n<hr class=\"wp-block-separator\"\/>\n","protected":false},"excerpt":{"rendered":"","protected":false},"author":2,"featured_media":32637,"comment_status":"open","ping_status":"open","sticky":false,"template":"","format":"standard","meta":{"_acf_changed":false,"jetpack_post_was_ever_published":false,"_jetpack_newsletter_access":"","_jetpack_dont_email_post_to_subs":false,"_jetpack_newsletter_tier_id":0,"_jetpack_memberships_contains_paywalled_content":false,"_jetpack_memberships_contains_paid_content":false,"footnotes":"","jetpack_publicize_message":"","jetpack_publicize_feature_enabled":true,"jetpack_social_post_already_shared":true,"jetpack_social_options":{"image_generator_settings":{"template":"highway","default_image_id":0,"font":"","enabled":false},"version":2}},"categories":[3,9],"tags":[],"class_list":["post-32636","post","type-post","status-publish","format-standard","has-post-thumbnail","hentry","category-novosti","category-skupovi"],"acf":{"facebook_opis":""},"jetpack_publicize_connections":[],"jetpack_featured_media_url":"https:\/\/i0.wp.com\/historiografija.hr\/wp-content\/uploads\/2022\/09\/pozivnica-Populizam.jpg?fit=1483%2C802&ssl=1","jetpack_sharing_enabled":true,"jetpack-related-posts":[],"_links":{"self":[{"href":"https:\/\/historiografija.hr\/index.php?rest_route=\/wp\/v2\/posts\/32636","targetHints":{"allow":["GET"]}}],"collection":[{"href":"https:\/\/historiografija.hr\/index.php?rest_route=\/wp\/v2\/posts"}],"about":[{"href":"https:\/\/historiografija.hr\/index.php?rest_route=\/wp\/v2\/types\/post"}],"author":[{"embeddable":true,"href":"https:\/\/historiografija.hr\/index.php?rest_route=\/wp\/v2\/users\/2"}],"replies":[{"embeddable":true,"href":"https:\/\/historiografija.hr\/index.php?rest_route=%2Fwp%2Fv2%2Fcomments&post=32636"}],"version-history":[{"count":2,"href":"https:\/\/historiografija.hr\/index.php?rest_route=\/wp\/v2\/posts\/32636\/revisions"}],"predecessor-version":[{"id":32639,"href":"https:\/\/historiografija.hr\/index.php?rest_route=\/wp\/v2\/posts\/32636\/revisions\/32639"}],"wp:featuredmedia":[{"embeddable":true,"href":"https:\/\/historiografija.hr\/index.php?rest_route=\/wp\/v2\/media\/32637"}],"wp:attachment":[{"href":"https:\/\/historiografija.hr\/index.php?rest_route=%2Fwp%2Fv2%2Fmedia&parent=32636"}],"wp:term":[{"taxonomy":"category","embeddable":true,"href":"https:\/\/historiografija.hr\/index.php?rest_route=%2Fwp%2Fv2%2Fcategories&post=32636"},{"taxonomy":"post_tag","embeddable":true,"href":"https:\/\/historiografija.hr\/index.php?rest_route=%2Fwp%2Fv2%2Ftags&post=32636"}],"curies":[{"name":"wp","href":"https:\/\/api.w.org\/{rel}","templated":true}]}}