{"id":32629,"date":"2022-09-14T21:47:47","date_gmt":"2022-09-14T21:47:47","guid":{"rendered":"http:\/\/historiografija.hr\/?p=32629"},"modified":"2022-09-14T21:47:47","modified_gmt":"2022-09-14T21:47:47","slug":"karl-ruhmann-roman-heroj","status":"publish","type":"post","link":"https:\/\/historiografija.hr\/?p=32629","title":{"rendered":"Karl R\u00fchmann, roman \u201eHeroj\u201c"},"content":{"rendered":"\n<p>Godine 2005. u jednoj zemlji na podru\u010dju biv\u0161e Jugoslavije, u kojoj je izme\u0111u 1992. i 1995. bjesnio rat: dva visoka \u010dasnika, koji su neko\u0107 slu\u017eili u istoj vojsci, ali su se u ratu borili na razli\u010ditim stranama, optu\u017eeni su za ratne zlo\u010dine i izru\u010deni Me\u0111unarodnom sudu pravde u Haagu. U \u201eHotelu Scheveningen\u201c, kako nazivaju haa\u0161ki pritvor, njih se dvojica sprijateljuju jer mnogo toga im je zajedni\u010dko \u2013 pro\u0161lost, jezik i dob, a ne samo kazna koja im prijeti. Modoran, general pobjedni\u010dke vojske, oslobo\u0111en je nakon pet godina uzni\u0161tva, a pukovnik pora\u017eenih, Bartok, osu\u0111en je na dugogodi\u0161nju zatvorsku kaznu. Mu\u0161karci se po\u010dinju dopisivati kako bi pro\u0161lost pospremili na njezino mjesto i razradili scenarije za budu\u0107nost. Raspravljaju o krivnji i nevinosti, pravdi i pravednosti, no njihova su pisma izraz prijateljstva dvojice ljudi koji su tek u zatvoru spoznali da ih vi\u0161e toga spaja nego razdvaja.<\/p>\n\n\n\n<p>Ana je ratna udovica u \u010detrdesetima i \u017eivi s 12-godi\u0161njim sinom. Njezin mu\u017e, istinski domoljub, slu\u017eio je tijekom rata u jedinici generala Modorana i pod misterioznim okolnostima oduzeo si je \u017eivot. Kad se general Modoran, kojeg Ana iznimno cijeni, doseli u njezino susjedstvo, ona se ponudi da \u0107e mu voditi ku\u0107anstvo. Potajno \u010ditaju\u0107i pisma dvojice prekaljenih vojnika, doznaje uznemiruju\u0107e detalje koji bi mo\u017eda mogli rasvijetliti okolnosti samoubojstva njezina mu\u017ea\u2026<\/p>\n\n\n\n<p>Roman je bio u naju\u017eem izboru za presti\u017enu knji\u017eevnu nagradu Schweizer Buchpreis 2020.<\/p>\n\n\n\n<hr class=\"wp-block-separator\"\/>\n\n\n\n<p>Klasi\u010dan epistolarni roman u kojem je majstorski razra\u0111ena psihologija likova i njihov knji\u017eevni glas.<\/p>\n\n\n\n<p><strong>Daniel Graf, Republic<\/strong><\/p>\n\n\n\n<hr class=\"wp-block-separator\"\/>\n\n\n\n<p>Osjetljiv i politi\u010dki osvije\u0161ten roman sna\u017enih slika i simbola.<\/p>\n\n\n\n<p><strong>Hansruedi Kugler, Luzerner Zeitung<\/strong><\/p>\n\n\n\n<hr class=\"wp-block-separator\"\/>\n\n\n\n<p>Prevoditelj: Dalibor Joler<\/p>\n\n\n\n<p>Izdava\u010d: V.B.Z. d.o.o<\/p>\n\n\n\n<p>Podru\u010dje: Roman<\/p>\n\n\n\n<p>Jezik: Hrvatski<\/p>\n\n\n\n<p>Godina izdanja: 2022<\/p>\n\n\n\n<p>Broj stranica: 224<\/p>\n\n\n\n<hr class=\"wp-block-separator\"\/>\n\n\n\n<p>Izvor:<\/p>\n\n\n\n<figure class=\"wp-block-embed-wordpress wp-block-embed is-type-wp-embed is-provider-vbz-online-bookstore\"><div class=\"wp-block-embed__wrapper\">\n<blockquote class=\"wp-embedded-content\" data-secret=\"n5AHbgYWyC\"><a href=\"https:\/\/www.vbz.hr\/book\/heroj-3\/\">Heroj<\/a><\/blockquote><iframe loading=\"lazy\" class=\"wp-embedded-content\" sandbox=\"allow-scripts\" security=\"restricted\" style=\"position: absolute; clip: rect(1px, 1px, 1px, 1px);\" title=\"&#8220;Heroj&#8221; &#8212; VBZ online bookstore\" src=\"https:\/\/www.vbz.hr\/book\/heroj-3\/embed\/#?secret=lkSKaRRJIk#?secret=n5AHbgYWyC\" data-secret=\"n5AHbgYWyC\" width=\"600\" height=\"338\" frameborder=\"0\" marginwidth=\"0\" marginheight=\"0\" scrolling=\"no\"><\/iframe>\n<\/div><\/figure>\n\n\n\n<hr class=\"wp-block-separator\"\/>\n","protected":false},"excerpt":{"rendered":"","protected":false},"author":2,"featured_media":32630,"comment_status":"open","ping_status":"open","sticky":false,"template":"","format":"standard","meta":{"_acf_changed":false,"jetpack_post_was_ever_published":false,"_jetpack_newsletter_access":"","_jetpack_dont_email_post_to_subs":false,"_jetpack_newsletter_tier_id":0,"_jetpack_memberships_contains_paywalled_content":false,"_jetpack_memberships_contains_paid_content":false,"footnotes":"","jetpack_publicize_message":"","jetpack_publicize_feature_enabled":true,"jetpack_social_post_already_shared":true,"jetpack_social_options":{"image_generator_settings":{"template":"highway","default_image_id":0,"font":"","enabled":false},"version":2}},"categories":[3,12],"tags":[],"class_list":["post-32629","post","type-post","status-publish","format-standard","has-post-thumbnail","hentry","category-novosti","category-knjizevnost"],"acf":{"facebook_opis":""},"jetpack_publicize_connections":[],"jetpack_featured_media_url":"https:\/\/i0.wp.com\/historiografija.hr\/wp-content\/uploads\/2022\/09\/heroj_naslovnica.jpg?fit=709%2C1181&ssl=1","jetpack_sharing_enabled":true,"jetpack-related-posts":[],"_links":{"self":[{"href":"https:\/\/historiografija.hr\/index.php?rest_route=\/wp\/v2\/posts\/32629","targetHints":{"allow":["GET"]}}],"collection":[{"href":"https:\/\/historiografija.hr\/index.php?rest_route=\/wp\/v2\/posts"}],"about":[{"href":"https:\/\/historiografija.hr\/index.php?rest_route=\/wp\/v2\/types\/post"}],"author":[{"embeddable":true,"href":"https:\/\/historiografija.hr\/index.php?rest_route=\/wp\/v2\/users\/2"}],"replies":[{"embeddable":true,"href":"https:\/\/historiografija.hr\/index.php?rest_route=%2Fwp%2Fv2%2Fcomments&post=32629"}],"version-history":[{"count":1,"href":"https:\/\/historiografija.hr\/index.php?rest_route=\/wp\/v2\/posts\/32629\/revisions"}],"predecessor-version":[{"id":32631,"href":"https:\/\/historiografija.hr\/index.php?rest_route=\/wp\/v2\/posts\/32629\/revisions\/32631"}],"wp:featuredmedia":[{"embeddable":true,"href":"https:\/\/historiografija.hr\/index.php?rest_route=\/wp\/v2\/media\/32630"}],"wp:attachment":[{"href":"https:\/\/historiografija.hr\/index.php?rest_route=%2Fwp%2Fv2%2Fmedia&parent=32629"}],"wp:term":[{"taxonomy":"category","embeddable":true,"href":"https:\/\/historiografija.hr\/index.php?rest_route=%2Fwp%2Fv2%2Fcategories&post=32629"},{"taxonomy":"post_tag","embeddable":true,"href":"https:\/\/historiografija.hr\/index.php?rest_route=%2Fwp%2Fv2%2Ftags&post=32629"}],"curies":[{"name":"wp","href":"https:\/\/api.w.org\/{rel}","templated":true}]}}