{"id":32616,"date":"2022-09-13T18:08:58","date_gmt":"2022-09-13T18:08:58","guid":{"rendered":"http:\/\/historiografija.hr\/?p=32616"},"modified":"2022-09-13T18:10:56","modified_gmt":"2022-09-13T18:10:56","slug":"dynamics-of-emigration-emigre-scholars-and-the-production-of-historical-knowledge-in-the-20th-century-edited-by-stefan-berger-and-philipp-muller","status":"publish","type":"post","link":"https:\/\/historiografija.hr\/?p=32616","title":{"rendered":"Dynamics of Emigration: \u00c9migr\u00e9 Scholars and the Production of Historical Knowledge in the 20th Century. Edited by Stefan Berger and Philipp M\u00fcller"},"content":{"rendered":"\n<p>Objavljen je 2022. zbornik radova \u201eDynamics of Emigration: \u00c9migr\u00e9 Scholars and the Production of Historical Knowledge in the 20th Century\u201c koji su uredili Stefan Berger i Philipp M\u00fcller. U zborniku su teme iz povijesti Hrvatske, Srbije, Jugoslavije i Balkana zastupljene u radovima Branimira Jankovi\u0107a i Michaela Antolovi\u0107a.<\/p>\n\n\n\n<hr class=\"wp-block-separator\"\/>\n\n\n\n<p>Berghahn Books<\/p>\n\n\n\n<p>Series<\/p>\n\n\n\n<p>Volume 43<\/p>\n\n\n\n<p>MAKING SENSE OF HISTORY<\/p>\n\n\n\n<p>308 pages, bibliog., index<\/p>\n\n\n\n<p>Published (August 2022)<\/p>\n\n\n\n<hr class=\"wp-block-separator\"\/>\n\n\n\n<p><strong>Reviews<\/strong><\/p>\n\n\n\n<p><em>\u201c<\/em>Dynamics of Emigration <em>is an excellent volume that consolidates an emerging European historiography that is probably unfamiliar to many interested readers in the English language. The contributions address the problem from an admirable range of questions: more traditional intellectual history, the \u201cpersona\u201d adopted by exiles in their adopted countries, their contributions to the intellectual situations there, the question of whether they became integrated in their new intellectual environments, the question of gender for exiles, and more.\u201d<\/em> <strong>\u2022 Benjamin Tromly<\/strong>, University of Puget Sound<\/p>\n\n\n\n<hr class=\"wp-block-separator\"\/>\n\n\n\n<p><strong>Description<\/strong><\/p>\n\n\n\n<p>As a pioneering volume to consider the impact of exile on historical scholarship in the twentieth century in a systematic and global way, looking at Europe, North America, South America and Asia, <em>Dynamics of Emigration<\/em> asks about epistemic repercussions on the experience of exile and exiles. Analyzing both the impact that exile scholars had on their host societies and on the societies they had to leave, the volume investigates exiles\u2019 pathways to integration into new host societies and the many difficulties they face establishing themselves in new surroundings. Focusing on the age of extremes and the realms of exile from fascist and right-wing dictatorships as well as communist regimes, the contributions look at the reasons scholars have for going into exile while providing side-by-side examination of the support organizations and paths for success involved with living in exile.<\/p>\n\n\n\n<hr class=\"wp-block-separator\"\/>\n\n\n\n<p><strong>Stefan Berger<\/strong> is Professor of Social History and Director of the Institute for Social Movements at Ruhr-Universit\u00e4t Bochum in Germany. He is also Executive Chair of the Foundation History of the Ruhr and an Honorary Professor at Cardiff University in the UK. Before 2011 he had full chairs of History at the Universities of Manchester (2005 \u2013 2011) and University of Glamorgan (2000 \u2013 2005).<\/p>\n\n\n\n<p><strong>Philipp M\u00fcller<\/strong> teaches in Modern and Contemporary History at Georg-August-Universit\u00e4t G\u00f6ttingen. He obtained his Ph.D. from the European University Institute in Florence with a study on the dramatisation of crime in Imperial Berlin. In recent years, he explored the history of archives and the history of historical knowledge in the 19th century. Results are published in the monograph &#8216;Geschichte machen. Historisches Forschen und die Politik der Archive&#8217; (2019). A further monograph about the research practice of the renowned historian Johann Gustav Droysen will be published in 2022.<\/p>\n\n\n\n<hr class=\"wp-block-separator\"\/>\n\n\n\n<p>CONTENTS<\/p>\n\n\n\n<p>Introduction: Dynamics of \u00c9migr\u00e9 Scholarship in the Age of Extremes<\/p>\n\n\n\n<p><em>Stefan Berger and Philipp M\u00fcller<\/em><\/p>\n\n\n\n<p><strong>Chapter 1.<\/strong> \u2018A Private Perch\u2019: Cosmopolitanism, Nostalgia and Commitment in the \u00c9migr\u00e9 Historian\u2019s Persona<br><em>Jo Tollebeek<\/em><\/p>\n\n\n\n<p><strong>Chapter 2.<\/strong> The \u00c9migr\u00e9 Historian: A Scholarly Persona?<br><em>Herman Paul<\/em><\/p>\n\n\n\n<p><strong>Chapter 3.<\/strong> The Dictator\u2019s Long Arm: Cross-Border Persecution of Exile Historians<br><em>Antoon de Baets<\/em><\/p>\n\n\n\n<p><strong>Chapter 4.<\/strong> Nativism and the Specter of Anti-Semitism in the Placement of German Refugee Scholars, 1933\u20131945<br><em>Joseph Malherek<\/em><\/p>\n\n\n\n<p><strong>Chapter 5.<\/strong> Defending Objectivity: Paul Oskar Kristeller and the Controversy on the Historical Knowledge in the United States<br><em>Irina Mykhailova<\/em><\/p>\n\n\n\n<p><strong>Chapter 6.<\/strong> \u00c9migr\u00e9 Historians and the Postwar Transatlantic Dialogue<br><em>Philipp Stelzel<\/em><\/p>\n\n\n\n<p><strong>Chapter 7.<\/strong> Between Integration and Institutional Self-Organisation: Polish \u00c9migr\u00e9 Scholarship in the United States, 1939\u20131989<br><em>Kai Willms<\/em><\/p>\n\n\n\n<p><strong>Chapter 8.<\/strong> The Unlikely Careers of Laura Polanyi (1882\u20131959) as a Historian: The Intersections of Exile, Gender, Class and Age<br><em>Judith Szapor<\/em><\/p>\n\n\n\n<p><strong>Chapter 9.<\/strong> \u2018From Geistesgeschichte to Public History\u2019: The Years of Emigration of the Hungarian Historian B\u00e9la Iv\u00e1nyi Gr\u00fcnwald, Jr.<br><em>Vilmos Er\u00f6s<\/em><\/p>\n\n\n\n<p><strong>Chapter 10.<\/strong> Building New Networks: Russian \u00c9migr\u00e9 Scholars in Yugoslavia<br><em>Branimir Jankovi\u0107<\/em><\/p>\n\n\n\n<p><strong>Chapter 11.<\/strong> Networking in Santa Barbara, Writing History: Dimitrije \u0110or\u0111evi\u0107 and the Comparative History of Balkan Nations<br><em>Michael Antolovic<\/em><\/p>\n\n\n\n<p><strong>Chapter 12.<\/strong> Ant\u00f3nio S\u00e9rgio and Jos\u00e9 Ortega y Gasset: History, Theory and Experiences of Exile<br><em>S\u00e9rgio Campos Matos<\/em><\/p>\n\n\n\n<p><strong>Chapter 13.<\/strong> Emigr\u00e9 Portuguese Historians in France between the Second World War and 25th April 1974: New Ways and Places of Thinking and Writing Portuguese History?<br><em>Christophe Araujo<\/em><\/p>\n\n\n\n<p><strong>Conclusion:<\/strong> New Perspectives on Emigre Scholarship and What Remains to be Done<br><em>Stefan Berger and Philipp M\u00fcller<\/em><\/p>\n\n\n\n<p>Index<\/p>\n\n\n\n<hr class=\"wp-block-separator\"\/>\n\n\n\n<p><a href=\"https:\/\/www.berghahnbooks.com\/title\/BergerDynamics\">https:\/\/www.berghahnbooks.com\/title\/BergerDynamics<\/a><\/p>\n\n\n\n<hr class=\"wp-block-separator\"\/>\n","protected":false},"excerpt":{"rendered":"","protected":false},"author":2,"featured_media":32617,"comment_status":"open","ping_status":"open","sticky":false,"template":"","format":"standard","meta":{"_acf_changed":false,"jetpack_post_was_ever_published":false,"_jetpack_newsletter_access":"","_jetpack_dont_email_post_to_subs":false,"_jetpack_newsletter_tier_id":0,"_jetpack_memberships_contains_paywalled_content":false,"_jetpack_memberships_contains_paid_content":false,"footnotes":"","jetpack_publicize_message":"","jetpack_publicize_feature_enabled":true,"jetpack_social_post_already_shared":true,"jetpack_social_options":{"image_generator_settings":{"template":"highway","default_image_id":0,"font":"","enabled":false},"version":2}},"categories":[8,3],"tags":[],"class_list":["post-32616","post","type-post","status-publish","format-standard","has-post-thumbnail","hentry","category-knjige","category-novosti"],"acf":{"facebook_opis":""},"jetpack_publicize_connections":[],"jetpack_featured_media_url":"https:\/\/i0.wp.com\/historiografija.hr\/wp-content\/uploads\/2022\/09\/Dynamics.jpg?fit=400%2C591&ssl=1","jetpack_sharing_enabled":true,"jetpack-related-posts":[],"_links":{"self":[{"href":"https:\/\/historiografija.hr\/index.php?rest_route=\/wp\/v2\/posts\/32616","targetHints":{"allow":["GET"]}}],"collection":[{"href":"https:\/\/historiografija.hr\/index.php?rest_route=\/wp\/v2\/posts"}],"about":[{"href":"https:\/\/historiografija.hr\/index.php?rest_route=\/wp\/v2\/types\/post"}],"author":[{"embeddable":true,"href":"https:\/\/historiografija.hr\/index.php?rest_route=\/wp\/v2\/users\/2"}],"replies":[{"embeddable":true,"href":"https:\/\/historiografija.hr\/index.php?rest_route=%2Fwp%2Fv2%2Fcomments&post=32616"}],"version-history":[{"count":2,"href":"https:\/\/historiografija.hr\/index.php?rest_route=\/wp\/v2\/posts\/32616\/revisions"}],"predecessor-version":[{"id":32619,"href":"https:\/\/historiografija.hr\/index.php?rest_route=\/wp\/v2\/posts\/32616\/revisions\/32619"}],"wp:featuredmedia":[{"embeddable":true,"href":"https:\/\/historiografija.hr\/index.php?rest_route=\/wp\/v2\/media\/32617"}],"wp:attachment":[{"href":"https:\/\/historiografija.hr\/index.php?rest_route=%2Fwp%2Fv2%2Fmedia&parent=32616"}],"wp:term":[{"taxonomy":"category","embeddable":true,"href":"https:\/\/historiografija.hr\/index.php?rest_route=%2Fwp%2Fv2%2Fcategories&post=32616"},{"taxonomy":"post_tag","embeddable":true,"href":"https:\/\/historiografija.hr\/index.php?rest_route=%2Fwp%2Fv2%2Ftags&post=32616"}],"curies":[{"name":"wp","href":"https:\/\/api.w.org\/{rel}","templated":true}]}}