{"id":32606,"date":"2022-09-12T21:58:47","date_gmt":"2022-09-12T21:58:47","guid":{"rendered":"http:\/\/historiografija.hr\/?p=32606"},"modified":"2022-09-12T21:59:41","modified_gmt":"2022-09-12T21:59:41","slug":"jurij-felstinski-mihajlo-stancev-treci-svjetski-rat-bitka-za-ukrajinu","status":"publish","type":"post","link":"https:\/\/historiografija.hr\/?p=32606","title":{"rendered":"Jurij Fel\u0161tinski, Mihajlo Stan\u010dev, \u201eTre\u0107i svjetski rat? \u2013 Bitka za Ukrajinu\u201c"},"content":{"rendered":"\n<p>Vidovito napisana prije ruskog napada na Ukrajinu 2022., knjiga <em>Tre\u0107i svjetski rat?<\/em> \u2013<em> Bitka za Ukrajin<\/em><em>u<\/em> prvi je sveobuhvatan pogled na ubojite metode kojima se Rusija jo\u0161 od 1999. poku\u0161ava domo\u0107i Ukrajine, a kulminirale su sveop\u0107im, ni\u010dim izazvanim ratom i strahotama kojima se ne nazire kraj.<\/p>\n\n\n\n<p>Kroje\u0107i uzbudljiv narativ koji ledi krv u \u017eilama, autor bestselera Jurij Fel\u0161tinski i povjesni\u010dar Mihajlo Stan\u010dev listaju nisku dokaza, povla\u010de povijesne usporedbe i ujedinjuju izvore koji su po potrebi novi, malo poznati ili anonimni. Autori su ve\u0107 2015. predvidjeli da je ruska invazija pitanje \u0161estogodi\u0161njega ciklusa planiranja ruske vojske i da \u0107e se dogoditi 2021. (ne ra\u010dunaju\u0107i svjetsku pandemiju), zdu\u0161no tvrde\u0107i i da se Putinu mora pru\u017eiti otpor kako bi se izbjegao potencijalni nuklearni sukob koji bi svijet odvukao u globalni rat.<\/p>\n\n\n\n<p><em>Knjiga Tre\u0107i svjetski rat? \u2013 Bitka za Ukrajinu<\/em> obvezno je \u0161tivo za sve koji \u017eele razumjeti uzroke trenuta\u010dne krize i kako je u\u010dinkovito prevladati.<\/p>\n\n\n\n<p>***<\/p>\n\n\n\n<p>\u201ePutinov glavni cilj i dalje je zauzimanje Ukrajine. Na\u017ealost, te \u0107e se rije\u010di, kao i ve\u0107ina knjige, pokazati proro\u010danskima.\u201c \u2013 Oleg Kalugin, biv\u0161i general i \u0161ef Protuobavje\u0161tajnog odjela KGB-a<\/p>\n\n\n\n<p>\u201ePovjesni\u010dare krase brojne vrline, ali me\u0111u njima je rijetko hrabrost. Ipak, \u017eivot u modernom svijetu zahtijeva temeljito preispitivanje uobi\u010dajenih ideja koje se ti\u010du Rusije i Ukrajine, Sjedinjenih Ameri\u010dkih Dr\u017eava i Europe. Ova knjiga iz pera dvojice hrabrih i savjesnih povjesni\u010dara pomo\u0107i \u0107e \u010ditateljima shvatiti sada\u0161njost, ali i \u017eivjeti u budu\u0107nosti.\u201c \u2013 Alexander Etkind, profesor povijesti na Europskome sveu\u010dili\u0161nom institutu u Firenci<\/p>\n\n\n\n<hr class=\"wp-block-separator\"\/>\n\n\n\n<p>O autorima<\/p>\n\n\n\n<p><strong>Jurij Fel\u0161tinski <\/strong>povjesni\u010dar je ruske tajne slu\u017ebe blisko povezan s glavnim ruskim prebjezima. Supotpisao je bestselere Saka\u0107enje Rusije s otrovanim potporu\u010dnikom KGB-a Aleksandrom Litvinenkom i Doba ubojica: Kako Putin truje izbore (The Age of Assassins: How Putin Poisons Elections) s Vladimirom Pribilovskim. Bio je gostuju\u0107i profesor na Hooverovu institutu i Sveu\u010dili\u0161tu Stanford te prvi ameri\u010dki dr\u017eavljanin koji je doktorirao na Ruskoj akademiji znanosti. U Ukrajini je predvodio projekt de\u0161ifriranja zloglasnih \u201cKu\u010dminih vrpci\u201d na kojima je zabilje\u017eena urota s ciljem ubojstva poznatoga ukrajinskog novinara Georgija Gongadzea. Kao komentator redovito se pojavljuje na MSNBC-u, NPR-u, BBC-ju i Sky TV-u te u srednjoeuropskom i britanskom tisku. <strong>Mihajlo Stan\u010dev<\/strong> profesor je povijesti i voditelj Odsjeka za povijest na Nacionalnom sveu\u010dili\u0161tu Karazin u Harkivu te biv\u0161i savjetnik Ministarstva vanjskih poslova Ukrajine. Autor je 17 knjiga i \u010dlan Bugarske akademije znanosti. Redovito objavljuje znanstvene \u010dlanke u uglednim \u010dasopisima i dr\u017ei predavanja u Sjedinjenim Ameri\u010dkim Dr\u017eavama, Bugarskoj, Francuskoj, Njema\u010dkoj, Italiji i Japanu. \u017divi s obitelji u Harkivu.\u00a0<\/p>\n\n\n\n<hr class=\"wp-block-separator\"\/>\n\n\n\n<p>Naslov izvornika: The Third World War?<\/p>\n\n\n\n<p>Jezik izvornika: engleski<\/p>\n\n\n\n<p>Prevoditelj: Marija Peri\u0161i\u0107<\/p>\n\n\n\n<p>Broj stranica: 304<\/p>\n\n\n\n<p>Godina izdanja: 2022.<\/p>\n\n\n\n<hr class=\"wp-block-separator\"\/>\n\n\n\n<p>Izvor:<\/p>\n\n\n\n<figure class=\"wp-block-embed-wordpress wp-block-embed is-type-wp-embed is-provider-stilus-knjiga\"><div class=\"wp-block-embed__wrapper\">\n<blockquote class=\"wp-embedded-content\" data-secret=\"sygjmQ3yXR\"><a href=\"https:\/\/stilus-knjiga.hr\/proizvod\/treci-svjetski-rat\/\">Tre\u0107i svjetski rat?<\/a><\/blockquote><iframe loading=\"lazy\" class=\"wp-embedded-content\" sandbox=\"allow-scripts\" security=\"restricted\" style=\"position: absolute; clip: rect(1px, 1px, 1px, 1px);\" title=\"&#8220;Tre\u0107i svjetski rat?&#8221; &#8212; Stilus knjiga\" src=\"https:\/\/stilus-knjiga.hr\/proizvod\/treci-svjetski-rat\/embed\/#?secret=7nCdFVPZue#?secret=sygjmQ3yXR\" data-secret=\"sygjmQ3yXR\" width=\"600\" height=\"338\" frameborder=\"0\" marginwidth=\"0\" marginheight=\"0\" scrolling=\"no\"><\/iframe>\n<\/div><\/figure>\n\n\n\n<hr class=\"wp-block-separator\"\/>\n","protected":false},"excerpt":{"rendered":"","protected":false},"author":2,"featured_media":32607,"comment_status":"open","ping_status":"open","sticky":false,"template":"","format":"standard","meta":{"_acf_changed":false,"jetpack_post_was_ever_published":false,"_jetpack_newsletter_access":"","_jetpack_dont_email_post_to_subs":false,"_jetpack_newsletter_tier_id":0,"_jetpack_memberships_contains_paywalled_content":false,"_jetpack_memberships_contains_paid_content":false,"footnotes":"","jetpack_publicize_message":"","jetpack_publicize_feature_enabled":true,"jetpack_social_post_already_shared":true,"jetpack_social_options":{"image_generator_settings":{"template":"highway","default_image_id":0,"font":"","enabled":false},"version":2}},"categories":[8,3],"tags":[],"class_list":["post-32606","post","type-post","status-publish","format-standard","has-post-thumbnail","hentry","category-knjige","category-novosti"],"acf":{"facebook_opis":""},"jetpack_publicize_connections":[],"jetpack_featured_media_url":"https:\/\/i0.wp.com\/historiografija.hr\/wp-content\/uploads\/2022\/09\/Bitka-za-Ukrajinu.jpg?fit=346%2C553&ssl=1","jetpack_sharing_enabled":true,"jetpack-related-posts":[],"_links":{"self":[{"href":"https:\/\/historiografija.hr\/index.php?rest_route=\/wp\/v2\/posts\/32606","targetHints":{"allow":["GET"]}}],"collection":[{"href":"https:\/\/historiografija.hr\/index.php?rest_route=\/wp\/v2\/posts"}],"about":[{"href":"https:\/\/historiografija.hr\/index.php?rest_route=\/wp\/v2\/types\/post"}],"author":[{"embeddable":true,"href":"https:\/\/historiografija.hr\/index.php?rest_route=\/wp\/v2\/users\/2"}],"replies":[{"embeddable":true,"href":"https:\/\/historiografija.hr\/index.php?rest_route=%2Fwp%2Fv2%2Fcomments&post=32606"}],"version-history":[{"count":2,"href":"https:\/\/historiografija.hr\/index.php?rest_route=\/wp\/v2\/posts\/32606\/revisions"}],"predecessor-version":[{"id":32609,"href":"https:\/\/historiografija.hr\/index.php?rest_route=\/wp\/v2\/posts\/32606\/revisions\/32609"}],"wp:featuredmedia":[{"embeddable":true,"href":"https:\/\/historiografija.hr\/index.php?rest_route=\/wp\/v2\/media\/32607"}],"wp:attachment":[{"href":"https:\/\/historiografija.hr\/index.php?rest_route=%2Fwp%2Fv2%2Fmedia&parent=32606"}],"wp:term":[{"taxonomy":"category","embeddable":true,"href":"https:\/\/historiografija.hr\/index.php?rest_route=%2Fwp%2Fv2%2Fcategories&post=32606"},{"taxonomy":"post_tag","embeddable":true,"href":"https:\/\/historiografija.hr\/index.php?rest_route=%2Fwp%2Fv2%2Ftags&post=32606"}],"curies":[{"name":"wp","href":"https:\/\/api.w.org\/{rel}","templated":true}]}}