{"id":32591,"date":"2022-09-09T16:05:02","date_gmt":"2022-09-09T16:05:02","guid":{"rendered":"http:\/\/historiografija.hr\/?p=32591"},"modified":"2022-09-09T16:05:02","modified_gmt":"2022-09-09T16:05:02","slug":"symposium-memory-culture-in-flux-from-post-yugoslavia-to-conceptual-problems-ff-and-zrc-sazu-ljubljana","status":"publish","type":"post","link":"https:\/\/historiografija.hr\/?p=32591","title":{"rendered":"Symposium &#8220;Memory Culture in Flux: from Post-Yugoslavia to Conceptual Problems&#8221; (FF and ZRC SAZU, Ljubljana)"},"content":{"rendered":"\n<p>On 15 and 16 September, a two-day symposium &#8220;Memory Culture in&nbsp; Flux: from Post-Yugoslavia to Conceptual Problems&#8221; will take place. The symposium is organised by Gal Kirn and Ana Hofman, in collaboration with Swedish partners from Sodertorn University. The event is funded by the research projects &#8220;Protests, Artistic Practices and Memory Culture in the Post-Yugoslav Context&#8221; (ARRS J6-3144) and &#8220;Distrusting Monuments. Art and War in the Former Yugoslavia&#8221; (21-PR2-0015).<\/p>\n\n\n\n<p>See the brochure for the detailed program, abstracts and biographies of the participants.<\/p>\n\n\n\n<p><a href=\"https:\/\/www.ff.uni-lj.si\/en\/protests-art-practices-and-culture-memory-post-yugoslav-context\">https:\/\/www.ff.uni-lj.si\/en\/protests-art-practices-and-culture-memory-post-yugoslav-context<\/a><\/p>\n\n\n\n<p><a href=\"https:\/\/ikss.zrc-sazu.si\/en\/dogodki\/memory-culture-in-flux-from-post-yugoslavia-to-conceptual-problems\">https:\/\/ikss.zrc-sazu.si\/en\/dogodki\/memory-culture-in-flux-from-post-yugoslavia-to-conceptual-problems<\/a><\/p>\n\n\n\n<p><a href=\"https:\/\/www.facebook.com\/events\/3350761221866644\">https:\/\/www.facebook.com\/events\/3350761221866644<\/a><\/p>\n\n\n\n<hr class=\"wp-block-separator\"\/>\n","protected":false},"excerpt":{"rendered":"","protected":false},"author":2,"featured_media":32592,"comment_status":"open","ping_status":"open","sticky":false,"template":"","format":"standard","meta":{"_acf_changed":false,"_jetpack_newsletter_access":"","_jetpack_dont_email_post_to_subs":false,"_jetpack_newsletter_tier_id":0,"_jetpack_memberships_contains_paywalled_content":false,"_jetpack_memberships_contains_paid_content":false,"footnotes":"","jetpack_publicize_message":"","jetpack_publicize_feature_enabled":true,"jetpack_social_post_already_shared":true,"jetpack_social_options":{"image_generator_settings":{"template":"highway","default_image_id":0,"font":"","enabled":false},"version":2},"jetpack_post_was_ever_published":false},"categories":[3,9],"tags":[],"class_list":["post-32591","post","type-post","status-publish","format-standard","has-post-thumbnail","hentry","category-novosti","category-skupovi"],"acf":{"facebook_opis":""},"jetpack_publicize_connections":[],"jetpack_featured_media_url":"https:\/\/i0.wp.com\/historiografija.hr\/wp-content\/uploads\/2022\/09\/Memory.jpg?fit=1278%2C918&ssl=1","jetpack_sharing_enabled":true,"jetpack-related-posts":[{"id":52580,"url":"https:\/\/historiografija.hr\/?p=52580","url_meta":{"origin":32591,"position":0},"title":"Conference &#8220;Living in the aftermaths: Trauma, politics and survival in Yugoslavia and successor states, 1945 \u2013 present&#8221;","author":"Branimir Jankovi\u0107","date":"21. travnja 2026.","format":false,"excerpt":"The conference aims to explore how war-related psychological distress was experienced, narrated, debated and reframed in Yugoslavia in the second half of the twentieth century. It asks how the theme of wounded psyche and wartime suffering was addressed and acknowledged in political, psychiatric and broader cultural discourses of socialist Yugoslavia,\u2026","rel":"","context":"U &quot;Novosti&quot;","block_context":{"text":"Novosti","link":"https:\/\/historiografija.hr\/?cat=3"},"img":{"alt_text":"","src":"https:\/\/i0.wp.com\/historiografija.hr\/wp-content\/uploads\/2026\/04\/Battle_of_Neretva_Picasso_poster-Conference-Living-in-the-aftermaths.webp?fit=564%2C954&ssl=1&resize=350%2C200","width":350,"height":200,"srcset":"https:\/\/i0.wp.com\/historiografija.hr\/wp-content\/uploads\/2026\/04\/Battle_of_Neretva_Picasso_poster-Conference-Living-in-the-aftermaths.webp?fit=564%2C954&ssl=1&resize=350%2C200 1x, https:\/\/i0.wp.com\/historiografija.hr\/wp-content\/uploads\/2026\/04\/Battle_of_Neretva_Picasso_poster-Conference-Living-in-the-aftermaths.webp?fit=564%2C954&ssl=1&resize=525%2C300 1.5x"},"classes":[]},{"id":54121,"url":"https:\/\/historiografija.hr\/?p=54121","url_meta":{"origin":32591,"position":1},"title":"ZGODOVINA NA \u0160PICI: YUGOSLAVIA AND CAMBODIA: ENTANGLED HISTORIES OF NON-ALIGNMENT","author":"Branimir Jankovi\u0107","date":"16. lipnja 2026.","format":false,"excerpt":"You are kindly invited to a new lecture in the History on the Edge series, which will take place on Wednesday, June 17, 2026, at the INZ premises or via the ZOOM link: https:\/\/us06web.zoom.us\/j\/85093074535?pwd=chFdSCgScVg8fw1djh3bVz8h9gqWtm.1 . In the new season, lectures will take place at 3 p.m. and if you will\u2026","rel":"","context":"U &quot;Novosti&quot;","block_context":{"text":"Novosti","link":"https:\/\/historiografija.hr\/?cat=3"},"img":{"alt_text":"","src":"https:\/\/i0.wp.com\/historiografija.hr\/wp-content\/uploads\/2026\/06\/ZNS_predavanje.jpg?fit=1086%2C567&ssl=1&resize=350%2C200","width":350,"height":200,"srcset":"https:\/\/i0.wp.com\/historiografija.hr\/wp-content\/uploads\/2026\/06\/ZNS_predavanje.jpg?fit=1086%2C567&ssl=1&resize=350%2C200 1x, https:\/\/i0.wp.com\/historiografija.hr\/wp-content\/uploads\/2026\/06\/ZNS_predavanje.jpg?fit=1086%2C567&ssl=1&resize=525%2C300 1.5x, https:\/\/i0.wp.com\/historiografija.hr\/wp-content\/uploads\/2026\/06\/ZNS_predavanje.jpg?fit=1086%2C567&ssl=1&resize=700%2C400 2x, https:\/\/i0.wp.com\/historiografija.hr\/wp-content\/uploads\/2026\/06\/ZNS_predavanje.jpg?fit=1086%2C567&ssl=1&resize=1050%2C600 3x"},"classes":[]},{"id":52516,"url":"https:\/\/historiografija.hr\/?p=52516","url_meta":{"origin":32591,"position":2},"title":"Marko Grde\u0161i\u0107, Mislav \u017ditko, \u201eSocialist Economics in Yugoslavia: A Critical History\u201c","author":"Branimir Jankovi\u0107","date":"17. travnja 2026.","format":false,"excerpt":"This book presents a critical history of Yugoslav socialist economics, from its inception in the late 1940s to its dissolution in the late 1980s. After the dramatic break with the Soviet Union in 1948, Yugoslavia found itself in urgent need of a third way: A socialist trajectory which would not\u2026","rel":"","context":"U &quot;Knjige&quot;","block_context":{"text":"Knjige","link":"https:\/\/historiografija.hr\/?cat=8"},"img":{"alt_text":"","src":"https:\/\/i0.wp.com\/historiografija.hr\/wp-content\/uploads\/2026\/04\/Zitko_Grdesic.jpg?fit=350%2C535&ssl=1&resize=350%2C200","width":350,"height":200},"classes":[]},{"id":39844,"url":"https:\/\/historiografija.hr\/?p=39844","url_meta":{"origin":32591,"position":3},"title":"Tanja Petrovi\u0107, \u201cUtopia of the Uniform: Affective Afterlives of the Yugoslav People&#8217;s Army\u201c","author":"Branimir Jankovi\u0107","date":"27. velja\u010de 2024.","format":false,"excerpt":"The compulsory service for young men in the Yugoslav People\u2019s Army (JNA) created bonds across ethnic, religious, and social lines. These bonds persisted even after the horrific violence of the 1990s, in which many of these men found themselves on opposite sides of the front lines. In Utopia of the\u2026","rel":"","context":"U &quot;Knjige&quot;","block_context":{"text":"Knjige","link":"https:\/\/historiografija.hr\/?cat=8"},"img":{"alt_text":"","src":"https:\/\/i0.wp.com\/historiografija.hr\/wp-content\/uploads\/2024\/02\/petrovic-tanja-utopia-of-the-uniform.jpg?fit=450%2C675&ssl=1&resize=350%2C200","width":350,"height":200},"classes":[]},{"id":54962,"url":"https:\/\/historiografija.hr\/?p=54962","url_meta":{"origin":32591,"position":4},"title":"Branka Bogdan, &#8220;The New Yugoslav Woman: Reproductive Regulation in Socialist Yugoslavia&#8221;","author":"Branimir Jankovi\u0107","date":"13. kolovoza 2026.","format":false,"excerpt":"From 1945 to 1989, the Yugoslav state connected its claims of progressive politics and gender equality to its support of free healthcare, sex education and contraception, and laws that supported reproductive choice. Yugoslav men and women internalized these messages, proclaiming their homeland's superior care for its citizens in comparison to\u2026","rel":"","context":"U &quot;Knjige&quot;","block_context":{"text":"Knjige","link":"https:\/\/historiografija.hr\/?cat=8"},"img":{"alt_text":"","src":"https:\/\/i0.wp.com\/historiografija.hr\/wp-content\/uploads\/2026\/08\/Bogdan.jpg?fit=596%2C477&ssl=1&resize=350%2C200","width":350,"height":200,"srcset":"https:\/\/i0.wp.com\/historiografija.hr\/wp-content\/uploads\/2026\/08\/Bogdan.jpg?fit=596%2C477&ssl=1&resize=350%2C200 1x, https:\/\/i0.wp.com\/historiografija.hr\/wp-content\/uploads\/2026\/08\/Bogdan.jpg?fit=596%2C477&ssl=1&resize=525%2C300 1.5x"},"classes":[]},{"id":54337,"url":"https:\/\/historiografija.hr\/?p=54337","url_meta":{"origin":32591,"position":5},"title":"Online-Lecture by Sophie Momzikoff: The Yugoslav Crisis and the Russian Place in the New European Architecture","author":"Branimir Jankovi\u0107","date":"26. lipnja 2026.","format":false,"excerpt":"01.07.2026 16:00 Uhr The aim of this presentation is to show how the Yugoslav crisis served as a test for Russia\u2019s place in the post-Cold War European order. Indeed, the wars in the former Yugoslavia began just as the Russian Federation was establishing strong ties with the West. When Yugoslavia\u2026","rel":"","context":"U &quot;Novosti&quot;","block_context":{"text":"Novosti","link":"https:\/\/historiografija.hr\/?cat=3"},"img":{"alt_text":"","src":"https:\/\/i0.wp.com\/historiografija.hr\/wp-content\/uploads\/2026\/06\/photo_sophie_momzikoff.jpeg?fit=300%2C300&ssl=1&resize=350%2C200","width":350,"height":200},"classes":[]}],"_links":{"self":[{"href":"https:\/\/historiografija.hr\/index.php?rest_route=\/wp\/v2\/posts\/32591","targetHints":{"allow":["GET"]}}],"collection":[{"href":"https:\/\/historiografija.hr\/index.php?rest_route=\/wp\/v2\/posts"}],"about":[{"href":"https:\/\/historiografija.hr\/index.php?rest_route=\/wp\/v2\/types\/post"}],"author":[{"embeddable":true,"href":"https:\/\/historiografija.hr\/index.php?rest_route=\/wp\/v2\/users\/2"}],"replies":[{"embeddable":true,"href":"https:\/\/historiografija.hr\/index.php?rest_route=%2Fwp%2Fv2%2Fcomments&post=32591"}],"version-history":[{"count":1,"href":"https:\/\/historiografija.hr\/index.php?rest_route=\/wp\/v2\/posts\/32591\/revisions"}],"predecessor-version":[{"id":32593,"href":"https:\/\/historiografija.hr\/index.php?rest_route=\/wp\/v2\/posts\/32591\/revisions\/32593"}],"wp:featuredmedia":[{"embeddable":true,"href":"https:\/\/historiografija.hr\/index.php?rest_route=\/wp\/v2\/media\/32592"}],"wp:attachment":[{"href":"https:\/\/historiografija.hr\/index.php?rest_route=%2Fwp%2Fv2%2Fmedia&parent=32591"}],"wp:term":[{"taxonomy":"category","embeddable":true,"href":"https:\/\/historiografija.hr\/index.php?rest_route=%2Fwp%2Fv2%2Fcategories&post=32591"},{"taxonomy":"post_tag","embeddable":true,"href":"https:\/\/historiografija.hr\/index.php?rest_route=%2Fwp%2Fv2%2Ftags&post=32591"}],"curies":[{"name":"wp","href":"https:\/\/api.w.org\/{rel}","templated":true}]}}