{"id":32573,"date":"2022-09-08T21:12:52","date_gmt":"2022-09-08T21:12:52","guid":{"rendered":"http:\/\/historiografija.hr\/?p=32573"},"modified":"2022-09-08T21:12:52","modified_gmt":"2022-09-08T21:12:52","slug":"online-workshop-emotions-and-holocaust-studies","status":"publish","type":"post","link":"https:\/\/historiografija.hr\/?p=32573","title":{"rendered":"Online Workshop &#8220;Emotions and Holocaust Studies&#8221;"},"content":{"rendered":"\n<p>An Online Workshop: Emotions and Holocaust Studies<\/p>\n\n\n\n<p>September 13th and 14th, 2022<\/p>\n\n\n\n<p>REGISTER on Zoom:<\/p>\n\n\n\n<p><a href=\"https:\/\/psu.zoom.us\/meeting\/register\/tJ0sd-mhqjgvEtYI4agZYF79FosW_pSY4dKK\">https:\/\/psu.zoom.us\/meeting\/register\/tJ0sd-mhqjgvEtYI4agZYF79FosW_pSY4dKK<\/a><\/p>\n\n\n\n<hr class=\"wp-block-separator\"\/>\n\n\n\n<p>Concept and Organization: Stefanie Fischer and Kobi Kabalek in collaboration with the Buber-Resenzweig Institute (Goethe University Frankfurt), Center for the Study of Antisemitism (Technical University, Berlin), Fritz Bauer Institute (Goethe University Frankfurt), and Penn State University.<\/p>\n\n\n\n<hr class=\"wp-block-separator\"\/>\n\n\n\n<p><strong>Programm<\/strong><\/p>\n\n\n\n<p>Tuesday &#8211; September 13th, 2022<br>13:30 CET<br>Introductory Remarks<br>Stefanie Fischer (Goethe University Frankfurt \/ Technical University Berlin), Christian Wiese (Goethe University Frankfurt), Veronika Duma (Goethe University Frankfurt), Kobi Kabalek (Penn State University)<\/p>\n\n\n\n<p>13:45 \u2013 14:55<br>First Encounters: Disbelief and Disgust<br>Chair: Mark Roseman (Indiana University)<br>Jeff Koerber (Chapman University): \u201cGrodno, Soviet Belarus, 22 June 1941: Shock and Disbelief in Response to the German Invasion\u201d<br>Mark Celinscak (University of Nebraska at Omaha): \u201cRight Off the Emotional Scale: Anger and Disgust in Liberators\u2019 Accounts\u201d<\/p>\n\n\n\n<p>15:05 \u2013 16:15<br>Writing Emotions<br>Chair: Amos Goldberg (Hebrew University)<br>Amy Simon (Michigan State University): \u201cThe Deepening Darkness: Emotions in Yiddish Holocaust Diaries\u201d<br>Sara Ann Sewell (Virginia Wesleyan University): \u201cScreams: Embodied Affective Expressions in Holocaust Soundscapes\u201d<\/p>\n\n\n\n<p>16:30 \u2013 18:00<br>Intimacy and Love<br>Chair: Kerry Wallach (Gettysburg College)<br>Judd Robin (Ohio State University): \u201c\u2018Pushing Away the Memories\u2019: Remembrances of Love and Grief in the Postwar Homes of Holocaust Survivor\/Allied Veteran Families\u201d<br>Paul O&#8217;Shea (University of Leicester): \u201cFriendships as \u2018Spaces\u2019 of Emotional Refuge in the Mauthausen Concentration Camp\u201d<br>Lisa Peschel (University of York): \u201cPositive Emotion and Memories of Theatre in the Terez\u00edn Ghetto\u201d<\/p>\n\n\n\n<p>18:10 \u2013 19:20<br>Arousing Empathy in Testimony<br>Chair: Esra \u00d6zy\u00fcrek (University of Cambridge)<br>Rebekah Slodounik (Bucknell University): \u201cThe Cultivation of Empathy in the Holocaust Diaries of Anne Frank and Renia Spiegel\u201d<br>Rachel Perry (Haifa University) and Ella Falldorf (Jena University): \u201cEmpathic Unsettlement in Art from the Holocaust?\u201d<\/p>\n\n\n\n<p>Wednesday, September 14th, 2022<\/p>\n\n\n\n<p>13:50 Welcome<\/p>\n\n\n\n<p>14:00-15:10<br>Spaces and Places of Emotion<br>Chair: Uffa Jensen (Technical University Berlin)<br>Therkel Str\u00e6de (University of Southern Denmark): \u201cPlaces of Fear in the Theresienstadt Ghetto\u201d<br>Tim Cole (University of Bristol) and Alberto Giordano (Texas State University): \u201cEmotional Geographies of the Holocaust: Methods and Representations\u201d<\/p>\n\n\n\n<p>15:20-16:30<br>Escaping Hitler<br>Chair: Irit Dekel (Indiana University)<br>Charlie Knight (University of Southampton): \u201c\u2018Please will you tell me [\u2026] Why is she not writing?: Concern for loved ones in the epistolary practices of German-Jewish refugees\u201d<br>Hannah Holtschneider (University of Edinburgh): \u201cEntrusting one\u2019s child to the care of others: emotions in the correspondence between a German Jewish family and Scottish couple 1939-1940\u201d<\/p>\n\n\n\n<p>16:50 \u2013 18:00<br>Dealing with Guilt<br>Chair: Anna M. Parkinson (Northwestern University)<br>Carolin Lange (Institute for the History of German Jews): \u201cAfter They Left \u2013 The Feelings of Germans Living in Deported Jews\u2019 Homes\u201d<br>Greta \u0160tikelyt\u0117 (Institute of Lithuanian Literature and Folklore): \u201cA Double-Perspective Approach to Shame and Guilt in Third-Generation Holocaust Perpetratorship Memory Narratives\u201d<\/p>\n\n\n\n<p>18:10-19:20<br>Fear and Remorse in Postwar Poland<br>Chair: Zuzanna Dziuban (Austrian Academy of Sciences, Vienna)<br>Yechiel Weizman (Bar-Ilan University): \u201cRemorse, Embarrassment, and Materiality after the Holocaust\u201d<br>Anat Plocker (Stanford University): \u201cMemory Wars and Fear of Jews: Poland 1968\u201d<\/p>\n\n\n\n<p>19:25<br>FINAL DISCUSSION: The Emotions of Holocaust Scholars<br>Chair: Atina Grossmann (Cooper Union)<br>Veronika Duma (Goethe University Frankfurt), Axel Do\u00dfmann (Jena University), and Stefanie Fischer (Goethe University Frankfurt \/ Technical University Berlin)<\/p>\n\n\n\n<hr class=\"wp-block-separator\"\/>\n\n\n\n<p>Emotions and Holocaust Studies. In: H-Soz-Kult, 05.09.2022, <a href=\"http:\/\/www.hsozkult.de\/event\/id\/event-129461\">&lt;www.hsozkult.de\/event\/id\/event-129461><\/a>.<\/p>\n\n\n\n<hr class=\"wp-block-separator\"\/>\n","protected":false},"excerpt":{"rendered":"","protected":false},"author":2,"featured_media":6331,"comment_status":"open","ping_status":"open","sticky":false,"template":"","format":"standard","meta":{"_acf_changed":false,"_jetpack_newsletter_access":"","_jetpack_dont_email_post_to_subs":false,"_jetpack_newsletter_tier_id":0,"_jetpack_memberships_contains_paywalled_content":false,"_jetpack_memberships_contains_paid_content":false,"footnotes":"","jetpack_publicize_message":"","jetpack_publicize_feature_enabled":true,"jetpack_social_post_already_shared":true,"jetpack_social_options":{"image_generator_settings":{"template":"highway","default_image_id":0,"font":"","enabled":false},"version":2},"jetpack_post_was_ever_published":false},"categories":[3,9],"tags":[],"class_list":["post-32573","post","type-post","status-publish","format-standard","has-post-thumbnail","hentry","category-novosti","category-skupovi"],"acf":{"facebook_opis":""},"jetpack_publicize_connections":[],"jetpack_featured_media_url":"https:\/\/i0.wp.com\/historiografija.hr\/wp-content\/uploads\/2017\/10\/hsozkult.png?fit=1006%2C241&ssl=1","jetpack_sharing_enabled":true,"jetpack-related-posts":[{"id":54487,"url":"https:\/\/historiografija.hr\/?p=54487","url_meta":{"origin":32573,"position":0},"title":"Workshop &#8220;Experts in Transition: Political Epistemologies of 1980s\u20132000s East Central Europe&#8221;","author":"Branimir Jankovi\u0107","date":"7. srpnja 2026.","format":false,"excerpt":"On July 9\u201310, 2026, the Institute of Contemporary History in Ljubljana will host the international workshop: Experts in Transition: Political Epistemologies of 1980s\u20132000s East Central Europe The workshop is open to the public and to interested scholars. If you are planning to participate, please write to Adela H\u00eencu \u2013 adela.hincu@inz.si\u2026","rel":"","context":"U &quot;Novosti&quot;","block_context":{"text":"Novosti","link":"https:\/\/historiografija.hr\/?cat=3"},"img":{"alt_text":"","src":"https:\/\/i0.wp.com\/historiografija.hr\/wp-content\/uploads\/2026\/07\/01-INZ-logo-21-RGB-SLO_RGB.png?fit=685%2C291&ssl=1&resize=350%2C200","width":350,"height":200,"srcset":"https:\/\/i0.wp.com\/historiografija.hr\/wp-content\/uploads\/2026\/07\/01-INZ-logo-21-RGB-SLO_RGB.png?fit=685%2C291&ssl=1&resize=350%2C200 1x, https:\/\/i0.wp.com\/historiografija.hr\/wp-content\/uploads\/2026\/07\/01-INZ-logo-21-RGB-SLO_RGB.png?fit=685%2C291&ssl=1&resize=525%2C300 1.5x"},"classes":[]},{"id":55072,"url":"https:\/\/historiografija.hr\/?p=55072","url_meta":{"origin":32573,"position":1},"title":"Victoria Khiterer, \u201eBitter War of Memory: The Babyn Yar Massacre, Aftermath, and Commemoration\u201c","author":"Branimir Jankovi\u0107","date":"25. kolovoza 2026.","format":false,"excerpt":"Bitter War of Memory: The Babyn Yar Massacre, Aftermath, and Commemoration\u00a0discusses the Holocaust in Kyiv and the efforts to memorialize the Babyn Yar massacre. Babyn Yar is one of the largest Holocaust sites in the Soviet Union and modern Ukraine, where the Nazis and their collaborators killed virtually all the\u2026","rel":"","context":"U &quot;Knjige&quot;","block_context":{"text":"Knjige","link":"https:\/\/historiografija.hr\/?cat=8"},"img":{"alt_text":"","src":"https:\/\/i0.wp.com\/historiografija.hr\/wp-content\/uploads\/2026\/08\/Bitter-War-of-Memory-2.jpg?fit=596%2C466&ssl=1&resize=350%2C200","width":350,"height":200,"srcset":"https:\/\/i0.wp.com\/historiografija.hr\/wp-content\/uploads\/2026\/08\/Bitter-War-of-Memory-2.jpg?fit=596%2C466&ssl=1&resize=350%2C200 1x, https:\/\/i0.wp.com\/historiografija.hr\/wp-content\/uploads\/2026\/08\/Bitter-War-of-Memory-2.jpg?fit=596%2C466&ssl=1&resize=525%2C300 1.5x"},"classes":[]},{"id":52625,"url":"https:\/\/historiografija.hr\/?p=52625","url_meta":{"origin":32573,"position":2},"title":"Omer Bartov, \u201eIsrael: What Went Wrong?\u201c","author":"Branimir Jankovi\u0107","date":"23. travnja 2026.","format":false,"excerpt":"Professor Omer Bartov was born on a kibbutz, grew up in Tel Aviv and served in the Israel Defence Forces during the Yom Kippur War. He went on to become an expert on the German army and the Holocaust, before turning his attention to his native country.In Israel: What Went\u2026","rel":"","context":"U &quot;Knjige&quot;","block_context":{"text":"Knjige","link":"https:\/\/historiografija.hr\/?cat=8"},"img":{"alt_text":"","src":"https:\/\/i0.wp.com\/historiografija.hr\/wp-content\/uploads\/2026\/04\/Bartov.jpeg?fit=320%2C500&ssl=1&resize=350%2C200","width":350,"height":200},"classes":[]},{"id":52677,"url":"https:\/\/historiografija.hr\/?p=52677","url_meta":{"origin":32573,"position":3},"title":"CfP: NAVIGATING THE PAST, FACING THE PRESENT: CHALLENGES AND OPPORTUNITIES IN RE-PRESENTING CONFLICTS AND VIOLENCE IN MEMORY AND EDUCATION INSTITUTIONS, WARSAW, 22ND\u201324TH OCTOBER 2026 (DEADLINE: 30TH APRIL 2026)","author":"Branimir Jankovi\u0107","date":"27. travnja 2026.","format":false,"excerpt":"The conference and graduate workshop (October 22-24, 2026, Warsaw) addresses the representation of history in public and institutional contexts, with a focus beyond the often-studied field of \u201cmemory culture\u201d. Rather than emphasizing the politicization of memory and cultural institutions, the discussion shifts toward new methods, media, and challenges in historical\u2026","rel":"","context":"U &quot;Novosti&quot;","block_context":{"text":"Novosti","link":"https:\/\/historiografija.hr\/?cat=3"},"img":{"alt_text":"","src":"https:\/\/i0.wp.com\/historiografija.hr\/wp-content\/uploads\/2017\/10\/hsozkult.png?fit=1006%2C241&ssl=1&resize=350%2C200","width":350,"height":200,"srcset":"https:\/\/i0.wp.com\/historiografija.hr\/wp-content\/uploads\/2017\/10\/hsozkult.png?fit=1006%2C241&ssl=1&resize=350%2C200 1x, https:\/\/i0.wp.com\/historiografija.hr\/wp-content\/uploads\/2017\/10\/hsozkult.png?fit=1006%2C241&ssl=1&resize=525%2C300 1.5x, https:\/\/i0.wp.com\/historiografija.hr\/wp-content\/uploads\/2017\/10\/hsozkult.png?fit=1006%2C241&ssl=1&resize=700%2C400 2x"},"classes":[]},{"id":51481,"url":"https:\/\/historiografija.hr\/?p=51481","url_meta":{"origin":32573,"position":4},"title":"CfP: New Approaches to the Study of the ICTY Archives","author":"Branimir Jankovi\u0107","date":"13. velja\u010de 2026.","format":false,"excerpt":"In April 2008, the International Criminal Tribunal for the former Yugoslavia (ICTY) launched its online Court Records Database, making documents from Tribunal proceedings broadly accessible for research and teaching. Early expectations were high: the evidentiary record introduced at trial was hoped to help future generations \"understand the region's history and\u2026","rel":"","context":"U &quot;Novosti&quot;","block_context":{"text":"Novosti","link":"https:\/\/historiografija.hr\/?cat=3"},"img":{"alt_text":"","src":"https:\/\/i0.wp.com\/historiografija.hr\/wp-content\/uploads\/2026\/02\/Icty.jpg?fit=550%2C367&ssl=1&resize=350%2C200","width":350,"height":200,"srcset":"https:\/\/i0.wp.com\/historiografija.hr\/wp-content\/uploads\/2026\/02\/Icty.jpg?fit=550%2C367&ssl=1&resize=350%2C200 1x, https:\/\/i0.wp.com\/historiografija.hr\/wp-content\/uploads\/2026\/02\/Icty.jpg?fit=550%2C367&ssl=1&resize=525%2C300 1.5x"},"classes":[]},{"id":54420,"url":"https:\/\/historiografija.hr\/?p=54420","url_meta":{"origin":32573,"position":5},"title":"Anna H\u00e1jkov\u00e1, &#8220;Das letzte Ghetto. Eine Alltagsgeschichte von Theresienstadt&#8221;","author":"Branimir Jankovi\u0107","date":"2. srpnja 2026.","format":false,"excerpt":"W\u00e4hrend des Holocaust bildete sich in der H\u00e4ftlingsgesellschaft von Theresienstadt eine eigene soziale Hierarchie heraus. Dabei entschieden kleine Unterschiede zwischen den H\u00e4ftlingen \u2013 ihr Alter, ihre Herkunft oder ihre fr\u00fchere Arbeit \u2013 \u00fcber Leben und Tod. In den dreieinhalb Jahren des Bestehens des Lagers schufen die H\u00e4ftlinge ihre eigene Kultur\u2026","rel":"","context":"U &quot;Knjige&quot;","block_context":{"text":"Knjige","link":"https:\/\/historiografija.hr\/?cat=8"},"img":{"alt_text":"","src":"https:\/\/i0.wp.com\/historiografija.hr\/wp-content\/uploads\/2026\/07\/A_Hajkova.jpg?fit=789%2C685&ssl=1&resize=350%2C200","width":350,"height":200,"srcset":"https:\/\/i0.wp.com\/historiografija.hr\/wp-content\/uploads\/2026\/07\/A_Hajkova.jpg?fit=789%2C685&ssl=1&resize=350%2C200 1x, https:\/\/i0.wp.com\/historiografija.hr\/wp-content\/uploads\/2026\/07\/A_Hajkova.jpg?fit=789%2C685&ssl=1&resize=525%2C300 1.5x, https:\/\/i0.wp.com\/historiografija.hr\/wp-content\/uploads\/2026\/07\/A_Hajkova.jpg?fit=789%2C685&ssl=1&resize=700%2C400 2x"},"classes":[]}],"_links":{"self":[{"href":"https:\/\/historiografija.hr\/index.php?rest_route=\/wp\/v2\/posts\/32573","targetHints":{"allow":["GET"]}}],"collection":[{"href":"https:\/\/historiografija.hr\/index.php?rest_route=\/wp\/v2\/posts"}],"about":[{"href":"https:\/\/historiografija.hr\/index.php?rest_route=\/wp\/v2\/types\/post"}],"author":[{"embeddable":true,"href":"https:\/\/historiografija.hr\/index.php?rest_route=\/wp\/v2\/users\/2"}],"replies":[{"embeddable":true,"href":"https:\/\/historiografija.hr\/index.php?rest_route=%2Fwp%2Fv2%2Fcomments&post=32573"}],"version-history":[{"count":1,"href":"https:\/\/historiografija.hr\/index.php?rest_route=\/wp\/v2\/posts\/32573\/revisions"}],"predecessor-version":[{"id":32574,"href":"https:\/\/historiografija.hr\/index.php?rest_route=\/wp\/v2\/posts\/32573\/revisions\/32574"}],"wp:featuredmedia":[{"embeddable":true,"href":"https:\/\/historiografija.hr\/index.php?rest_route=\/wp\/v2\/media\/6331"}],"wp:attachment":[{"href":"https:\/\/historiografija.hr\/index.php?rest_route=%2Fwp%2Fv2%2Fmedia&parent=32573"}],"wp:term":[{"taxonomy":"category","embeddable":true,"href":"https:\/\/historiografija.hr\/index.php?rest_route=%2Fwp%2Fv2%2Fcategories&post=32573"},{"taxonomy":"post_tag","embeddable":true,"href":"https:\/\/historiografija.hr\/index.php?rest_route=%2Fwp%2Fv2%2Ftags&post=32573"}],"curies":[{"name":"wp","href":"https:\/\/api.w.org\/{rel}","templated":true}]}}