{"id":32570,"date":"2022-09-08T21:02:05","date_gmt":"2022-09-08T21:02:05","guid":{"rendered":"http:\/\/historiografija.hr\/?p=32570"},"modified":"2022-09-08T21:02:05","modified_gmt":"2022-09-08T21:02:05","slug":"present-pasts-historical-narratives-holocaust-memory-and-antisemitic-discourse-in-the-balkans","status":"publish","type":"post","link":"https:\/\/historiografija.hr\/?p=32570","title":{"rendered":"Present pasts: Historical narratives, Holocaust memory and antisemitic discourse in the Balkans"},"content":{"rendered":"\n<p>U Centru za studije holokausta i manjina u Oslu \u0107e 9. septembra 2022. biti odr\u017eana konferencija &#8220;Present pasts: Historical narratives, Holocaust memory and antisemitic discourse in the Balkans\u201c na kojoj \u0107e se diskutirati o uticaju historijskih narativa, sje\u0107anja na Holokaust i o antisemitskom diskursu na Balkanu danas. Kako su historijski narativi o Jevrejima i o Holokaustu na Balkanu isprepleteni sa gra\u0111enjem nacije, ideologijom i globalnim trendovima danas? Kakvi su efekti ratova 1990-ih i koji su procesi potakli nove talase antisemitizma?<\/p>\n\n\n\n<hr class=\"wp-block-separator\"\/>\n\n\n\n<p>Program i dodatne obavijesti:<\/p>\n\n\n\n<p><a href=\"https:\/\/www.hlsenteret.no\/aktuelt\/arrangementer\/2022\/present-pasts-historical-narratives-holocaust-memo\/present-pasts\">https:\/\/www.hlsenteret.no\/aktuelt\/arrangementer\/2022\/present-pasts-historical-narratives-holocaust-memo\/present-pasts<\/a><\/p>\n\n\n\n<hr class=\"wp-block-separator\"\/>\n\n\n\n<p>Izvor:<\/p>\n\n\n\n<p><strong>Historiografija.ba<\/strong><\/p>\n\n\n\n<p>Historijski narativi, sje\u0107anje na holokaust i antisemitski diskurs na Balkanu<\/p>\n\n\n\n<p><a href=\"https:\/\/historiografija.ba\/article.php?id=1388\">https:\/\/historiografija.ba\/article.php?id=1388<\/a><\/p>\n\n\n\n<hr class=\"wp-block-separator\"\/>\n","protected":false},"excerpt":{"rendered":"","protected":false},"author":2,"featured_media":32571,"comment_status":"open","ping_status":"open","sticky":false,"template":"","format":"standard","meta":{"_acf_changed":false,"_jetpack_newsletter_access":"","_jetpack_dont_email_post_to_subs":false,"_jetpack_newsletter_tier_id":0,"_jetpack_memberships_contains_paywalled_content":false,"_jetpack_memberships_contains_paid_content":false,"footnotes":"","jetpack_publicize_message":"","jetpack_publicize_feature_enabled":true,"jetpack_social_post_already_shared":true,"jetpack_social_options":{"image_generator_settings":{"template":"highway","default_image_id":0,"font":"","enabled":false},"version":2},"jetpack_post_was_ever_published":false},"categories":[3,9],"tags":[],"class_list":["post-32570","post","type-post","status-publish","format-standard","has-post-thumbnail","hentry","category-novosti","category-skupovi"],"acf":{"facebook_opis":""},"jetpack_publicize_connections":[],"jetpack_featured_media_url":"https:\/\/i0.wp.com\/historiografija.hr\/wp-content\/uploads\/2022\/09\/antisemittisme-balkan.jpg?fit=1000%2C562&ssl=1","jetpack_sharing_enabled":true,"jetpack-related-posts":[{"id":52677,"url":"https:\/\/historiografija.hr\/?p=52677","url_meta":{"origin":32570,"position":0},"title":"CfP: NAVIGATING THE PAST, FACING THE PRESENT: CHALLENGES AND OPPORTUNITIES IN RE-PRESENTING CONFLICTS AND VIOLENCE IN MEMORY AND EDUCATION INSTITUTIONS, WARSAW, 22ND\u201324TH OCTOBER 2026 (DEADLINE: 30TH APRIL 2026)","author":"Branimir Jankovi\u0107","date":"27. travnja 2026.","format":false,"excerpt":"The conference and graduate workshop (October 22-24, 2026, Warsaw) addresses the representation of history in public and institutional contexts, with a focus beyond the often-studied field of \u201cmemory culture\u201d. Rather than emphasizing the politicization of memory and cultural institutions, the discussion shifts toward new methods, media, and challenges in historical\u2026","rel":"","context":"U &quot;Novosti&quot;","block_context":{"text":"Novosti","link":"https:\/\/historiografija.hr\/?cat=3"},"img":{"alt_text":"","src":"https:\/\/i0.wp.com\/historiografija.hr\/wp-content\/uploads\/2017\/10\/hsozkult.png?fit=1006%2C241&ssl=1&resize=350%2C200","width":350,"height":200,"srcset":"https:\/\/i0.wp.com\/historiografija.hr\/wp-content\/uploads\/2017\/10\/hsozkult.png?fit=1006%2C241&ssl=1&resize=350%2C200 1x, https:\/\/i0.wp.com\/historiografija.hr\/wp-content\/uploads\/2017\/10\/hsozkult.png?fit=1006%2C241&ssl=1&resize=525%2C300 1.5x, https:\/\/i0.wp.com\/historiografija.hr\/wp-content\/uploads\/2017\/10\/hsozkult.png?fit=1006%2C241&ssl=1&resize=700%2C400 2x"},"classes":[]},{"id":53394,"url":"https:\/\/historiografija.hr\/?p=53394","url_meta":{"origin":32570,"position":1},"title":"Enzo Traverso, &#8220;Singular Pasts: The &#8220;I&#8221; in Historiography&#8221;","author":"Branimir Jankovi\u0107","date":"15. svibnja 2026.","format":false,"excerpt":"Translated by Adam Schoene Columbia University Press Pub Date: November 2022 Today, history is increasingly written in the first person. A growing number of historical works include an autobiographical dimension, as if writing about the past required exploring the inner life of the author. Neither traditional history nor autobiography, this\u2026","rel":"","context":"U &quot;Knjige&quot;","block_context":{"text":"Knjige","link":"https:\/\/historiografija.hr\/?cat=8"},"img":{"alt_text":"","src":"https:\/\/historiografija.hr\/wp-content\/uploads\/2026\/05\/Traverso.avif","width":350,"height":200},"classes":[]},{"id":52580,"url":"https:\/\/historiografija.hr\/?p=52580","url_meta":{"origin":32570,"position":2},"title":"Conference &#8220;Living in the aftermaths: Trauma, politics and survival in Yugoslavia and successor states, 1945 \u2013 present&#8221;","author":"Branimir Jankovi\u0107","date":"21. travnja 2026.","format":false,"excerpt":"The conference aims to explore how war-related psychological distress was experienced, narrated, debated and reframed in Yugoslavia in the second half of the twentieth century. It asks how the theme of wounded psyche and wartime suffering was addressed and acknowledged in political, psychiatric and broader cultural discourses of socialist Yugoslavia,\u2026","rel":"","context":"U &quot;Novosti&quot;","block_context":{"text":"Novosti","link":"https:\/\/historiografija.hr\/?cat=3"},"img":{"alt_text":"","src":"https:\/\/i0.wp.com\/historiografija.hr\/wp-content\/uploads\/2026\/04\/Battle_of_Neretva_Picasso_poster-Conference-Living-in-the-aftermaths.webp?fit=564%2C954&ssl=1&resize=350%2C200","width":350,"height":200,"srcset":"https:\/\/i0.wp.com\/historiografija.hr\/wp-content\/uploads\/2026\/04\/Battle_of_Neretva_Picasso_poster-Conference-Living-in-the-aftermaths.webp?fit=564%2C954&ssl=1&resize=350%2C200 1x, https:\/\/i0.wp.com\/historiografija.hr\/wp-content\/uploads\/2026\/04\/Battle_of_Neretva_Picasso_poster-Conference-Living-in-the-aftermaths.webp?fit=564%2C954&ssl=1&resize=525%2C300 1.5x"},"classes":[]},{"id":54840,"url":"https:\/\/historiografija.hr\/?p=54840","url_meta":{"origin":32570,"position":3},"title":"Chiara Bonfiglioli, &#8220;\u017dene i industrija na Balkanu. Uspon i pad tekstilne industrije u Jugoslaviji&#8221;","author":"Branimir Jankovi\u0107","date":"30. srpnja 2026.","format":false,"excerpt":"Knjiga donosi pri\u010du o \u017eenama koje su desetlje\u0107ima \u010dinile okosnicu jedne od najva\u017enijih industrijskih grana socijalisti\u010dke Jugoslavije. Kroz njihove glasove otvara se povijest tekstilne industrije \u2013 od poslijeratne industrijalizacije i \u0161irenja tvornica, koje su mijenjale \u017eivote \u017eena i lokalnih zajednica, do dramati\u010dne deindustrijalizacije, zatvaranja pogona i gubitka stotina tisu\u0107a radnih\u2026","rel":"","context":"U &quot;Knjige&quot;","block_context":{"text":"Knjige","link":"https:\/\/historiografija.hr\/?cat=8"},"img":{"alt_text":"","src":"https:\/\/i0.wp.com\/historiografija.hr\/wp-content\/uploads\/2026\/07\/Zene-i-industrija-na-Balkanu.jpg?fit=1200%2C734&ssl=1&resize=350%2C200","width":350,"height":200,"srcset":"https:\/\/i0.wp.com\/historiografija.hr\/wp-content\/uploads\/2026\/07\/Zene-i-industrija-na-Balkanu.jpg?fit=1200%2C734&ssl=1&resize=350%2C200 1x, https:\/\/i0.wp.com\/historiografija.hr\/wp-content\/uploads\/2026\/07\/Zene-i-industrija-na-Balkanu.jpg?fit=1200%2C734&ssl=1&resize=525%2C300 1.5x, https:\/\/i0.wp.com\/historiografija.hr\/wp-content\/uploads\/2026\/07\/Zene-i-industrija-na-Balkanu.jpg?fit=1200%2C734&ssl=1&resize=700%2C400 2x, https:\/\/i0.wp.com\/historiografija.hr\/wp-content\/uploads\/2026\/07\/Zene-i-industrija-na-Balkanu.jpg?fit=1200%2C734&ssl=1&resize=1050%2C600 3x"},"classes":[]},{"id":49342,"url":"https:\/\/historiografija.hr\/?p=49342","url_meta":{"origin":32570,"position":4},"title":"Predstavljanje znanstvene monografije Zdenka Zlatara \u201dKLJU\u010cEVI BOGATSTVA. DUBROVA\u010cKA KREDITNA TRGOVINA NA BALKANU I PODUNAVLJU (1520. \u2013 1623.)\u201d","author":"Branimir Jankovi\u0107","date":"6. studenoga 2025.","format":false,"excerpt":"Imamo \u010dast i zadovoljstvo pozvati Vas na predstavljanje Znanstvene monografijeKLJU\u010cEVI BOGATSTVA. DUBROVA\u010cKA KREDITNA TRGOVINA NA BALKANU I PODUNAVLJU (1520. \u2013 1623.) autora prof. dr. sc. Zdenka Zlatara O knjizi \u0107e govoriti:dr. sc. Gordan Ravan\u010di\u0107prof. dr. sc. Zdenko Zlatar, autor Predstavljanje \u0107e se odr\u017eati u petak 7. studenoga 2025. u 18:00\u2026","rel":"","context":"U &quot;Novosti&quot;","block_context":{"text":"Novosti","link":"https:\/\/historiografija.hr\/?cat=3"},"img":{"alt_text":"","src":"https:\/\/i0.wp.com\/historiografija.hr\/wp-content\/uploads\/2025\/11\/pozivnica-zlatar-ogrizovic.jpg?fit=600%2C286&ssl=1&resize=350%2C200","width":350,"height":200,"srcset":"https:\/\/i0.wp.com\/historiografija.hr\/wp-content\/uploads\/2025\/11\/pozivnica-zlatar-ogrizovic.jpg?fit=600%2C286&ssl=1&resize=350%2C200 1x, https:\/\/i0.wp.com\/historiografija.hr\/wp-content\/uploads\/2025\/11\/pozivnica-zlatar-ogrizovic.jpg?fit=600%2C286&ssl=1&resize=525%2C300 1.5x"},"classes":[]},{"id":55137,"url":"https:\/\/historiografija.hr\/?p=55137","url_meta":{"origin":32570,"position":5},"title":"\u201eA Byzantine Century: Political, Colonial, and National Uses of Neo-Byzantine Architecture, 1820s\u20131920s\u201c, ur. Adrien Palladino","author":"Filip \u0160imunjak","date":"31. kolovoza 2026.","format":false,"excerpt":"This volume explores what it meant to invoke Byzantium during a century of restless political, cultural, and imperial transformation. From the 1820s to the 1920s, the \u201cNeo-Byzantine\u201d style was more than a matter of architectural taste in an age of eclecticism. It became a language of power and identity, called\u2026","rel":"","context":"U &quot;Knjige&quot;","block_context":{"text":"Knjige","link":"https:\/\/historiografija.hr\/?cat=8"},"img":{"alt_text":"","src":"https:\/\/i0.wp.com\/historiografija.hr\/wp-content\/uploads\/2026\/08\/A-Byzantine-Century.webp?fit=400%2C484&ssl=1&resize=350%2C200","width":350,"height":200},"classes":[]}],"_links":{"self":[{"href":"https:\/\/historiografija.hr\/index.php?rest_route=\/wp\/v2\/posts\/32570","targetHints":{"allow":["GET"]}}],"collection":[{"href":"https:\/\/historiografija.hr\/index.php?rest_route=\/wp\/v2\/posts"}],"about":[{"href":"https:\/\/historiografija.hr\/index.php?rest_route=\/wp\/v2\/types\/post"}],"author":[{"embeddable":true,"href":"https:\/\/historiografija.hr\/index.php?rest_route=\/wp\/v2\/users\/2"}],"replies":[{"embeddable":true,"href":"https:\/\/historiografija.hr\/index.php?rest_route=%2Fwp%2Fv2%2Fcomments&post=32570"}],"version-history":[{"count":1,"href":"https:\/\/historiografija.hr\/index.php?rest_route=\/wp\/v2\/posts\/32570\/revisions"}],"predecessor-version":[{"id":32572,"href":"https:\/\/historiografija.hr\/index.php?rest_route=\/wp\/v2\/posts\/32570\/revisions\/32572"}],"wp:featuredmedia":[{"embeddable":true,"href":"https:\/\/historiografija.hr\/index.php?rest_route=\/wp\/v2\/media\/32571"}],"wp:attachment":[{"href":"https:\/\/historiografija.hr\/index.php?rest_route=%2Fwp%2Fv2%2Fmedia&parent=32570"}],"wp:term":[{"taxonomy":"category","embeddable":true,"href":"https:\/\/historiografija.hr\/index.php?rest_route=%2Fwp%2Fv2%2Fcategories&post=32570"},{"taxonomy":"post_tag","embeddable":true,"href":"https:\/\/historiografija.hr\/index.php?rest_route=%2Fwp%2Fv2%2Ftags&post=32570"}],"curies":[{"name":"wp","href":"https:\/\/api.w.org\/{rel}","templated":true}]}}