{"id":32557,"date":"2022-09-07T20:23:49","date_gmt":"2022-09-07T20:23:49","guid":{"rendered":"http:\/\/historiografija.hr\/?p=32557"},"modified":"2022-09-07T20:23:49","modified_gmt":"2022-09-07T20:23:49","slug":"ivan-vitez-slavonski-plemic-zagrebacki-kanonik-ugarski-primas-promicatelj-humanizma-znanstveni-skup-povodom-550-godisnjice-smrti","status":"publish","type":"post","link":"https:\/\/historiografija.hr\/?p=32557","title":{"rendered":"\u201eIvan Vitez \u2013 slavonski plemi\u0107, zagreba\u010dki kanonik, ugarski primas, promicatelj humanizma. Znanstveni skup povodom 550. godi\u0161njice smrti\u201c"},"content":{"rendered":"\n<p>Znanstveni skup \u0107e se odr\u017eati u Zagrebu, u Vite\u0161koj dvorani Dru\u0161tva &#8220;Bra\u0107a Hrvatskoga Zmaja&#8221;, Kamenita ulica 3, u petak, 16. rujna 2022. godine s po\u010detkom u 9 sati. Izlaganja \u0107e odr\u017eati stru\u010dnjaci iz Hrvatske, Ma\u0111arske i Austrije. Skup se odr\u017eava u organizaciji Hrvatskog instituta za povijest, s pokroviteljstvom Prvostolnog kaptola zagreba\u010dkog.<\/p>\n\n\n\n<p>Pozivnica i program znanstvenog skupa:<\/p>\n\n\n\n<p><a href=\"http:\/\/www.isp.hr\/poziv-16-9-2022-znanstveni-skup-ivan-vitez-slavonski-plemic-povodom-450-godisnjice-smrti\/\">http:\/\/www.isp.hr\/poziv-16-9-2022-znanstveni-skup-ivan-vitez-slavonski-plemic-povodom-450-godisnjice-smrti\/<\/a><\/p>\n\n\n\n<hr class=\"wp-block-separator\"\/>\n","protected":false},"excerpt":{"rendered":"","protected":false},"author":2,"featured_media":32558,"comment_status":"open","ping_status":"open","sticky":false,"template":"","format":"standard","meta":{"_acf_changed":false,"jetpack_post_was_ever_published":false,"_jetpack_newsletter_access":"","_jetpack_dont_email_post_to_subs":false,"_jetpack_newsletter_tier_id":0,"_jetpack_memberships_contains_paywalled_content":false,"_jetpack_memberships_contains_paid_content":false,"footnotes":"","jetpack_publicize_message":"","jetpack_publicize_feature_enabled":true,"jetpack_social_post_already_shared":true,"jetpack_social_options":{"image_generator_settings":{"template":"highway","default_image_id":0,"font":"","enabled":false},"version":2}},"categories":[3,9],"tags":[],"class_list":["post-32557","post","type-post","status-publish","format-standard","has-post-thumbnail","hentry","category-novosti","category-skupovi"],"acf":{"facebook_opis":""},"jetpack_publicize_connections":[],"jetpack_featured_media_url":"https:\/\/i0.wp.com\/historiografija.hr\/wp-content\/uploads\/2022\/09\/Ivan-Vitez-plakat.jpg?fit=591%2C825&ssl=1","jetpack_sharing_enabled":true,"jetpack-related-posts":[],"_links":{"self":[{"href":"https:\/\/historiografija.hr\/index.php?rest_route=\/wp\/v2\/posts\/32557","targetHints":{"allow":["GET"]}}],"collection":[{"href":"https:\/\/historiografija.hr\/index.php?rest_route=\/wp\/v2\/posts"}],"about":[{"href":"https:\/\/historiografija.hr\/index.php?rest_route=\/wp\/v2\/types\/post"}],"author":[{"embeddable":true,"href":"https:\/\/historiografija.hr\/index.php?rest_route=\/wp\/v2\/users\/2"}],"replies":[{"embeddable":true,"href":"https:\/\/historiografija.hr\/index.php?rest_route=%2Fwp%2Fv2%2Fcomments&post=32557"}],"version-history":[{"count":1,"href":"https:\/\/historiografija.hr\/index.php?rest_route=\/wp\/v2\/posts\/32557\/revisions"}],"predecessor-version":[{"id":32559,"href":"https:\/\/historiografija.hr\/index.php?rest_route=\/wp\/v2\/posts\/32557\/revisions\/32559"}],"wp:featuredmedia":[{"embeddable":true,"href":"https:\/\/historiografija.hr\/index.php?rest_route=\/wp\/v2\/media\/32558"}],"wp:attachment":[{"href":"https:\/\/historiografija.hr\/index.php?rest_route=%2Fwp%2Fv2%2Fmedia&parent=32557"}],"wp:term":[{"taxonomy":"category","embeddable":true,"href":"https:\/\/historiografija.hr\/index.php?rest_route=%2Fwp%2Fv2%2Fcategories&post=32557"},{"taxonomy":"post_tag","embeddable":true,"href":"https:\/\/historiografija.hr\/index.php?rest_route=%2Fwp%2Fv2%2Ftags&post=32557"}],"curies":[{"name":"wp","href":"https:\/\/api.w.org\/{rel}","templated":true}]}}