{"id":32554,"date":"2022-09-07T20:13:45","date_gmt":"2022-09-07T20:13:45","guid":{"rendered":"http:\/\/historiografija.hr\/?p=32554"},"modified":"2022-09-07T20:13:45","modified_gmt":"2022-09-07T20:13:45","slug":"na-hks-u-obranjen-prvi-doktorski-rad-na-poslijediplomskom-sveucilisnom-doktorskom-studiju-povijest","status":"publish","type":"post","link":"https:\/\/historiografija.hr\/?p=32554","title":{"rendered":"Na HKS-u obranjen prvi doktorski rad na poslijediplomskom sveu\u010dili\u0161nom (doktorskom) studiju Povijest"},"content":{"rendered":"\n<p>Ante Be\u0107ir, student&nbsp; poslijediplomskog&nbsp; sveu\u010dili\u0161nog (doktorskog)&nbsp; studija <em>Povijest <\/em>obranio je &nbsp;na Hrvatskom katoli\u010dkom sveu\u010dili\u0161tu u utorak 6. rujna 2022. doktorski&nbsp; rad \u201ePlemstvo&nbsp; kasnosrednjovjekovnoga&nbsp; Trogira: politi\u010dka zajednica, frakcije i dinamika konflikta\u201c (The Nobility&nbsp; of Late-Medieval&nbsp; Trogir: Political&nbsp; Community,&nbsp; Factions and the Conflict Dynamics).<\/p>\n\n\n\n<p>Doktorski rad izra\u0111en je pod mentorstvom izv.&nbsp; prof.&nbsp; dr. sc. Ivana&nbsp; Majnari\u0107a, a povjerenstvo za obranu doktorska rada \u010dinili su prof. dr. sc. Irena&nbsp; Benyovsky Latin, &nbsp;predsjednica te \u010dlanovi&nbsp; doc. dr. sc. Tomislav&nbsp; Popi\u0107 i doc. dr.&nbsp; sc. Antun Neki\u0107.<\/p>\n\n\n\n<p>U svom doktorskom radu Ante Be\u0107ir ra\u0161\u010dlanjuje kasnosrednjovjekovno trogirsko plemstvo u razdoblju izme\u0111u 1280. i 1420. godine kroz prizmu djelovanja politi\u010dkih frakcija. Na tragu antropolo\u0161ke i komparativno-povijesne literature, u radu se identificiraju politi\u010dke frakcije sastavljene od plemi\u0107a, pu\u010dana i drugih aktera trogirskoga dru\u0161tvenoga i politi\u010dkoga \u017eivota u razmatranom razdoblju, a koje su se nadmetale oko stjecanja politi\u010dke mo\u0107i u okvirima onovremene trogirske politi\u010dke zajednice. Politi\u010dko natjecanje nerijetko je imalo za ishod eskalaciju uvijek prisutnih i latentnih dru\u0161tvenih sukoba u otvorene frakcijske konflikte. Eskalacije su bile izravno uvjetovane geopoliti\u010dkim promjenama unutar Ugarsko-Hrvatskoga Kraljevstva ili Venecije, s jedne strane, odnosno politi\u010dkim relacijama izme\u0111u ugarskoga vladara ili predstavnika ugarske kraljevske vlasti u Dalmaciji i Hrvatskoj te same Venecije s druge strane. U tom bi se kontekstu trogirski politi\u010dki akteri trebali poimati i kao periferija \u0161irih dru\u0161tvenih mre\u017ea na \u010delu kojih stoje mo\u0107ni akteri ili strukture unutar Ugarskoga kraljevstva ili Mleta\u010dke Republike. Dodu\u0161e, iako je \u201eglobalni\u201c politi\u010dki kontekst ubrzavao i radikalizirao politi\u010dku dinamiku na \u201elokalnoj\u201c razini, sadr\u017eaj te iste dinamike plod je dru\u0161tvenih i politi\u010dkih odnosa unutar same lokalne elite. Politi\u010dki sukobi u Trogiru odvijali su se istovremeno s procesom oblikovanja politi\u010dkih institucija, koji je bio posebno intenzivan krajem 13. i po\u010detkom 14. stolje\u0107a. Ili preciznije, politi\u010dki sukobi zapravo su izravno utjecali na strukturalno i normativno oblikovanje politi\u010dke zajednice tijekom 14. stolje\u0107a.<\/p>\n\n\n\n<p>Ante Be\u0107ir ro\u0111en je 23. listopada 1995. godine u Splitu. Osnovno\u0161kolsko i srednjo\u0161kolsko obrazovanje zavr\u0161io je u Segetu Donjem i Trogiru. Diplomirao je jednopredmetnu povijest na Fakultetu hrvatskih studija 2019. godine kao najbolji student u generaciji (mag. hist.\/diplomirani povjesni\u010dar). Dobitnik je Rektorove nagrade za individualni znanstveni rad u akademskoj godini 2017.\/2018. Sveu\u010dili\u0161ta u Zagrebu, kao i dvaju priznanja za izvannastavne aktivnosti u 2018. i 2019. godini. Doktorski studij \u00a0povijesti na Hrvatskom katoli\u010dkom sveu\u010dili\u0161tu upisao je 2019., a\u00a0 2022. stekao uvjete za ocjenu i obranu doktorskoga rada. Istra\u017euje povijest Trogira i dalmatinskih gradova u srednjemu vijeku. Objavio je vi\u0161e znanstvenih radova u znanstvenim \u010dasopisima i redovito sudjeluje na znanstvenim konferencijama u RH (Zagreb, Zadar, Rijeka, Trogir). Suautor je knjige <em>Zapisnici i odluke vije\u0107\u00e2 grada Trogira (13. \u2013 15. stolje\u0107e)<\/em> zajedno s doc. dr. sc. Tomislavom Popi\u0107em. \u010clan je Matice hrvatske i Nacionalnoga odbora za povijesne znanosti.<\/p>\n\n\n\n<hr class=\"wp-block-separator\"\/>\n\n\n\n<p>Izvor i dodatne obavijesti:<\/p>\n\n\n\n<p><a href=\"https:\/\/www.unicath.hr\/na-hks-u-obranjen-prvi-doktorski-rad-na-poslijediplomskom-sveucilisnom-doktorskom-studiju-povijest\">https:\/\/www.unicath.hr\/na-hks-u-obranjen-prvi-doktorski-rad-na-poslijediplomskom-sveucilisnom-doktorskom-studiju-povijest<\/a><\/p>\n\n\n\n<hr class=\"wp-block-separator\"\/>\n","protected":false},"excerpt":{"rendered":"","protected":false},"author":2,"featured_media":32555,"comment_status":"open","ping_status":"open","sticky":false,"template":"","format":"standard","meta":{"_acf_changed":false,"_jetpack_newsletter_access":"","_jetpack_dont_email_post_to_subs":false,"_jetpack_newsletter_tier_id":0,"_jetpack_memberships_contains_paywalled_content":false,"_jetpack_memberships_contains_paid_content":false,"footnotes":"","jetpack_publicize_message":"","jetpack_publicize_feature_enabled":true,"jetpack_social_post_already_shared":true,"jetpack_social_options":{"image_generator_settings":{"template":"highway","default_image_id":0,"font":"","enabled":false},"version":2},"jetpack_post_was_ever_published":false},"categories":[3],"tags":[],"class_list":["post-32554","post","type-post","status-publish","format-standard","has-post-thumbnail","hentry","category-novosti"],"acf":{"facebook_opis":""},"jetpack_publicize_connections":[],"jetpack_featured_media_url":"https:\/\/i0.wp.com\/historiografija.hr\/wp-content\/uploads\/2022\/09\/Obrana.jpg?fit=1280%2C854&ssl=1","jetpack_sharing_enabled":true,"jetpack-related-posts":[{"id":53463,"url":"https:\/\/historiografija.hr\/?p=53463","url_meta":{"origin":32554,"position":0},"title":"Predstavljen je prvi svezak zbornika \u201cNovi prilozi za povijest hrvatske socijaldemokracije\u201d","author":"Branimir Jankovi\u0107","date":"19. svibnja 2026.","format":false,"excerpt":"U srijedu 6. svibnja 2026. u Knji\u017enici i \u010ditaonici Bogdana Ogrizovi\u0107a u Zagrebu u sklopu ovogodi\u0161njeg Kliofesta odr\u017eano je predstavljanje prvoga sveska zbornika Novi prilozi za povijest hrvatske socijaldemokracije urednika dr. sc. Matka Globa\u010dnika. Zbornik su predstavili recenzenti s Filozofskog fakulteta Sveu\u010dili\u0161ta u Zagrebu, dr. sc. Martin Previ\u0161i\u0107, red. prof.,\u2026","rel":"","context":"U &quot;Novosti&quot;","block_context":{"text":"Novosti","link":"https:\/\/historiografija.hr\/?cat=3"},"img":{"alt_text":"","src":"https:\/\/i0.wp.com\/historiografija.hr\/wp-content\/uploads\/2026\/05\/Kliofest-6_5_2026.jpg?fit=1030%2C633&ssl=1&resize=350%2C200","width":350,"height":200,"srcset":"https:\/\/i0.wp.com\/historiografija.hr\/wp-content\/uploads\/2026\/05\/Kliofest-6_5_2026.jpg?fit=1030%2C633&ssl=1&resize=350%2C200 1x, https:\/\/i0.wp.com\/historiografija.hr\/wp-content\/uploads\/2026\/05\/Kliofest-6_5_2026.jpg?fit=1030%2C633&ssl=1&resize=525%2C300 1.5x, https:\/\/i0.wp.com\/historiografija.hr\/wp-content\/uploads\/2026\/05\/Kliofest-6_5_2026.jpg?fit=1030%2C633&ssl=1&resize=700%2C400 2x"},"classes":[]},{"id":53659,"url":"https:\/\/historiografija.hr\/?p=53659","url_meta":{"origin":32554,"position":1},"title":"Predstavljanje 20. broja \u010dasopisa &#8220;Pro tempore&#8221;","author":"Filip \u0160imunjak","date":"4. lipnja 2026.","format":false,"excerpt":"Redakcija \u010dasopisa studenata povijesti \"Pro tempore\" poziva na predstavljanje njegovoga 20. broja. Predstavljanje \u0107e se odr\u017eati u \u010detvrtak 11. lipnja 2026. godine, s po\u010detkom u 17 sati, u Vije\u0107nici Filozofskog fakulteta Sveu\u010dili\u0161ta u Zagrebu (Ivana Lu\u010di\u0107a 3, Zagreb). Novi broj \u010dasopisa posve\u0107en je temi Mitovi i narativi. Osim glavne urednice\u2026","rel":"","context":"U &quot;Novosti&quot;","block_context":{"text":"Novosti","link":"https:\/\/historiografija.hr\/?cat=3"},"img":{"alt_text":"","src":"https:\/\/i0.wp.com\/historiografija.hr\/wp-content\/uploads\/2026\/05\/Pro-tempore-20-pozivnica-scaled.png?fit=1200%2C507&ssl=1&resize=350%2C200","width":350,"height":200,"srcset":"https:\/\/i0.wp.com\/historiografija.hr\/wp-content\/uploads\/2026\/05\/Pro-tempore-20-pozivnica-scaled.png?fit=1200%2C507&ssl=1&resize=350%2C200 1x, https:\/\/i0.wp.com\/historiografija.hr\/wp-content\/uploads\/2026\/05\/Pro-tempore-20-pozivnica-scaled.png?fit=1200%2C507&ssl=1&resize=525%2C300 1.5x, https:\/\/i0.wp.com\/historiografija.hr\/wp-content\/uploads\/2026\/05\/Pro-tempore-20-pozivnica-scaled.png?fit=1200%2C507&ssl=1&resize=700%2C400 2x, https:\/\/i0.wp.com\/historiografija.hr\/wp-content\/uploads\/2026\/05\/Pro-tempore-20-pozivnica-scaled.png?fit=1200%2C507&ssl=1&resize=1050%2C600 3x"},"classes":[]},{"id":53815,"url":"https:\/\/historiografija.hr\/?p=53815","url_meta":{"origin":32554,"position":2},"title":"Odr\u017eana II. sociohistorijska radionica na temu \u201e\u010cemu teorija?\u201c u Osijeku","author":"Branimir Jankovi\u0107","date":"28. svibnja 2026.","format":false,"excerpt":"U organizaciji Filozofskog fakulteta Sveu\u010dili\u0161ta Josipa Jurja Strossmayera u Osijeku i Doktorskog studija Moderne i suvremene hrvatske povijesti u europskom i svjetskom kontekstu Filozofskog fakulteta Sveu\u010dili\u0161ta u Zagrebu 23. svibnja 2026. godine odr\u017eana je druga Sociohistorijska radionica pod naslovom \u201e\u010cemu teorija?\u201c. Ovogodi\u0161nja radionica otvorila je pitanje u kojoj je mjeri\u2026","rel":"","context":"U &quot;Novosti&quot;","block_context":{"text":"Novosti","link":"https:\/\/historiografija.hr\/?cat=3"},"img":{"alt_text":"","src":"https:\/\/i0.wp.com\/historiografija.hr\/wp-content\/uploads\/2026\/05\/Radionica-FFOS.jpg?fit=1024%2C683&ssl=1&resize=350%2C200","width":350,"height":200,"srcset":"https:\/\/i0.wp.com\/historiografija.hr\/wp-content\/uploads\/2026\/05\/Radionica-FFOS.jpg?fit=1024%2C683&ssl=1&resize=350%2C200 1x, https:\/\/i0.wp.com\/historiografija.hr\/wp-content\/uploads\/2026\/05\/Radionica-FFOS.jpg?fit=1024%2C683&ssl=1&resize=525%2C300 1.5x, https:\/\/i0.wp.com\/historiografija.hr\/wp-content\/uploads\/2026\/05\/Radionica-FFOS.jpg?fit=1024%2C683&ssl=1&resize=700%2C400 2x"},"classes":[]},{"id":51908,"url":"https:\/\/historiografija.hr\/?p=51908","url_meta":{"origin":32554,"position":3},"title":"(CAPONEU) Poziv za prijavu: Summer School in Critical Theory and Praxis: Literature and Society","author":"Branimir Jankovi\u0107","date":"14. o\u017eujka 2026.","format":false,"excerpt":"Pozivamo vas na ljetnu \u0161kolu\u00a0Summer School in Critical Theory and Praxis: Literature and Society, koja \u0107e se odr\u017eati od\u00a05. do 12. srpnja 2026.\u00a0u\u00a0Pala\u010di Moise u Cresu. Program organizira\u00a0Centar za teorijska istra\u017eivanja u humanistici (CTIH)\u00a0u okviru projekta\u00a0The Cartography of Political Novel in Europe (CAPONEU). Rije\u010d je o sedmodnevnom intenzivnom programu koji\u2026","rel":"","context":"U &quot;Novosti&quot;","block_context":{"text":"Novosti","link":"https:\/\/historiografija.hr\/?cat=3"},"img":{"alt_text":"","src":"https:\/\/i0.wp.com\/historiografija.hr\/wp-content\/uploads\/2026\/03\/Cres.png?fit=712%2C1004&ssl=1&resize=350%2C200","width":350,"height":200,"srcset":"https:\/\/i0.wp.com\/historiografija.hr\/wp-content\/uploads\/2026\/03\/Cres.png?fit=712%2C1004&ssl=1&resize=350%2C200 1x, https:\/\/i0.wp.com\/historiografija.hr\/wp-content\/uploads\/2026\/03\/Cres.png?fit=712%2C1004&ssl=1&resize=525%2C300 1.5x, https:\/\/i0.wp.com\/historiografija.hr\/wp-content\/uploads\/2026\/03\/Cres.png?fit=712%2C1004&ssl=1&resize=700%2C400 2x"},"classes":[]},{"id":52499,"url":"https:\/\/historiografija.hr\/?p=52499","url_meta":{"origin":32554,"position":4},"title":"POTPISAN UGOVOR O ZNANSTVENO-ISTRA\u017dIVA\u010cKOJ SURADNJI: PROJEKT \u201eTEMELJI HRVATSKE SAMOSTALNOSTI\u201d","author":"Branimir Jankovi\u0107","date":"17. travnja 2026.","format":false,"excerpt":"Hrvatski institut za povijest, Sveu\u010dili\u0161te obrane i sigurnosti \u201eDr. Franjo Tu\u0111man\u201d, Institut dru\u0161tvenih znanosti Ivo Pilar i Hrvatski dr\u017eavni arhiv\u00a0potpisali su 23. o\u017eujka 2026.\u00a0Ugovor o znanstveno-istra\u017eiva\u010dkoj suradnji s ciljem provedbe projekta \u201eTemelji hrvatske samostalnosti\u201d. Tim projektom obuhva\u0107a se istra\u017eivanje arhivskoga gradiva, priprema znanstvenih publikacija, digitalizacija i javna prezentacija rezultata istra\u017eivanja\u2026","rel":"","context":"U &quot;Novosti&quot;","block_context":{"text":"Novosti","link":"https:\/\/historiografija.hr\/?cat=3"},"img":{"alt_text":"","src":"https:\/\/i0.wp.com\/historiografija.hr\/wp-content\/uploads\/2026\/04\/THS_sporazum.jpg?fit=1200%2C583&ssl=1&resize=350%2C200","width":350,"height":200,"srcset":"https:\/\/i0.wp.com\/historiografija.hr\/wp-content\/uploads\/2026\/04\/THS_sporazum.jpg?fit=1200%2C583&ssl=1&resize=350%2C200 1x, https:\/\/i0.wp.com\/historiografija.hr\/wp-content\/uploads\/2026\/04\/THS_sporazum.jpg?fit=1200%2C583&ssl=1&resize=525%2C300 1.5x, https:\/\/i0.wp.com\/historiografija.hr\/wp-content\/uploads\/2026\/04\/THS_sporazum.jpg?fit=1200%2C583&ssl=1&resize=700%2C400 2x, https:\/\/i0.wp.com\/historiografija.hr\/wp-content\/uploads\/2026\/04\/THS_sporazum.jpg?fit=1200%2C583&ssl=1&resize=1050%2C600 3x"},"classes":[]},{"id":53092,"url":"https:\/\/historiografija.hr\/?p=53092","url_meta":{"origin":32554,"position":5},"title":"Promocija knjige Igora Mrkalja, \u201cUsta\u0161ki teror i genocid \u2013 primjer Gline i glinskoga kotara 1941.-1942. godine\u201d u Glini","author":"Branimir Jankovi\u0107","date":"11. svibnja 2026.","format":false,"excerpt":"U srijedu 13. maja 2026. u 18 sati u Srpskom kulturnom centru \u201cJosif Runjanin\u201d u Glini odr\u017eava se promocija znanstvene monografije Igora Mrkalja, \u201cUsta\u0161ki teror i genocid \u2013 primjer Gline i glinskoga kotara 1941.-1942. godine\u201d. Knjigu \u0107e predstaviti prof. dr. Ivo Goldstein, povjesni\u010dar Milan Radanovi\u0107, politolog Ilija Rani\u0107 i autor.\u2026","rel":"","context":"U &quot;Novosti&quot;","block_context":{"text":"Novosti","link":"https:\/\/historiografija.hr\/?cat=3"},"img":{"alt_text":"","src":"https:\/\/i0.wp.com\/historiografija.hr\/wp-content\/uploads\/2026\/05\/Knjiga-korice-naslovnica.jpg?fit=774%2C744&ssl=1&resize=350%2C200","width":350,"height":200,"srcset":"https:\/\/i0.wp.com\/historiografija.hr\/wp-content\/uploads\/2026\/05\/Knjiga-korice-naslovnica.jpg?fit=774%2C744&ssl=1&resize=350%2C200 1x, https:\/\/i0.wp.com\/historiografija.hr\/wp-content\/uploads\/2026\/05\/Knjiga-korice-naslovnica.jpg?fit=774%2C744&ssl=1&resize=525%2C300 1.5x, https:\/\/i0.wp.com\/historiografija.hr\/wp-content\/uploads\/2026\/05\/Knjiga-korice-naslovnica.jpg?fit=774%2C744&ssl=1&resize=700%2C400 2x"},"classes":[]}],"_links":{"self":[{"href":"https:\/\/historiografija.hr\/index.php?rest_route=\/wp\/v2\/posts\/32554","targetHints":{"allow":["GET"]}}],"collection":[{"href":"https:\/\/historiografija.hr\/index.php?rest_route=\/wp\/v2\/posts"}],"about":[{"href":"https:\/\/historiografija.hr\/index.php?rest_route=\/wp\/v2\/types\/post"}],"author":[{"embeddable":true,"href":"https:\/\/historiografija.hr\/index.php?rest_route=\/wp\/v2\/users\/2"}],"replies":[{"embeddable":true,"href":"https:\/\/historiografija.hr\/index.php?rest_route=%2Fwp%2Fv2%2Fcomments&post=32554"}],"version-history":[{"count":1,"href":"https:\/\/historiografija.hr\/index.php?rest_route=\/wp\/v2\/posts\/32554\/revisions"}],"predecessor-version":[{"id":32556,"href":"https:\/\/historiografija.hr\/index.php?rest_route=\/wp\/v2\/posts\/32554\/revisions\/32556"}],"wp:featuredmedia":[{"embeddable":true,"href":"https:\/\/historiografija.hr\/index.php?rest_route=\/wp\/v2\/media\/32555"}],"wp:attachment":[{"href":"https:\/\/historiografija.hr\/index.php?rest_route=%2Fwp%2Fv2%2Fmedia&parent=32554"}],"wp:term":[{"taxonomy":"category","embeddable":true,"href":"https:\/\/historiografija.hr\/index.php?rest_route=%2Fwp%2Fv2%2Fcategories&post=32554"},{"taxonomy":"post_tag","embeddable":true,"href":"https:\/\/historiografija.hr\/index.php?rest_route=%2Fwp%2Fv2%2Ftags&post=32554"}],"curies":[{"name":"wp","href":"https:\/\/api.w.org\/{rel}","templated":true}]}}