{"id":32539,"date":"2022-09-06T09:44:09","date_gmt":"2022-09-06T09:44:09","guid":{"rendered":"http:\/\/historiografija.hr\/?p=32539"},"modified":"2022-09-06T09:44:09","modified_gmt":"2022-09-06T09:44:09","slug":"ernst-lothar-andeo-s-trubom","status":"publish","type":"post","link":"https:\/\/historiografija.hr\/?p=32539","title":{"rendered":"Ernst Lothar, \u201eAn\u0111eo s trubom\u201c"},"content":{"rendered":"\n<p>Prijevod s njema\u010dkoga: Andy Jel\u010di\u0107<\/p>\n\n\n\n<hr class=\"wp-block-separator\"\/>\n\n\n\n<p>Be\u010d, sredi\u0161te grada: nad ulazom u ku\u0107u na Seilerst\u00e4tte 10 stoji kameni an\u0111eo koji pu\u0161e u trubu. U ku\u0107i \u017eivi razgranata obitelj graditelja glasovira Alt, \u010diji se uspon i pad oslikava na \u0161irokome listu u brojnim sli\u010dicama, a on obuhva\u0107a vi\u0161e nara\u0161taja. U njegovu sredi\u0161tu nalazi se Henriette Alt, s dvadeset godina ljubavnica prijestolonasljednika Rudolfa, sa sedamdeset \u017ertva Hitlerova Gestapoa. Usred katastrofa i obiteljskih intriga ona je simbol propasti i nade. Na podlozi sudbine Henriette Alt i njezine obitelji Ernst Lothar slika epohalni portret propadanja Austrije \u2013 od samoubojstva prijestolonasljednika u Mayerlingu do pripajanja nacionalsocijalisti\u010dkoj Njema\u010dkoj.<\/p>\n\n\n\n<hr class=\"wp-block-separator\"\/>\n\n\n\n<p>\u201eBe\u010dki Downtown Abbey\u201c (Vanity Fair) \u2013 ponovno otkri\u0107e velike obiteljske kronike Ernsta Lothara<\/p>\n\n\n\n<p>\u201eLotharu uspijeva na primjeru be\u010dke obitelji virtuozno ispripovijedati jedno poglavlje europske povijesti.\u201c Elke Schmitter, LiteraturSPIEGEL<\/p>\n\n\n\n<hr class=\"wp-block-separator\"\/>\n\n\n\n<p>Ernst Lothar, punim imenom Ernst Lothar M\u00fcller, ro\u0111en je 1890. u Brnu, a umro u Be\u010du 1974. Kao pravnik bio je izme\u0111u ostaloga i dr\u017eavni odvjetnik prije nego \u0161to je od 1925. nadalje postao kazali\u0161nim kriti\u010darom, redateljem i naposljetku direktorom kazali\u0161ta u Josefstadtu. Godine 1938. emigrirao je u SAD, a nakon zavr\u0161etka rata vratio se u Be\u010d. Od 1948. nadalje bio je redatelj u Burgtheateru i \u010dlan direktorija Salcbur\u0161koga festivala. Godine 2016. Zsolnay je objavio novo izdanje njegova romana An\u0111eo s trubom, a 2018. roman Povratak. U prolje\u0107e 2020. slijedit \u0107e \u010cudo pre\u017eivljavanja.<\/p>\n\n\n\n<hr class=\"wp-block-separator\"\/>\n\n\n\n<p>Izvor:<\/p>\n\n\n\n<p><a href=\"https:\/\/www.leykam-international.hr\/publikacija.php?id=238\">https:\/\/www.leykam-international.hr\/publikacija.php?id=238<\/a><\/p>\n\n\n\n<hr class=\"wp-block-separator\"\/>\n","protected":false},"excerpt":{"rendered":"","protected":false},"author":2,"featured_media":32540,"comment_status":"open","ping_status":"open","sticky":false,"template":"","format":"standard","meta":{"_acf_changed":false,"jetpack_post_was_ever_published":false,"_jetpack_newsletter_access":"","_jetpack_dont_email_post_to_subs":false,"_jetpack_newsletter_tier_id":0,"_jetpack_memberships_contains_paywalled_content":false,"_jetpack_memberships_contains_paid_content":false,"footnotes":"","jetpack_publicize_message":"","jetpack_publicize_feature_enabled":true,"jetpack_social_post_already_shared":true,"jetpack_social_options":{"image_generator_settings":{"template":"highway","default_image_id":0,"font":"","enabled":false},"version":2}},"categories":[3,12],"tags":[],"class_list":["post-32539","post","type-post","status-publish","format-standard","has-post-thumbnail","hentry","category-novosti","category-knjizevnost"],"acf":{"facebook_opis":""},"jetpack_publicize_connections":[],"jetpack_featured_media_url":"https:\/\/i0.wp.com\/historiografija.hr\/wp-content\/uploads\/2022\/09\/An%C4%91eo.jpg?fit=246%2C402&ssl=1","jetpack_sharing_enabled":true,"jetpack-related-posts":[],"_links":{"self":[{"href":"https:\/\/historiografija.hr\/index.php?rest_route=\/wp\/v2\/posts\/32539","targetHints":{"allow":["GET"]}}],"collection":[{"href":"https:\/\/historiografija.hr\/index.php?rest_route=\/wp\/v2\/posts"}],"about":[{"href":"https:\/\/historiografija.hr\/index.php?rest_route=\/wp\/v2\/types\/post"}],"author":[{"embeddable":true,"href":"https:\/\/historiografija.hr\/index.php?rest_route=\/wp\/v2\/users\/2"}],"replies":[{"embeddable":true,"href":"https:\/\/historiografija.hr\/index.php?rest_route=%2Fwp%2Fv2%2Fcomments&post=32539"}],"version-history":[{"count":1,"href":"https:\/\/historiografija.hr\/index.php?rest_route=\/wp\/v2\/posts\/32539\/revisions"}],"predecessor-version":[{"id":32541,"href":"https:\/\/historiografija.hr\/index.php?rest_route=\/wp\/v2\/posts\/32539\/revisions\/32541"}],"wp:featuredmedia":[{"embeddable":true,"href":"https:\/\/historiografija.hr\/index.php?rest_route=\/wp\/v2\/media\/32540"}],"wp:attachment":[{"href":"https:\/\/historiografija.hr\/index.php?rest_route=%2Fwp%2Fv2%2Fmedia&parent=32539"}],"wp:term":[{"taxonomy":"category","embeddable":true,"href":"https:\/\/historiografija.hr\/index.php?rest_route=%2Fwp%2Fv2%2Fcategories&post=32539"},{"taxonomy":"post_tag","embeddable":true,"href":"https:\/\/historiografija.hr\/index.php?rest_route=%2Fwp%2Fv2%2Ftags&post=32539"}],"curies":[{"name":"wp","href":"https:\/\/api.w.org\/{rel}","templated":true}]}}