{"id":32530,"date":"2022-09-05T13:35:30","date_gmt":"2022-09-05T13:35:30","guid":{"rendered":"http:\/\/historiografija.hr\/?p=32530"},"modified":"2022-09-05T13:43:20","modified_gmt":"2022-09-05T13:43:20","slug":"lhistorien-sur-le-metier-conversations-avec-carlo-ginzburg","status":"publish","type":"post","link":"https:\/\/historiografija.hr\/?p=32530","title":{"rendered":"L&#8217;historien sur le m\u00e9tier : conversations avec Carlo Ginzburg"},"content":{"rendered":"\n<p>U Cerisyju u Francuskoj odr\u017eat \u0107e se od 9. do 15. rujna 2022. vi\u0161ednevni kolokvij, odnosno serija doga\u0111anja posve\u0107ena Carlu Ginzburgu i njegovom doprinosu \u201czanatu povjesni\u010dara\u201d \u2013 od mikrohistorije i niza novih koncepata preko novih predmeta istra\u017eivanja do povezivanja s drugim disciplinama poput antropologije, filologije, knji\u017eevne kritike i psihoanalize.<\/p>\n\n\n\n<p>Op\u0161irnije o programu:<\/p>\n\n\n\n<p><a href=\"https:\/\/www.ehess.fr\/fr\/colloque\/lhistorien-sur-m%C3%A9tier-conversations-avec-carlo-ginzburg\">https:\/\/www.ehess.fr\/fr\/colloque\/lhistorien-sur-m%C3%A9tier-conversations-avec-carlo-ginzburg<\/a><\/p>\n\n\n\n<figure class=\"wp-block-embed-wordpress wp-block-embed is-type-wp-embed is-provider-centre-culturel-international-de-cerisy\"><div class=\"wp-block-embed__wrapper\">\n<blockquote class=\"wp-embedded-content\" data-secret=\"UOAz0ff85R\"><a href=\"https:\/\/cerisy-colloques.fr\/carloginzburg2022\/\">L&rsquo;historien sur le m\u00e9tier : conversations avec Carlo Ginzburg [2022]<\/a><\/blockquote><iframe loading=\"lazy\" class=\"wp-embedded-content\" sandbox=\"allow-scripts\" security=\"restricted\" style=\"position: absolute; clip: rect(1px, 1px, 1px, 1px);\" title=\"\u00ab\u00a0L&rsquo;historien sur le m\u00e9tier : conversations avec Carlo Ginzburg [2022]\u00a0\u00bb &#8212; Centre Culturel International de Cerisy\" src=\"https:\/\/cerisy-colloques.fr\/carloginzburg2022\/embed\/#?secret=SSLKAJyTmO#?secret=UOAz0ff85R\" data-secret=\"UOAz0ff85R\" width=\"600\" height=\"338\" frameborder=\"0\" marginwidth=\"0\" marginheight=\"0\" scrolling=\"no\"><\/iframe>\n<\/div><\/figure>\n\n\n\n<hr class=\"wp-block-separator\"\/>\n","protected":false},"excerpt":{"rendered":"","protected":false},"author":2,"featured_media":32533,"comment_status":"open","ping_status":"open","sticky":false,"template":"","format":"standard","meta":{"_acf_changed":false,"jetpack_post_was_ever_published":false,"_jetpack_newsletter_access":"","_jetpack_dont_email_post_to_subs":false,"_jetpack_newsletter_tier_id":0,"_jetpack_memberships_contains_paywalled_content":false,"_jetpack_memberships_contains_paid_content":false,"footnotes":"","jetpack_publicize_message":"","jetpack_publicize_feature_enabled":true,"jetpack_social_post_already_shared":true,"jetpack_social_options":{"image_generator_settings":{"template":"highway","default_image_id":0,"font":"","enabled":false},"version":2}},"categories":[3,9],"tags":[],"class_list":["post-32530","post","type-post","status-publish","format-standard","has-post-thumbnail","hentry","category-novosti","category-skupovi"],"acf":{"facebook_opis":""},"jetpack_publicize_connections":[],"jetpack_featured_media_url":"https:\/\/i0.wp.com\/historiografija.hr\/wp-content\/uploads\/2022\/09\/carlo_ginzburg.jpg?fit=1000%2C443&ssl=1","jetpack_sharing_enabled":true,"jetpack-related-posts":[],"_links":{"self":[{"href":"https:\/\/historiografija.hr\/index.php?rest_route=\/wp\/v2\/posts\/32530","targetHints":{"allow":["GET"]}}],"collection":[{"href":"https:\/\/historiografija.hr\/index.php?rest_route=\/wp\/v2\/posts"}],"about":[{"href":"https:\/\/historiografija.hr\/index.php?rest_route=\/wp\/v2\/types\/post"}],"author":[{"embeddable":true,"href":"https:\/\/historiografija.hr\/index.php?rest_route=\/wp\/v2\/users\/2"}],"replies":[{"embeddable":true,"href":"https:\/\/historiografija.hr\/index.php?rest_route=%2Fwp%2Fv2%2Fcomments&post=32530"}],"version-history":[{"count":1,"href":"https:\/\/historiografija.hr\/index.php?rest_route=\/wp\/v2\/posts\/32530\/revisions"}],"predecessor-version":[{"id":32532,"href":"https:\/\/historiografija.hr\/index.php?rest_route=\/wp\/v2\/posts\/32530\/revisions\/32532"}],"wp:featuredmedia":[{"embeddable":true,"href":"https:\/\/historiografija.hr\/index.php?rest_route=\/wp\/v2\/media\/32533"}],"wp:attachment":[{"href":"https:\/\/historiografija.hr\/index.php?rest_route=%2Fwp%2Fv2%2Fmedia&parent=32530"}],"wp:term":[{"taxonomy":"category","embeddable":true,"href":"https:\/\/historiografija.hr\/index.php?rest_route=%2Fwp%2Fv2%2Fcategories&post=32530"},{"taxonomy":"post_tag","embeddable":true,"href":"https:\/\/historiografija.hr\/index.php?rest_route=%2Fwp%2Fv2%2Ftags&post=32530"}],"curies":[{"name":"wp","href":"https:\/\/api.w.org\/{rel}","templated":true}]}}