{"id":32515,"date":"2022-09-05T10:50:04","date_gmt":"2022-09-05T10:50:04","guid":{"rendered":"http:\/\/historiografija.hr\/?p=32515"},"modified":"2022-09-05T10:50:58","modified_gmt":"2022-09-05T10:50:58","slug":"10-festival-alternative-i-ljevice-sibenik-falis-8-10-9-2022","status":"publish","type":"post","link":"https:\/\/historiografija.hr\/?p=32515","title":{"rendered":"10. Festival alternative i ljevice \u0160ibenik \u2013 FALI\u0160 (8. \u2013 10. 9. 2022.)"},"content":{"rendered":"\n<p>Program 10. Festivala alternative i ljevice uklju\u010duje, izme\u0111u ostalog, promociju knjige \u201eLeksikon tranzicije\u201c, online predavanje Latinke Perovi\u0107 i razgovor Tvrtka Jakovine s Budimirom Lon\u010darom. Op\u0161irnije u nastavku.<\/p>\n\n\n\n<hr class=\"wp-block-separator\"\/>\n\n\n\n<p><strong>Program<\/strong><\/p>\n\n\n\n<hr class=\"wp-block-separator\"\/>\n\n\n\n<p><strong>\u010cetvrtak, 08.09.<\/strong><\/p>\n\n\n\n<hr class=\"wp-block-separator\"\/>\n\n\n\n<p><strong>18:00, Gradska knji\u017enica \u201eJuraj \u0160i\u017egori\u0107\u201c:<\/strong><\/p>\n\n\n\n<p><strong>\u201eTrenutak kada je meni po\u010deo rat\u201c;<br><\/strong><strong>promocija zbornika kratkih pri\u010da;<\/strong><br>sudjeluju: Nata\u0161a Govedarica, Tanja Mravak;<br>moderator: Kruno Lokotar<br><br>&nbsp;<\/p>\n\n\n\n<p><strong>20:00, Studio galerije svetog Kr\u0161evana (ex-galerija Matija):<\/strong><\/p>\n\n\n\n<p><strong>\u201eSloboda do temelja\u201c<\/strong>:<br><strong>izlo\u017eba fotografija Milo\u0161a Cvetkovi\u0107a i slu\u017ebeno otvaranje FALI\u0160-a;<\/strong><br>sudjeluju: Emir Imamovi\u0107 Pirke, Slaven Ra\u0161kovi\u0107, \u017deljka Markulin<\/p>\n\n\n\n<hr class=\"wp-block-separator\"\/>\n\n\n\n<p><strong>Petak, 09.09.<\/strong><\/p>\n\n\n\n<hr class=\"wp-block-separator\"\/>\n\n\n\n<p><strong>20:00 (Trg Ivana Pavla II):<\/strong><\/p>\n\n\n\n<p><strong>\u201eLeksikon tranzicije\u201c<\/strong>;<br><strong>promocija knjige Hajrudina Hromad\u017ei\u0107a;<\/strong><br>sudjeluju: Hajrudin Hromad\u017ei\u0107, Kruno Lokotar<br><br>&nbsp;<\/p>\n\n\n\n<p><strong>21:00 (Trg Ivana Pavla II):<\/strong><\/p>\n\n\n\n<p><strong>\u201eNovinarstvo kao javno dobro ili korporativno zlo\u201c<\/strong>;<br><strong>okrugli stol;<\/strong> sudjeluju: Maja Sever, Goran Borkovi\u0107,&nbsp;\u0110ur\u0111ica Klancir;<br>moderator: Emir Imamovi\u0107 Pirke<br><br>&nbsp;<\/p>\n\n\n\n<p><strong>22:00 (Trg Ivana Pavla II):<\/strong><\/p>\n\n\n\n<p><strong>\u201eBog, krv i tlo\u201c<\/strong>;<br><strong>predavanje: dr. Branka Sekuli\u0107a<\/strong><\/p>\n\n\n\n<hr class=\"wp-block-separator\"\/>\n\n\n\n<p><strong>Subota, 10.09.<\/strong><\/p>\n\n\n\n<hr class=\"wp-block-separator\"\/>\n\n\n\n<p><strong>20:00 (Trg Ivana Pavla II):<\/strong><\/p>\n\n\n\n<p><strong>\u201eKoliko \u0107e se Jugoslavija raspadati?\u201c<\/strong>;<br><strong>predavanje dr. Latinke Perovi\u0107 (Zoom)<\/strong><br><br>&nbsp;<\/p>\n\n\n\n<p><strong>21:00 (Trg Ivana Pavla II):<\/strong><\/p>\n\n\n\n<p><strong>\u201eMigracije: je li bijeg novo normalno?\u201c<\/strong>;<br><strong>okrugli stol;<\/strong> sudjeluju: Ramiz Huremagi\u0107, Stanko Perica, Sa\u0161a \u0160egrt i Ivana Radovi\u0107;<br>moderator: Emir Imamovi\u0107 Pirke<br><br>&nbsp;<\/p>\n\n\n\n<p><strong>22:00 (Trg Ivana Pavla II):<\/strong><\/p>\n\n\n\n<p><strong>\u201eSvijet novih nacionalizama\u201c:<br>javni intervju s Budimirom Lon\u010darom;<\/strong><br>voditelj: Tvrtko Jakovina<\/p>\n\n\n\n<hr class=\"wp-block-separator\"\/>\n\n\n\n<p>Izvor:<\/p>\n\n\n\n<p><a href=\"https:\/\/www.falis.com.hr\/index.php\">https:\/\/www.falis.com.hr\/index.php<\/a><\/p>\n\n\n\n<hr class=\"wp-block-separator\"\/>\n","protected":false},"excerpt":{"rendered":"","protected":false},"author":2,"featured_media":32516,"comment_status":"open","ping_status":"open","sticky":false,"template":"","format":"standard","meta":{"_acf_changed":false,"_jetpack_newsletter_access":"","_jetpack_dont_email_post_to_subs":false,"_jetpack_newsletter_tier_id":0,"_jetpack_memberships_contains_paywalled_content":false,"_jetpack_memberships_contains_paid_content":false,"footnotes":"","jetpack_publicize_message":"","jetpack_publicize_feature_enabled":true,"jetpack_social_post_already_shared":true,"jetpack_social_options":{"image_generator_settings":{"template":"highway","default_image_id":0,"font":"","enabled":false},"version":2},"jetpack_post_was_ever_published":false},"categories":[3],"tags":[],"class_list":["post-32515","post","type-post","status-publish","format-standard","has-post-thumbnail","hentry","category-novosti"],"acf":{"facebook_opis":""},"jetpack_publicize_connections":[],"jetpack_featured_media_url":"https:\/\/i0.wp.com\/historiografija.hr\/wp-content\/uploads\/2022\/09\/Falis_2022.jpg?fit=1575%2C600&ssl=1","jetpack_sharing_enabled":true,"jetpack-related-posts":[{"id":54554,"url":"https:\/\/historiografija.hr\/?p=54554","url_meta":{"origin":32515,"position":0},"title":"CfP: Religion and Revolution: Alternative Religiosity and Radical Politics in the (Post-)Industrial Age (1800-2000)","author":"Branimir Jankovi\u0107","date":"10. srpnja 2026.","format":false,"excerpt":"This conference invites scholars to examine the intersections between left-wing and\/or revolutionary politics and alternative religiosity over the past two centuries. Alternative religious ideas and practices have served as powerful resources for the political imagination, social critique, and revolutionary mobilization. Yet the relationship between alternative religious currents and emancipatory politics\u2026","rel":"","context":"U &quot;Novosti&quot;","block_context":{"text":"Novosti","link":"https:\/\/historiografija.hr\/?cat=3"},"img":{"alt_text":"","src":"https:\/\/i0.wp.com\/historiografija.hr\/wp-content\/uploads\/2017\/10\/hsozkult.png?fit=1006%2C241&ssl=1&resize=350%2C200","width":350,"height":200,"srcset":"https:\/\/i0.wp.com\/historiografija.hr\/wp-content\/uploads\/2017\/10\/hsozkult.png?fit=1006%2C241&ssl=1&resize=350%2C200 1x, https:\/\/i0.wp.com\/historiografija.hr\/wp-content\/uploads\/2017\/10\/hsozkult.png?fit=1006%2C241&ssl=1&resize=525%2C300 1.5x, https:\/\/i0.wp.com\/historiografija.hr\/wp-content\/uploads\/2017\/10\/hsozkult.png?fit=1006%2C241&ssl=1&resize=700%2C400 2x"},"classes":[]},{"id":54517,"url":"https:\/\/historiografija.hr\/?p=54517","url_meta":{"origin":32515,"position":1},"title":"CfP: Entangled Transformations: Temporalities, Experiences, and Critical Histories of Postsocialist Change in Europe","author":"Branimir Jankovi\u0107","date":"8. srpnja 2026.","format":false,"excerpt":"International Workshop organised by the Department of History, University of Warsaw and the Department of Public History, FernUniversit\u00e4t in Hagen Often framed within the triumphalist narrative, most prominently articulated in the \u201cend of history\u201d concept (Fukuyama, 1989), transformations that reshaped the socialist states in Europe in the late twentieth century\u2026","rel":"","context":"U &quot;Novosti&quot;","block_context":{"text":"Novosti","link":"https:\/\/historiografija.hr\/?cat=3"},"img":{"alt_text":"","src":"https:\/\/i0.wp.com\/historiografija.hr\/wp-content\/uploads\/2017\/10\/hsozkult.png?fit=1006%2C241&ssl=1&resize=350%2C200","width":350,"height":200,"srcset":"https:\/\/i0.wp.com\/historiografija.hr\/wp-content\/uploads\/2017\/10\/hsozkult.png?fit=1006%2C241&ssl=1&resize=350%2C200 1x, https:\/\/i0.wp.com\/historiografija.hr\/wp-content\/uploads\/2017\/10\/hsozkult.png?fit=1006%2C241&ssl=1&resize=525%2C300 1.5x, https:\/\/i0.wp.com\/historiografija.hr\/wp-content\/uploads\/2017\/10\/hsozkult.png?fit=1006%2C241&ssl=1&resize=700%2C400 2x"},"classes":[]},{"id":45459,"url":"https:\/\/historiografija.hr\/?p=45459","url_meta":{"origin":32515,"position":2},"title":"Nadila\u017eenje nacionalne paradigme. Od historiografskog nacionalizma do transnacionalnih pristupa","author":"Branimir Jankovi\u0107","date":"25. o\u017eujka 2025.","format":false,"excerpt":"Zbornik radova koji su uredili Branimir Jankovi\u0107 i Nikola Toma\u0161egovi\u0107 predstavlja nove pristupe u studijima nacija i nacionalizma koji preispituju prevladavaju\u0107a mi\u0161ljenja o etni\u010dkim i nacionalnim identifikacijama. Nasuprot tome, radovi zagovaraju koncepte poput nacionalne ravnodu\u0161nosti i ukazuju na svepro\u017eimni odnos emocija i nacionalizma, kao i sveprisutni svakodnevni nacionalizam. Zbornik donosi\u2026","rel":"","context":"U &quot;Knjige&quot;","block_context":{"text":"Knjige","link":"https:\/\/historiografija.hr\/?cat=8"},"img":{"alt_text":"","src":"https:\/\/i0.wp.com\/historiografija.hr\/wp-content\/uploads\/2025\/03\/Nadilazenje-nacionalne-paradigme.webp?fit=713%2C928&ssl=1&resize=350%2C200","width":350,"height":200,"srcset":"https:\/\/i0.wp.com\/historiografija.hr\/wp-content\/uploads\/2025\/03\/Nadilazenje-nacionalne-paradigme.webp?fit=713%2C928&ssl=1&resize=350%2C200 1x, https:\/\/i0.wp.com\/historiografija.hr\/wp-content\/uploads\/2025\/03\/Nadilazenje-nacionalne-paradigme.webp?fit=713%2C928&ssl=1&resize=525%2C300 1.5x, https:\/\/i0.wp.com\/historiografija.hr\/wp-content\/uploads\/2025\/03\/Nadilazenje-nacionalne-paradigme.webp?fit=713%2C928&ssl=1&resize=700%2C400 2x"},"classes":[]},{"id":54617,"url":"https:\/\/historiografija.hr\/?p=54617","url_meta":{"origin":32515,"position":3},"title":"GO STYRIA RESEARCH GRANT for summer semester 2027","author":"Branimir Jankovi\u0107","date":"15. srpnja 2026.","format":false,"excerpt":"Go Styria is open for master and doctoral students as well as Post Docs interested in a short term research stay in the context of their master, doctoral thesis or Post-Doc research.Target region: Albania, Bosnia and Herzegovina, Bulgaria, Croatia, Cyprus, Greece, Hungary, Kosovo, Moldova, Montenegro, North Macedonia, Romania, Serbia, Slovenia,\u2026","rel":"","context":"U &quot;Novosti&quot;","block_context":{"text":"Novosti","link":"https:\/\/historiografija.hr\/?cat=3"},"img":{"alt_text":"","src":"https:\/\/i0.wp.com\/historiografija.hr\/wp-content\/uploads\/2026\/07\/Styria.jpg?fit=447%2C447&ssl=1&resize=350%2C200","width":350,"height":200},"classes":[]},{"id":54819,"url":"https:\/\/historiografija.hr\/?p=54819","url_meta":{"origin":32515,"position":4},"title":"CfP: Charter 77 at 50: Transnational Human Rights, Social Imagination, and Civic Resistance in the (Post-)Global Age","author":"Branimir Jankovi\u0107","date":"27. srpnja 2026.","format":false,"excerpt":"The Institute of Contemporary History and the Institute of Philosophy of the Czech Academy of Sciences invite proposals for a two-day international conference bringing together historical scholarship and contemporary reflections on civic activism and democratic resistance. Charter 77 at 50: Transnational Human Rights, Social Imagination, and Civic Resistance in the\u2026","rel":"","context":"U &quot;Novosti&quot;","block_context":{"text":"Novosti","link":"https:\/\/historiografija.hr\/?cat=3"},"img":{"alt_text":"","src":"https:\/\/i0.wp.com\/historiografija.hr\/wp-content\/uploads\/2017\/10\/hsozkult.png?fit=1006%2C241&ssl=1&resize=350%2C200","width":350,"height":200,"srcset":"https:\/\/i0.wp.com\/historiografija.hr\/wp-content\/uploads\/2017\/10\/hsozkult.png?fit=1006%2C241&ssl=1&resize=350%2C200 1x, https:\/\/i0.wp.com\/historiografija.hr\/wp-content\/uploads\/2017\/10\/hsozkult.png?fit=1006%2C241&ssl=1&resize=525%2C300 1.5x, https:\/\/i0.wp.com\/historiografija.hr\/wp-content\/uploads\/2017\/10\/hsozkult.png?fit=1006%2C241&ssl=1&resize=700%2C400 2x"},"classes":[]},{"id":53483,"url":"https:\/\/historiografija.hr\/?p=53483","url_meta":{"origin":32515,"position":5},"title":"II. sociohistorijska radionica: \u010cemu teorija?","author":"Branimir Jankovi\u0107","date":"20. svibnja 2026.","format":false,"excerpt":"U subotu, 23. svibnja 2026. na Filozofskom fakultetu u Osijeku bit \u0107e odr\u017eana II. sociohistorijska radionica. Ovogodi\u0161nja radionica odvija se pod krovnom temom \u010cemu teorija? Devetero sudionika nastojat \u0107e sa\u017eeto predstaviti teorijsko-metodolo\u0161ke modele koje primjenjuju pri izradi vlastitih diplomskih i doktorskih radova iz moderne i suvremene povijesti. Plenarno izlaganje odr\u017eat\u2026","rel":"","context":"U &quot;Novosti&quot;","block_context":{"text":"Novosti","link":"https:\/\/historiografija.hr\/?cat=3"},"img":{"alt_text":"","src":"https:\/\/i0.wp.com\/historiografija.hr\/wp-content\/uploads\/2026\/05\/II-sociohistorijska-radionica.jpg?fit=1200%2C558&ssl=1&resize=350%2C200","width":350,"height":200,"srcset":"https:\/\/i0.wp.com\/historiografija.hr\/wp-content\/uploads\/2026\/05\/II-sociohistorijska-radionica.jpg?fit=1200%2C558&ssl=1&resize=350%2C200 1x, https:\/\/i0.wp.com\/historiografija.hr\/wp-content\/uploads\/2026\/05\/II-sociohistorijska-radionica.jpg?fit=1200%2C558&ssl=1&resize=525%2C300 1.5x, https:\/\/i0.wp.com\/historiografija.hr\/wp-content\/uploads\/2026\/05\/II-sociohistorijska-radionica.jpg?fit=1200%2C558&ssl=1&resize=700%2C400 2x, https:\/\/i0.wp.com\/historiografija.hr\/wp-content\/uploads\/2026\/05\/II-sociohistorijska-radionica.jpg?fit=1200%2C558&ssl=1&resize=1050%2C600 3x"},"classes":[]}],"_links":{"self":[{"href":"https:\/\/historiografija.hr\/index.php?rest_route=\/wp\/v2\/posts\/32515","targetHints":{"allow":["GET"]}}],"collection":[{"href":"https:\/\/historiografija.hr\/index.php?rest_route=\/wp\/v2\/posts"}],"about":[{"href":"https:\/\/historiografija.hr\/index.php?rest_route=\/wp\/v2\/types\/post"}],"author":[{"embeddable":true,"href":"https:\/\/historiografija.hr\/index.php?rest_route=\/wp\/v2\/users\/2"}],"replies":[{"embeddable":true,"href":"https:\/\/historiografija.hr\/index.php?rest_route=%2Fwp%2Fv2%2Fcomments&post=32515"}],"version-history":[{"count":2,"href":"https:\/\/historiografija.hr\/index.php?rest_route=\/wp\/v2\/posts\/32515\/revisions"}],"predecessor-version":[{"id":32518,"href":"https:\/\/historiografija.hr\/index.php?rest_route=\/wp\/v2\/posts\/32515\/revisions\/32518"}],"wp:featuredmedia":[{"embeddable":true,"href":"https:\/\/historiografija.hr\/index.php?rest_route=\/wp\/v2\/media\/32516"}],"wp:attachment":[{"href":"https:\/\/historiografija.hr\/index.php?rest_route=%2Fwp%2Fv2%2Fmedia&parent=32515"}],"wp:term":[{"taxonomy":"category","embeddable":true,"href":"https:\/\/historiografija.hr\/index.php?rest_route=%2Fwp%2Fv2%2Fcategories&post=32515"},{"taxonomy":"post_tag","embeddable":true,"href":"https:\/\/historiografija.hr\/index.php?rest_route=%2Fwp%2Fv2%2Ftags&post=32515"}],"curies":[{"name":"wp","href":"https:\/\/api.w.org\/{rel}","templated":true}]}}