{"id":32512,"date":"2022-09-02T18:23:26","date_gmt":"2022-09-02T18:23:26","guid":{"rendered":"http:\/\/historiografija.hr\/?p=32512"},"modified":"2022-09-02T18:23:26","modified_gmt":"2022-09-02T18:23:26","slug":"deseti-festival-svjetske-knjizevnosti","status":"publish","type":"post","link":"https:\/\/historiografija.hr\/?p=32512","title":{"rendered":"Deseti Festival svjetske knji\u017eevnosti"},"content":{"rendered":"\n<p>Deseti Festival svjetske knji\u017eevnosti odr\u017eat \u0107e se od 4. do 9. rujna 2022. u Zagrebu.<\/p>\n\n\n\n<hr class=\"wp-block-separator\"\/>\n\n\n\n<p>Iz programa izdvajamo sljede\u0107e najave:<\/p>\n\n\n\n<p>\u201eO tome za\u0161to je Tito bez sumnje najva\u017enija povijesna osoba na\u0161ih prostora diskutirat \u0107e njegovi biografi Marie-Janine Calic, Ivo Goldstein i Boris Ra\u0161eta.\u201c<\/p>\n\n\n\n<p>\u201eO svojim romanima, ali i polo\u017eaju disidenta u dana\u0161njoj Rusiji i ratu u Ukrajini govorit \u0107e jedan od najboljih suvremenih ruskih pisaca Sergej Lebedev, dok \u0107e Festival zatvoriti Slavenka Drakuli\u0107 razgovorom o svojoj novoj knjizi eseja Rat je uvijek isti.\u201c<\/p>\n\n\n\n<hr class=\"wp-block-separator\"\/>\n\n\n\n<p>Cjelokupni program dostupan je na sljede\u0107im poveznicama:<\/p>\n\n\n\n<p><a href=\"https:\/\/magazin.fraktura.hr\/hr\/deseti-festival-svjetske-knjizevnosti\">https:\/\/magazin.fraktura.hr\/hr\/deseti-festival-svjetske-knjizevnosti<\/a><\/p>\n\n\n\n<p><a href=\"https:\/\/www.facebook.com\/FestivalSvjetskeKnjizevnosti\">https:\/\/www.facebook.com\/FestivalSvjetskeKnjizevnosti<\/a><\/p>\n\n\n\n<hr class=\"wp-block-separator\"\/>\n","protected":false},"excerpt":{"rendered":"","protected":false},"author":2,"featured_media":32513,"comment_status":"open","ping_status":"open","sticky":false,"template":"","format":"standard","meta":{"_acf_changed":false,"jetpack_post_was_ever_published":false,"_jetpack_newsletter_access":"","_jetpack_dont_email_post_to_subs":false,"_jetpack_newsletter_tier_id":0,"_jetpack_memberships_contains_paywalled_content":false,"_jetpack_memberships_contains_paid_content":false,"footnotes":"","jetpack_publicize_message":"","jetpack_publicize_feature_enabled":true,"jetpack_social_post_already_shared":true,"jetpack_social_options":{"image_generator_settings":{"template":"highway","default_image_id":0,"font":"","enabled":false},"version":2}},"categories":[3,12],"tags":[],"class_list":["post-32512","post","type-post","status-publish","format-standard","has-post-thumbnail","hentry","category-novosti","category-knjizevnost"],"acf":{"facebook_opis":""},"jetpack_publicize_connections":[],"jetpack_featured_media_url":"https:\/\/i0.wp.com\/historiografija.hr\/wp-content\/uploads\/2022\/09\/Festival-2022.jpg?fit=1707%2C960&ssl=1","jetpack_sharing_enabled":true,"jetpack-related-posts":[],"_links":{"self":[{"href":"https:\/\/historiografija.hr\/index.php?rest_route=\/wp\/v2\/posts\/32512","targetHints":{"allow":["GET"]}}],"collection":[{"href":"https:\/\/historiografija.hr\/index.php?rest_route=\/wp\/v2\/posts"}],"about":[{"href":"https:\/\/historiografija.hr\/index.php?rest_route=\/wp\/v2\/types\/post"}],"author":[{"embeddable":true,"href":"https:\/\/historiografija.hr\/index.php?rest_route=\/wp\/v2\/users\/2"}],"replies":[{"embeddable":true,"href":"https:\/\/historiografija.hr\/index.php?rest_route=%2Fwp%2Fv2%2Fcomments&post=32512"}],"version-history":[{"count":1,"href":"https:\/\/historiografija.hr\/index.php?rest_route=\/wp\/v2\/posts\/32512\/revisions"}],"predecessor-version":[{"id":32514,"href":"https:\/\/historiografija.hr\/index.php?rest_route=\/wp\/v2\/posts\/32512\/revisions\/32514"}],"wp:featuredmedia":[{"embeddable":true,"href":"https:\/\/historiografija.hr\/index.php?rest_route=\/wp\/v2\/media\/32513"}],"wp:attachment":[{"href":"https:\/\/historiografija.hr\/index.php?rest_route=%2Fwp%2Fv2%2Fmedia&parent=32512"}],"wp:term":[{"taxonomy":"category","embeddable":true,"href":"https:\/\/historiografija.hr\/index.php?rest_route=%2Fwp%2Fv2%2Fcategories&post=32512"},{"taxonomy":"post_tag","embeddable":true,"href":"https:\/\/historiografija.hr\/index.php?rest_route=%2Fwp%2Fv2%2Ftags&post=32512"}],"curies":[{"name":"wp","href":"https:\/\/api.w.org\/{rel}","templated":true}]}}