{"id":32503,"date":"2022-09-02T17:01:22","date_gmt":"2022-09-02T17:01:22","guid":{"rendered":"http:\/\/historiografija.hr\/?p=32503"},"modified":"2022-09-02T17:01:22","modified_gmt":"2022-09-02T17:01:22","slug":"izlozba-fotografija-liznjan-pred-veliki-rat-u-liznjanu","status":"publish","type":"post","link":"https:\/\/historiografija.hr\/?p=32503","title":{"rendered":"Izlo\u017eba fotografija \u201eLi\u017enjan pred Veliki rat\u201c u Li\u017enjanu"},"content":{"rendered":"\n<p>U subotu, 3. rujna 2022., s po\u010detkom 10.30 u Turisti\u010dkoj zajednici Op\u0107ine Li\u017enjan odr\u017eat \u0107e se otvorenje izlo\u017ebe fotografija \u201eLi\u017enjan pred Veliki rat\u201c, a u 11 sati istoga dana na lokaciji Puntice u Li\u017enjanu otkrivanje informativne plo\u010de o vojnopomorskim manevrima na podru\u010dju Li\u017enjana 3. rujna 1902. godine.<\/p>\n\n\n\n<p>Organizatori manifestacije \u201eLi\u017enjan po\u010detkom 20. stolje\u0107a. U povodu 120. obljetnice vojnopomorskih manevara\u201c, u okviru kojega se otvara izlo\u017eba, su Op\u0107ina Li\u017enjan, Turisti\u010dka zajednica Op\u0107ine Li\u017enjan-Lisignano, Zajednica Talijana \u0160i\u0161an \u2013 Comunit\u00e0 degli Italiani di Sissano, BPW Pula, Povijesni i pomorski muzej Istre \u2013 Museo storico e navale dell\u2019Istria, Gradska knji\u017enica i \u010ditaonica Pula, Istarsko povijesno dru\u0161tvo, Dru\u0161tvo za prou\u010davanje pro\u0161losti K. u. k. mornarice Viribus Unitis Pula i Katedra \u010cakavskog sabora za povijest Istre Pazin.<\/p>\n\n\n\n<hr class=\"wp-block-separator\"\/>\n\n\n\n<p>Izvor i program manifestacije:<\/p>\n\n\n\n<figure class=\"wp-block-embed-wordpress wp-block-embed is-type-wp-embed is-provider-istarsko-povijesno-drustvo-societa-storica-istriana\"><div class=\"wp-block-embed__wrapper\">\n<blockquote class=\"wp-embedded-content\" data-secret=\"fIaSvd00IA\"><a href=\"https:\/\/ipd-ssi.hr\/2022\/09\/01\/izlozba-fotografija-liznjan-pred-veliki-rat-u-liznjanu\/\">Izlo\u017eba fotografija \u201eLi\u017enjan pred Veliki rat\u201c u Li\u017enjanu<\/a><\/blockquote><iframe loading=\"lazy\" class=\"wp-embedded-content\" sandbox=\"allow-scripts\" security=\"restricted\" style=\"position: absolute; clip: rect(1px, 1px, 1px, 1px);\" title=\"&#8220;Izlo\u017eba fotografija \u201eLi\u017enjan pred Veliki rat\u201c u Li\u017enjanu&#8221; &#8212; Istarsko povijesno dru\u0161tvo - Societ\u00e0 Storica Istriana\" src=\"https:\/\/ipd-ssi.hr\/2022\/09\/01\/izlozba-fotografija-liznjan-pred-veliki-rat-u-liznjanu\/embed\/#?secret=dN5ygzUACF#?secret=fIaSvd00IA\" data-secret=\"fIaSvd00IA\" width=\"600\" height=\"338\" frameborder=\"0\" marginwidth=\"0\" marginheight=\"0\" scrolling=\"no\"><\/iframe>\n<\/div><\/figure>\n\n\n\n<hr class=\"wp-block-separator\"\/>\n","protected":false},"excerpt":{"rendered":"","protected":false},"author":2,"featured_media":32504,"comment_status":"open","ping_status":"open","sticky":false,"template":"","format":"standard","meta":{"_acf_changed":false,"jetpack_post_was_ever_published":false,"_jetpack_newsletter_access":"","_jetpack_dont_email_post_to_subs":false,"_jetpack_newsletter_tier_id":0,"_jetpack_memberships_contains_paywalled_content":false,"_jetpack_memberships_contains_paid_content":false,"footnotes":"","jetpack_publicize_message":"","jetpack_publicize_feature_enabled":true,"jetpack_social_post_already_shared":true,"jetpack_social_options":{"image_generator_settings":{"template":"highway","default_image_id":0,"font":"","enabled":false},"version":2}},"categories":[10,3],"tags":[],"class_list":["post-32503","post","type-post","status-publish","format-standard","has-post-thumbnail","hentry","category-izlozbe","category-novosti"],"acf":{"facebook_opis":""},"jetpack_publicize_connections":[],"jetpack_featured_media_url":"https:\/\/i0.wp.com\/historiografija.hr\/wp-content\/uploads\/2022\/09\/PPMI-F-1451_Carski-manevri.jpg?fit=527%2C305&ssl=1","jetpack_sharing_enabled":true,"jetpack-related-posts":[],"_links":{"self":[{"href":"https:\/\/historiografija.hr\/index.php?rest_route=\/wp\/v2\/posts\/32503","targetHints":{"allow":["GET"]}}],"collection":[{"href":"https:\/\/historiografija.hr\/index.php?rest_route=\/wp\/v2\/posts"}],"about":[{"href":"https:\/\/historiografija.hr\/index.php?rest_route=\/wp\/v2\/types\/post"}],"author":[{"embeddable":true,"href":"https:\/\/historiografija.hr\/index.php?rest_route=\/wp\/v2\/users\/2"}],"replies":[{"embeddable":true,"href":"https:\/\/historiografija.hr\/index.php?rest_route=%2Fwp%2Fv2%2Fcomments&post=32503"}],"version-history":[{"count":1,"href":"https:\/\/historiografija.hr\/index.php?rest_route=\/wp\/v2\/posts\/32503\/revisions"}],"predecessor-version":[{"id":32505,"href":"https:\/\/historiografija.hr\/index.php?rest_route=\/wp\/v2\/posts\/32503\/revisions\/32505"}],"wp:featuredmedia":[{"embeddable":true,"href":"https:\/\/historiografija.hr\/index.php?rest_route=\/wp\/v2\/media\/32504"}],"wp:attachment":[{"href":"https:\/\/historiografija.hr\/index.php?rest_route=%2Fwp%2Fv2%2Fmedia&parent=32503"}],"wp:term":[{"taxonomy":"category","embeddable":true,"href":"https:\/\/historiografija.hr\/index.php?rest_route=%2Fwp%2Fv2%2Fcategories&post=32503"},{"taxonomy":"post_tag","embeddable":true,"href":"https:\/\/historiografija.hr\/index.php?rest_route=%2Fwp%2Fv2%2Ftags&post=32503"}],"curies":[{"name":"wp","href":"https:\/\/api.w.org\/{rel}","templated":true}]}}