{"id":32489,"date":"2022-09-01T19:55:41","date_gmt":"2022-09-01T19:55:41","guid":{"rendered":"http:\/\/historiografija.hr\/?p=32489"},"modified":"2022-09-01T20:27:31","modified_gmt":"2022-09-01T20:27:31","slug":"rethinking-intellectual-history-in-east-central-europe-transformation-of-identities-in-central-europe-and-politicisation-of-the-masses","status":"publish","type":"post","link":"https:\/\/historiografija.hr\/?p=32489","title":{"rendered":"&#8220;Rethinking Intellectual History in East Central Europe. Transformation of Identities in Central Europe and Politicisation of the Masses&#8221;"},"content":{"rendered":"\n<p>International workshop and conference organised by the Department of General History at Faculty of Arts, Comenius University in Bratislava, Institute of History at the Slovak Academy of Sciences and the international research group Intellectual History in East Central Europe<\/p>\n\n\n\n<p>2.-4. September 2022, Bratislava, Faculty of Arts, Gondova 2<\/p>\n\n\n\n<hr class=\"wp-block-separator\"\/>\n\n\n\n<p>Na me\u0111unarodnoj konferenciji o intelektualnoj povijesti koja se odr\u017eava u Bratislavi od 2. do 4. rujna 2022. sudjeluju, me\u0111u ostalim, Isidora Gruba\u010dki, Stefan Gu\u017evica, Lucija Baliki\u0107, Nikola Toma\u0161egovi\u0107, Tja\u0161a Konov\u0161ek, Marko Zajc, Maria Falina i Zs\u00f3fia L\u00f3r\u00e1nd &#8211; s izlaganjima o jugoslavenskoj, hrvatskoj, slovenskoj i srpskoj povijesti te drugim temama.<\/p>\n\n\n\n<hr class=\"wp-block-separator\"\/>\n\n\n\n<p><strong>Programme:<\/strong><\/p>\n\n\n\n<div class=\"wp-block-file\"><a href=\"https:\/\/historiografija.hr\/wp-content\/uploads\/2022\/09\/RIHECE_programme_Bratislava.pdf\">RIHECE_programme_Bratislava<\/a><a href=\"https:\/\/historiografija.hr\/wp-content\/uploads\/2022\/09\/RIHECE_programme_Bratislava.pdf\" class=\"wp-block-file__button\" download>Preuzmi<\/a><\/div>\n\n\n\n<p><a href=\"https:\/\/www.facebook.com\/KatedraVseobecnychDejinFifUK\">https:\/\/www.facebook.com\/KatedraVseobecnychDejinFifUK<\/a><\/p>\n\n\n\n<hr class=\"wp-block-separator\"\/>\n","protected":false},"excerpt":{"rendered":"","protected":false},"author":2,"featured_media":32493,"comment_status":"open","ping_status":"open","sticky":false,"template":"","format":"standard","meta":{"_acf_changed":false,"jetpack_post_was_ever_published":false,"_jetpack_newsletter_access":"","_jetpack_dont_email_post_to_subs":false,"_jetpack_newsletter_tier_id":0,"_jetpack_memberships_contains_paywalled_content":false,"_jetpack_memberships_contains_paid_content":false,"footnotes":"","jetpack_publicize_message":"","jetpack_publicize_feature_enabled":true,"jetpack_social_post_already_shared":true,"jetpack_social_options":{"image_generator_settings":{"template":"highway","default_image_id":0,"font":"","enabled":false},"version":2}},"categories":[3,9],"tags":[],"class_list":["post-32489","post","type-post","status-publish","format-standard","has-post-thumbnail","hentry","category-novosti","category-skupovi"],"acf":{"facebook_opis":""},"jetpack_publicize_connections":[],"jetpack_featured_media_url":"https:\/\/i0.wp.com\/historiografija.hr\/wp-content\/uploads\/2022\/09\/Programme_Bratislava_2022.jpg?fit=1226%2C638&ssl=1","jetpack_sharing_enabled":true,"jetpack-related-posts":[],"_links":{"self":[{"href":"https:\/\/historiografija.hr\/index.php?rest_route=\/wp\/v2\/posts\/32489","targetHints":{"allow":["GET"]}}],"collection":[{"href":"https:\/\/historiografija.hr\/index.php?rest_route=\/wp\/v2\/posts"}],"about":[{"href":"https:\/\/historiografija.hr\/index.php?rest_route=\/wp\/v2\/types\/post"}],"author":[{"embeddable":true,"href":"https:\/\/historiografija.hr\/index.php?rest_route=\/wp\/v2\/users\/2"}],"replies":[{"embeddable":true,"href":"https:\/\/historiografija.hr\/index.php?rest_route=%2Fwp%2Fv2%2Fcomments&post=32489"}],"version-history":[{"count":3,"href":"https:\/\/historiografija.hr\/index.php?rest_route=\/wp\/v2\/posts\/32489\/revisions"}],"predecessor-version":[{"id":32499,"href":"https:\/\/historiografija.hr\/index.php?rest_route=\/wp\/v2\/posts\/32489\/revisions\/32499"}],"wp:featuredmedia":[{"embeddable":true,"href":"https:\/\/historiografija.hr\/index.php?rest_route=\/wp\/v2\/media\/32493"}],"wp:attachment":[{"href":"https:\/\/historiografija.hr\/index.php?rest_route=%2Fwp%2Fv2%2Fmedia&parent=32489"}],"wp:term":[{"taxonomy":"category","embeddable":true,"href":"https:\/\/historiografija.hr\/index.php?rest_route=%2Fwp%2Fv2%2Fcategories&post=32489"},{"taxonomy":"post_tag","embeddable":true,"href":"https:\/\/historiografija.hr\/index.php?rest_route=%2Fwp%2Fv2%2Ftags&post=32489"}],"curies":[{"name":"wp","href":"https:\/\/api.w.org\/{rel}","templated":true}]}}