{"id":32437,"date":"2022-08-29T11:21:16","date_gmt":"2022-08-29T11:21:16","guid":{"rendered":"http:\/\/historiografija.hr\/?p=32437"},"modified":"2022-09-09T16:24:27","modified_gmt":"2022-09-09T16:24:27","slug":"izlozba-bastina-odozdo-dreznica-tragovi-i-sjecanja","status":"publish","type":"post","link":"https:\/\/historiografija.hr\/?p=32437","title":{"rendered":"Izlo\u017eba &#8220;Ba\u0161tina odozdo. Dre\u017enica: Tragovi i sje\u0107anja&#8221;"},"content":{"rendered":"\n<p>Izlo\u017eba projekta <a href=\"https:\/\/www.ipu.hr\/article\/hr\/761\/bastina-odozdo-dreznica-tragovi-i-sjecanja-19411945\">Ba\u0161tina odozdo | Dre\u017enica: Tragovi i sje\u0107anja<\/a> odr\u017eat \u0107e se u Galeriji Arheolo\u0161kog muzeja u Zagrebu (Pavla Hatza 6) od 30. kolovoza do 10. rujna 2022. godine.<\/p>\n\n\n\n<p>Izlo\u017eba je rezultat me\u0111unarodnog istra\u017eiva\u010dkog projekta usmjerenog na suvremenu povijest i ba\u0161tinu dre\u017eni\u010dkog kraja koji je bio jednim od klju\u010dnih popri\u0161ta partizanske borbe u Drugom svjetskom ratu.<\/p>\n\n\n\n<p>Pokrenut 2019. godine, projekt se temelji na interdisciplinarnoj istra\u017eiva\u010dkoj suradnji i terenskom radu s lokalnom zajednicom kao metodolo\u0161kim osnovama otvaranja kriti\u010dkih perspektiva na fenomene poput dru\u0161tvenog sje\u0107anja i proizvodnje ba\u0161tine.<\/p>\n\n\n\n<p>Izlo\u017eba zapo\u010dinje predstavljanjem slojevitosti memorijalnih krajolika Dre\u017enice kroz prikaz nekada\u0161njih i suvremenih pristupa mapiranju ba\u0161tine. Potom otvara \u010detiri tematske \u201esonde\u201c, povezane s lokalitetima na kojima su vr\u0161ena arheolo\u0161ka istra\u017eivanja: &#8216;Radikalna skrb&#8217;, &#8216;Mediji otpora&#8217;, &#8216;Rat kod ku\u0107e&#8217; i &#8216;Skrovi\u0161te&#8217;. Svaka izlo\u017ebena cjelina sastavljena je od arheolo\u0161kih predmeta, fotografija, memoaristike i oralnih izvora, kao i znanstvenih rezultata interdisciplinarnog istra\u017eivanja. \u201eSonde\u201c ne nude definitivne zaklju\u010dke, ve\u0107 slu\u017ee kao epistemolo\u0161ki laboratoriji u nastojanju povezivanja iskustva pro\u0161losti s aktualnim dru\u0161tvenim pitanjima. Izlo\u017eba poti\u010de na kriti\u010dko promi\u0161ljanje dominantnih ba\u0161tinskih praksi, ujedno otvaraju\u0107i nove obzore razumijevanja ba\u0161tine kao afektivnog sredstva bavljenja suvremenim dru\u0161tvenim problema.<\/p>\n\n\n\n<p><br><strong>Voditeljica projekta<\/strong>:<br>Sanja Horvatin\u010di\u0107<\/p>\n\n\n\n<p><strong>Autori izlo\u017ebe<\/strong>:<br>Sanja Horvatin\u010di\u0107, Rui Gomes Coelho, Lujo Pare\u017eanin<\/p>\n\n\n\n<p><strong>Organizator izlo\u017ebe:<\/strong><\/p>\n\n\n\n<p>Institut za povijest umjetnosti, Zagreb<\/p>\n\n\n\n<p><strong>Dizajn<\/strong>:<br>Nikola Kri\u017eanac<\/p>\n\n\n\n<p><strong>Stru\u010dni suradnici na izlo\u017ebi<\/strong>:<br>Valerija Gligora, Carlos Otero Vilari\u00f1o, Sara Sim\u00f5es (arheolo\u0161ka dokumentacija); Ivona Grgurinovi\u0107, Iva Stojevi\u0107, Milan Radanovi\u0107 (intervjui i transkripti); Andrea \u010ceko (kartografski prikazi); Sanela Huzjak, Sredi\u0161nji laboratorij za konzervaciju i restauraciju u Hrvatskom dr\u017eavnom arhivu (konzervacija papira), Marijana Vinkovi\u0107 (kemijska analiza), studenti prve godine postdiplomskog studija Konzervacija muzejskih i arheolo\u0161kih predmeta, Sveu\u010dili\u0161te Durham (konzervacija predmeta); Matija Kralj, Luka Mati\u0107 (fotografija i film); Hrvoje Ten\u0161ek (digitalizacija zvu\u010dnih zapisa).<\/p>\n\n\n\n<p><strong>Institucionalna suradnja<\/strong>:<br>Arheolo\u0161ki muzej u Zagrebu;<br>Odjel za kulturu Srpskog narodnog vije\u0107a;<br>Odsjek za arheologiju Sveu\u010dili\u0161ta Durham;<br>Zavi\u010dajni muzej Ogulin;<br>UNIARQ \u2013 Centar za arheologiju<br>Sveu\u010dili\u0161ta u Lisabonu;<br>Odsjek za etnologiju i kulturnu antropologiju Filozofskog fakulteta Sveu\u010dili\u0161ta u Zagrebu;<br>Sredi\u0161nji laboratorij za konzervaciju i<br>restauraciju u Hrvatskom dr\u017eavnom arhivu;<br>Centar za NMR \u2013 Nuklearnu magnetsku<br>rezonancu, Institut Ru\u0111er Bo\u0161kovi\u0107.<br><br>Izlo\u017eba je financirana sredstvima Ministarstva kulture i medija Republike Hrvatske i Gradskog ureda za kulturu, me\u0111ugradsku i me\u0111unarodnu suradnju i civilno dru\u0161tvo Grada Zagreba.<\/p>\n\n\n\n<hr class=\"wp-block-separator\"\/>\n\n\n\n<p>Izvor:<\/p>\n\n\n\n<p><a href=\"https:\/\/www.ipu.hr\/article\/hr\/1262\/dreznica-tragovi-i-sjecanja\">https:\/\/www.ipu.hr\/article\/hr\/1262\/dreznica-tragovi-i-sjecanja<\/a><\/p>\n\n\n\n<hr class=\"wp-block-separator\"\/>\n\n\n\n<p>Iz medija:<\/p>\n\n\n\n<p><a href=\"https:\/\/www.portalnovosti.com\/sanja-horvatincic-dreznicani-itekako-njeguju-sjecanje-na-nob\">https:\/\/www.portalnovosti.com\/sanja-horvatincic-dreznicani-itekako-njeguju-sjecanje-na-nob<\/a><\/p>\n\n\n\n<p><a href=\"https:\/\/www.portalnovosti.com\/arheologija-otpora\">https:\/\/www.portalnovosti.com\/arheologija-otpora<\/a><\/p>\n\n\n\n<hr class=\"wp-block-separator\"\/>\n","protected":false},"excerpt":{"rendered":"","protected":false},"author":2,"featured_media":32438,"comment_status":"open","ping_status":"open","sticky":false,"template":"","format":"standard","meta":{"_acf_changed":false,"jetpack_post_was_ever_published":false,"_jetpack_newsletter_access":"","_jetpack_dont_email_post_to_subs":false,"_jetpack_newsletter_tier_id":0,"_jetpack_memberships_contains_paywalled_content":false,"_jetpack_memberships_contains_paid_content":false,"footnotes":"","jetpack_publicize_message":"","jetpack_publicize_feature_enabled":true,"jetpack_social_post_already_shared":true,"jetpack_social_options":{"image_generator_settings":{"template":"highway","default_image_id":0,"font":"","enabled":false},"version":2}},"categories":[10,3],"tags":[],"class_list":["post-32437","post","type-post","status-publish","format-standard","has-post-thumbnail","hentry","category-izlozbe","category-novosti"],"acf":{"facebook_opis":""},"jetpack_publicize_connections":[],"jetpack_featured_media_url":"https:\/\/i0.wp.com\/historiografija.hr\/wp-content\/uploads\/2022\/08\/bastina-odozdo-dreznica.jpg?fit=900%2C563&ssl=1","jetpack_sharing_enabled":true,"jetpack-related-posts":[],"_links":{"self":[{"href":"https:\/\/historiografija.hr\/index.php?rest_route=\/wp\/v2\/posts\/32437","targetHints":{"allow":["GET"]}}],"collection":[{"href":"https:\/\/historiografija.hr\/index.php?rest_route=\/wp\/v2\/posts"}],"about":[{"href":"https:\/\/historiografija.hr\/index.php?rest_route=\/wp\/v2\/types\/post"}],"author":[{"embeddable":true,"href":"https:\/\/historiografija.hr\/index.php?rest_route=\/wp\/v2\/users\/2"}],"replies":[{"embeddable":true,"href":"https:\/\/historiografija.hr\/index.php?rest_route=%2Fwp%2Fv2%2Fcomments&post=32437"}],"version-history":[{"count":4,"href":"https:\/\/historiografija.hr\/index.php?rest_route=\/wp\/v2\/posts\/32437\/revisions"}],"predecessor-version":[{"id":32597,"href":"https:\/\/historiografija.hr\/index.php?rest_route=\/wp\/v2\/posts\/32437\/revisions\/32597"}],"wp:featuredmedia":[{"embeddable":true,"href":"https:\/\/historiografija.hr\/index.php?rest_route=\/wp\/v2\/media\/32438"}],"wp:attachment":[{"href":"https:\/\/historiografija.hr\/index.php?rest_route=%2Fwp%2Fv2%2Fmedia&parent=32437"}],"wp:term":[{"taxonomy":"category","embeddable":true,"href":"https:\/\/historiografija.hr\/index.php?rest_route=%2Fwp%2Fv2%2Fcategories&post=32437"},{"taxonomy":"post_tag","embeddable":true,"href":"https:\/\/historiografija.hr\/index.php?rest_route=%2Fwp%2Fv2%2Ftags&post=32437"}],"curies":[{"name":"wp","href":"https:\/\/api.w.org\/{rel}","templated":true}]}}