{"id":32430,"date":"2022-08-26T14:06:44","date_gmt":"2022-08-26T14:06:44","guid":{"rendered":"http:\/\/historiografija.hr\/?p=32430"},"modified":"2022-08-26T14:06:44","modified_gmt":"2022-08-26T14:06:44","slug":"veselin-pavlicevic-ratni-drugovi-milovana-dilasa","status":"publish","type":"post","link":"https:\/\/historiografija.hr\/?p=32430","title":{"rendered":"Veselin Pavli\u0107evi\u0107, \u201eRatni drugovi Milovana \u0110ilasa\u201d"},"content":{"rendered":"\n<p>Izdava\u010dka ku\u0107a \u201eBON\u201d iz Podgorice je 2021. objavila knjigu \u201eRatni drugovi Milovana \u0110ilasa\u201d, autora Veselina Pavli\u0107evi\u0107a.<\/p>\n\n\n\n<p>Knjiga je podijeljena u dva dijela. U prvom se obra\u0111uju li\u010dnosti kao \u0161to su: Edvard Kardelj, Boris Kidri\u010d, Aleksandar Rankovi\u0107, Mo\u0161a Pijade, Ivan Milutinovi\u0107, Vladimir Dedijer, Josip Broz Tito, Svetozar Vukmanovi\u0107 Tempo, Peko Dap\u010devi\u0107, Bla\u017eo Jovanovi\u0107, Sava Kova\u010devi\u0107, Konstantin Ko\u010da Popovi\u0107, kao i Mitra Mitrovi\u0107. U drugom dijelu knjige nalaze se sljede\u0107a poglavlja: \u201eMunkov i \u0110ilasov krik\u2018\u201d, \u201eVjesnik glasnosti\u2018\u201d, \u201e\u0110ilasov revizionizam\u2018\u201d, \u201e\u0110ilasov antisemitizam\u2018\u201d, \u201e\u0110ilas o radni\u010dkim \u0161trajkovima\u201d, \u201eSmjena Milovana \u0110ilasa\u201d, \u201e\u0110ilas o novo-klasnom nacionalizmu\u201d, \u201eS one strane pobune\u201d, \u201eHru\u0161\u010dovljevo pismo Titu\u201d, \u201eMilovan \u0110ilas: ni asketa, ni genije, ni zlikovac\u201d, \u201e\u0110ilasova putovanja na Zapad\u201d, \u201e\u0160ta je jasno kod Svetislava Basare\u201d, \u201eBesudna zemlja\u201d, kao i \u201eCrnogorska disidencija\u201d.<\/p>\n\n\n\n<p><strong>Veselin Mitko Pavli\u0107evi\u0107<\/strong> ro\u0111en je u Titogradu 1950. godine. Diplomirao je na Ekonomskom fakultetu u Titogradu. Studije iz oblasti menad\u017ementa specijalizirao je 1972. godine na Univerzitetu St. Morik, Zapadna Vird\u017einija, Sjedinjene Ameri\u010dke Dr\u017eave. Magistar je ekonomskih nauka.<\/p>\n\n\n\n<p>Objavio je knjige: \u201e\u0110ilas i \u010dlanci\u201d (2011), \u201eLijeve gre\u0161ke Milovana \u0110ilasa ili partijski silogizam\u201d (2012), \u201eEseji o Milovanu \u0110ilasu\u201d (2014), \u201eDisident \u0110ilas: polemike, podsje\u0107anja, tuma\u010denja\u201d (2016), kao i \u201eDesna skretanja Milovana \u0110ilasa\u201d (2018). Autor je brojnih eseja koji su izlazili u crnogorskim i drugim novinama i \u010dasopisima: \u201eDan\u201d, \u201ePobjeda\u201d, \u201eNova Bosna\u201d, \u201eGlasnik\u201d, \u201ePolitika\u201d, \u201eKomuna\u201d, \u201eCKL\u201d i drugi. \u017divi u Podgorici.<\/p>\n\n\n\n<hr class=\"wp-block-separator\"\/>\n\n\n\n<p>Preneseno s portala <strong>Historiografija.ba<\/strong>:<\/p>\n\n\n\n<p><a href=\"https:\/\/historiografija.ba\/article.php?id=1355\">https:\/\/historiografija.ba\/article.php?id=1355<\/a><\/p>\n\n\n\n<hr class=\"wp-block-separator\"\/>\n\n\n\n<p><strong>Latinka Perovi\u0107<\/strong><\/p>\n\n\n\n<p>Prikaz knjige Veselina Pavli\u0107evi\u0107a \u201eRatni drugovi Milovana \u0110ilasa\u201c<\/p>\n\n\n\n<figure class=\"wp-block-embed-wordpress wp-block-embed is-type-wp-embed is-provider-pescanik\"><div class=\"wp-block-embed__wrapper\">\n<blockquote class=\"wp-embedded-content\" data-secret=\"IucLzwfr6n\"><a href=\"https:\/\/pescanik.net\/ratni-drugovi-milovana-djilasa\/\">Ratni drugovi Milovana \u0110ilasa<\/a><\/blockquote><iframe loading=\"lazy\" class=\"wp-embedded-content\" sandbox=\"allow-scripts\" security=\"restricted\" style=\"position: absolute; clip: rect(1px, 1px, 1px, 1px);\" title=\"&#8220;Ratni drugovi Milovana \u0110ilasa&#8221; &#8212; Pe\u0161\u010danik\" src=\"https:\/\/pescanik.net\/ratni-drugovi-milovana-djilasa\/embed\/#?secret=IL6hZl9oF0#?secret=IucLzwfr6n\" data-secret=\"IucLzwfr6n\" width=\"600\" height=\"338\" frameborder=\"0\" marginwidth=\"0\" marginheight=\"0\" scrolling=\"no\"><\/iframe>\n<\/div><\/figure>\n\n\n\n<hr class=\"wp-block-separator\"\/>\n","protected":false},"excerpt":{"rendered":"","protected":false},"author":2,"featured_media":32431,"comment_status":"open","ping_status":"open","sticky":false,"template":"","format":"standard","meta":{"_acf_changed":false,"jetpack_post_was_ever_published":false,"_jetpack_newsletter_access":"","_jetpack_dont_email_post_to_subs":false,"_jetpack_newsletter_tier_id":0,"_jetpack_memberships_contains_paywalled_content":false,"_jetpack_memberships_contains_paid_content":false,"footnotes":"","jetpack_publicize_message":"","jetpack_publicize_feature_enabled":true,"jetpack_social_post_already_shared":true,"jetpack_social_options":{"image_generator_settings":{"template":"highway","default_image_id":0,"font":"","enabled":false},"version":2}},"categories":[8,3],"tags":[],"class_list":["post-32430","post","type-post","status-publish","format-standard","has-post-thumbnail","hentry","category-knjige","category-novosti"],"acf":{"facebook_opis":""},"jetpack_publicize_connections":[],"jetpack_featured_media_url":"https:\/\/i0.wp.com\/historiografija.hr\/wp-content\/uploads\/2022\/08\/Ratni-drugovi-Milovana-Djilasa.jpg?fit=450%2C654&ssl=1","jetpack_sharing_enabled":true,"jetpack-related-posts":[],"_links":{"self":[{"href":"https:\/\/historiografija.hr\/index.php?rest_route=\/wp\/v2\/posts\/32430","targetHints":{"allow":["GET"]}}],"collection":[{"href":"https:\/\/historiografija.hr\/index.php?rest_route=\/wp\/v2\/posts"}],"about":[{"href":"https:\/\/historiografija.hr\/index.php?rest_route=\/wp\/v2\/types\/post"}],"author":[{"embeddable":true,"href":"https:\/\/historiografija.hr\/index.php?rest_route=\/wp\/v2\/users\/2"}],"replies":[{"embeddable":true,"href":"https:\/\/historiografija.hr\/index.php?rest_route=%2Fwp%2Fv2%2Fcomments&post=32430"}],"version-history":[{"count":1,"href":"https:\/\/historiografija.hr\/index.php?rest_route=\/wp\/v2\/posts\/32430\/revisions"}],"predecessor-version":[{"id":32432,"href":"https:\/\/historiografija.hr\/index.php?rest_route=\/wp\/v2\/posts\/32430\/revisions\/32432"}],"wp:featuredmedia":[{"embeddable":true,"href":"https:\/\/historiografija.hr\/index.php?rest_route=\/wp\/v2\/media\/32431"}],"wp:attachment":[{"href":"https:\/\/historiografija.hr\/index.php?rest_route=%2Fwp%2Fv2%2Fmedia&parent=32430"}],"wp:term":[{"taxonomy":"category","embeddable":true,"href":"https:\/\/historiografija.hr\/index.php?rest_route=%2Fwp%2Fv2%2Fcategories&post=32430"},{"taxonomy":"post_tag","embeddable":true,"href":"https:\/\/historiografija.hr\/index.php?rest_route=%2Fwp%2Fv2%2Ftags&post=32430"}],"curies":[{"name":"wp","href":"https:\/\/api.w.org\/{rel}","templated":true}]}}