{"id":32427,"date":"2022-08-26T14:04:27","date_gmt":"2022-08-26T14:04:27","guid":{"rendered":"http:\/\/historiografija.hr\/?p=32427"},"modified":"2022-08-26T14:04:27","modified_gmt":"2022-08-26T14:04:27","slug":"marie-janine-calic-tito-vjecni-partizan","status":"publish","type":"post","link":"https:\/\/historiografija.hr\/?p=32427","title":{"rendered":"Marie-Janine Calic, \u201cTito \u2013 Vje\u010dni partizan\u201d"},"content":{"rendered":"\n<p>O Josipu Brozu Titu te\u0161ko je pisati. Slijeva i zdesna stoje klisurine neukusnih apologija i jo\u0161 manje ukusnih politikantskih osporavanja. Povjesni\u010darka Marie-Janine Calic s tim se izazovom suo\u010dila nakon nekoliko objavljenih i utjecajnih djela o povijesti Jugoslavije i jugoisto\u010dne Europe. \u010cinjenice iz Titove biografije vi\u0161e-manje su op\u0107epoznate. Nema novih velikih otkri\u0107a, osim mo\u017eda o do sada relativno nepoznatoj supruzi Lucie Bauer. Nova mogu biti samo tuma\u010denja. S\u00e2m naslov knjige, <em>Tito \u2013 Vje\u010dni partizan<\/em>, sa\u017eima sredi\u0161nju odrednicu Brozova \u017eivota, ali i proturje\u010dja njegove li\u010dnosti, proturje\u010dja izme\u0111u njegove beskrupuloznosti i vizije humanog dru\u0161tva, izme\u0111u njegova staljinizma i antistaljinizma, izme\u0111u emancipacijske vanjske politike i blagog, u nekim razdobljima manje blagog, a neposredno nakon rata surovog autoritarizma u zemlji. Josip Broz Tito nije bio partizan samo u Drugom svjetskom ratu, ve\u0107 je to ostao i nakon rata, do kraja \u017eivota \u2013 <em>vje\u010dni partizan<\/em> trajno razdiran izme\u0111u potrebe da bude borac za mir i ugledan svjetski dr\u017eavnik (u \u010demu je uglavnom uspijevao) te bolj\u0161evi\u010dki revolucionar koji je u ime komunisti\u010dke utopije i daleke budu\u0107nosti ponekad bio spreman na uskra\u0107ivanje sada\u0161njosti. U knjizi <em>Tito \u2013 Vje\u010dni partizan<\/em> Marie-Janine Calic stavlja Josipa Broza u kontekst njegova vremena i podsje\u0107a nas da je bio sposoban \u010diniti i dobro i zlo, jer je, prije svega, bio \u010dovjek.<\/p>\n\n\n\n<hr class=\"wp-block-separator\"\/>\n\n\n\n<p>Jezik izvornika: njema\u010dki<\/p>\n\n\n\n<p>Prijevod: Goran Schmidt<\/p>\n\n\n\n<p>Broj stranica: 424<\/p>\n\n\n\n<p>Datum izdanja: kolovoz 2022.<\/p>\n\n\n\n<p>Naslov izvornika: Tito \u2013 Der ewige Partisan<\/p>\n\n\n\n<hr class=\"wp-block-separator\"\/>\n\n\n\n<p><a href=\"https:\/\/fraktura.hr\/tito-vjecni-partizan.html\">https:\/\/fraktura.hr\/tito-vjecni-partizan.html<\/a><\/p>\n\n\n\n<hr class=\"wp-block-separator\"\/>\n","protected":false},"excerpt":{"rendered":"","protected":false},"author":2,"featured_media":32428,"comment_status":"open","ping_status":"open","sticky":false,"template":"","format":"standard","meta":{"_acf_changed":false,"jetpack_post_was_ever_published":false,"_jetpack_newsletter_access":"","_jetpack_dont_email_post_to_subs":false,"_jetpack_newsletter_tier_id":0,"_jetpack_memberships_contains_paywalled_content":false,"_jetpack_memberships_contains_paid_content":false,"footnotes":"","jetpack_publicize_message":"","jetpack_publicize_feature_enabled":true,"jetpack_social_post_already_shared":true,"jetpack_social_options":{"image_generator_settings":{"template":"highway","default_image_id":0,"font":"","enabled":false},"version":2}},"categories":[8,3],"tags":[],"class_list":["post-32427","post","type-post","status-publish","format-standard","has-post-thumbnail","hentry","category-knjige","category-novosti"],"acf":{"facebook_opis":""},"jetpack_publicize_connections":[],"jetpack_featured_media_url":"https:\/\/i0.wp.com\/historiografija.hr\/wp-content\/uploads\/2022\/08\/tito_vjecni_partizan.jpg?fit=449%2C610&ssl=1","jetpack_sharing_enabled":true,"jetpack-related-posts":[],"_links":{"self":[{"href":"https:\/\/historiografija.hr\/index.php?rest_route=\/wp\/v2\/posts\/32427","targetHints":{"allow":["GET"]}}],"collection":[{"href":"https:\/\/historiografija.hr\/index.php?rest_route=\/wp\/v2\/posts"}],"about":[{"href":"https:\/\/historiografija.hr\/index.php?rest_route=\/wp\/v2\/types\/post"}],"author":[{"embeddable":true,"href":"https:\/\/historiografija.hr\/index.php?rest_route=\/wp\/v2\/users\/2"}],"replies":[{"embeddable":true,"href":"https:\/\/historiografija.hr\/index.php?rest_route=%2Fwp%2Fv2%2Fcomments&post=32427"}],"version-history":[{"count":1,"href":"https:\/\/historiografija.hr\/index.php?rest_route=\/wp\/v2\/posts\/32427\/revisions"}],"predecessor-version":[{"id":32429,"href":"https:\/\/historiografija.hr\/index.php?rest_route=\/wp\/v2\/posts\/32427\/revisions\/32429"}],"wp:featuredmedia":[{"embeddable":true,"href":"https:\/\/historiografija.hr\/index.php?rest_route=\/wp\/v2\/media\/32428"}],"wp:attachment":[{"href":"https:\/\/historiografija.hr\/index.php?rest_route=%2Fwp%2Fv2%2Fmedia&parent=32427"}],"wp:term":[{"taxonomy":"category","embeddable":true,"href":"https:\/\/historiografija.hr\/index.php?rest_route=%2Fwp%2Fv2%2Fcategories&post=32427"},{"taxonomy":"post_tag","embeddable":true,"href":"https:\/\/historiografija.hr\/index.php?rest_route=%2Fwp%2Fv2%2Ftags&post=32427"}],"curies":[{"name":"wp","href":"https:\/\/api.w.org\/{rel}","templated":true}]}}