{"id":32401,"date":"2022-08-23T15:15:17","date_gmt":"2022-08-23T15:15:17","guid":{"rendered":"http:\/\/historiografija.hr\/?p=32401"},"modified":"2022-08-23T15:15:17","modified_gmt":"2022-08-23T15:15:17","slug":"8th-doctoral-workshop-microhistories-of-socialism-and-postsocialism-pula-august-24-27-2022","status":"publish","type":"post","link":"https:\/\/historiografija.hr\/?p=32401","title":{"rendered":"8TH DOCTORAL WORKSHOP: Microhistories of Socialism and Postsocialism (Pula, August 24-27, 2022)"},"content":{"rendered":"\n<p>Sveu\u010dili\u0161te Jurja Dobrile u Puli, Filozofski fakultet, Odsjek za povijest i<br>Centar za kulturolo\u0161ka i povijesna istra\u017eivanja socijalizma<\/p>\n\n\n\n<p><strong>8. DOKTORSKA RADIONICA<\/strong><strong><br>Mikrohistorija socijalizma i postsocijalizma<\/strong><br>Pula, 24-27. kolovoza 2022.<\/p>\n\n\n\n<p>Od 2015., svake godine krajem ljeta, u Puli se odr\u017eava Doktorska radionica za polaznike poslijediplomskih studija povijesti i bliskih znanosti. Pro\u0161le i ove godine temu radionice povezujemo s istra\u017eiva\u010dkim projektom <a href=\"https:\/\/www.unipu.hr\/ckpis\/mikrosocijalizam\">Mikrostrukture jugoslavenskoga socijalizma: Hrvatska 1970-1990. (Mikrosocijalizam)<\/a>, koji financira Hrvatska zaklada za znanost i kojim se promatraju dru\u0161tveni, kulturni, politi\u010dki i ekonomski procesi jugoslavenskog kasnog socijalizma na mikrorazini. Pro\u0161le godine tema radionice imala je u\u017ei vremenski raspon, ali sada obuhva\u0107a razdoblje od 1920-ih do 2020-ih, stotinu godina socijalizma i postsocijalizma, od po\u010detaka Sovjetskoga Saveza do danas, u europskom i globalnom kontekstu. Dobrodo\u0161la su izlaganja o pojedincima, grupama i zajednicama, \u017eenama i mu\u0161karcima, mladima i starima, gradskoj i seoskoj sredini, tvorni\u010dkim, zadru\u017enim i drugim kolektivima, radnom i slobodnom vremenu, lokalnoj samoupravi i dru\u0161tveno-politi\u010dkim organizacijama, kulturi i medijima. Zanima nas i povezivanje mikro i makro pristupa, povijesti odozdo i odozgo, direktive i prakse, studije slu\u010daja smje\u0161tene izme\u0111u klju\u010dnih doga\u0111aja i struktura dugog trajanja. Istra\u017eivanja na projektu Mikrosocijalizam tako \u0107e se mo\u0107i povezati sa znatno \u0161irim kontekstom, druga\u010dijim uvidima i interpretacijama. Predava\u010di \u0107e biti istra\u017eiva\u010di na projektu i drugi stru\u010dnjaci.<\/p>\n\n\n\n<p>Na radionici smo pro\u0161lih godina obra\u0111ivali razli\u010dite teme iz suvremene povijesti, povijesti socijalisti\u010dke Jugoslavije i \u0161irega europskog konteksta: Povijest svakodnevice u socijalisti\u010dkoj Jugoslaviji; Jugoslavenski socijalizam: sli\u010dnosti i posebnosti; Novi \u010dovjek za socijalisti\u010dko dru\u0161tvo, Jugoslavija i globalna 1968.: konteksti, perspektive, odjeci; Industrijska dru\u0161tva kasnoga socijalizma: europske usporedbe; Suradnja, razmjena i solidarnost u Europi 1945-1990.; Mikrohistorija socijalizma. Teme su \u010desto bile povezane s istra\u017eiva\u010dkim projektima koji se provode u CKPIS-u ili u suradnji s mre\u017eom okupljenom oko Katedre za povijest jugoisto\u010dne Europe Humboldtova sveu\u010dili\u0161ta u Berlinu. Proteklih godina radionica je bilje\u017eila izvrstan odaziv te su na njoj sudjelovali doktorandi i predava\u010di iz niza sveu\u010dili\u0161ta i drugih ustanova (Be\u010d, Beograd, Berlin, Birmingham, Bologna, Budimpe\u0161ta, Cork, Durham, Firenca, Ghent, Giessen, Glasgow, Graz, Hamburg, Ia\u015fi, K\u00f6ln, Konstanz, Kopar, Ljubljana, Montreal, M\u00fcnchen, North Carolina \u2013 Chapel Hill, Nottingham, Oxford, Pariz, Potsdam, Prag, Princeton, Regensburg, San Diego, Sarajevo, Skopje, Sofija, Split, Var\u0161ava, Warwick, Zagreb i Pula).<\/p>\n\n\n\n<p><a href=\"https:\/\/www.unipu.hr\/images\/50035705\/Doktorska%20radionica%202022%20POZIV.pdf\">POZIV ZA SUDJELOVANJE<\/a><br><a href=\"https:\/\/www.unipu.hr\/images\/50035705\/Radionica-Workshop%202022%20PRIJAVA-APPLICATION.docx\">PRIJAVNI OBRAZAC<\/a> (Rok: 15. svibnja 2022.)<br><a href=\"https:\/\/www.unipu.hr\/images\/50035705\/Doktorska%20radionica%202022%20PROGRAM.pdf\">PROGRAM<\/a><\/p>\n\n\n\n<p><em>Pozvani predava\u010di<\/em><br>izv. prof. dr. sc. <a href=\"https:\/\/www.unin.hr\/profili\/profil\/najbar-agicic-magdalena\" target=\"_blank\" rel=\"noreferrer noopener\">Magdalena Najbar-Agi\u010di\u0107<\/a>, Sveu\u010dili\u0161te Sjever<br>prof. dr. sc. <a href=\"https:\/\/ikss.zrc-sazu.si\/en\/sodelavci\/tanja-petrovic-en\" target=\"_blank\" rel=\"noreferrer noopener\">Tanja Petrovi\u0107<\/a>, Institut za kulturalne studije i kulturu sje\u0107anja ZRC SAZU, Ljubljana<br>doc. dr. sc. <a href=\"https:\/\/research.flw.ugent.be\/en\/pieter.troch\" target=\"_blank\" rel=\"noreferrer noopener\">Pieter Troch<\/a>, Sveu\u010dili\u0161te u Gentu<br>izv. prof. dr. sc. <a href=\"https:\/\/www.f.bg.ac.rs\/sr-lat\/istorija\/zaposleni_od?IDZ=362\" target=\"_blank\" rel=\"noreferrer noopener\">Radina Vu\u010deti\u0107<\/a>, Sveu\u010dili\u0161te u Beogradu<\/p>\n\n\n\n<p><em>Organizacijski odbor<\/em><br>izv. prof. dr. sc. Igor Duda (Pula)<br>dr. sc. Anita Buhin, poslijedoktorandica (Pula\/Lisabon)<br>Tina Filipovi\u0107, doktorandica (Pula\/Zagreb)<br>Sara \u017deri\u0107, doktorandica (Regensburg)<\/p>\n\n\n\n<p><em>Zahvaljujemo na potpori<\/em><br>Sveu\u010dili\u0161te Jurja Dobrile u Puli<br>Filozofski fakultet u Puli<\/p>\n\n\n\n<p><em>Zahvaljujemo na suradnji<\/em><br>Studentski centar Pula<\/p>\n\n\n\n<hr class=\"wp-block-separator\"\/>\n\n\n\n<p>Izvor:<\/p>\n\n\n\n<p><a href=\"https:\/\/www.unipu.hr\/ckpis\/doktorska_radionica\/2022\">https:\/\/www.unipu.hr\/ckpis\/doktorska_radionica\/2022<\/a><\/p>\n\n\n\n<hr class=\"wp-block-separator\"\/>\n\n\n\n<p><strong>English version<\/strong><\/p>\n\n\n\n<p><a href=\"https:\/\/www.unipu.hr\/ckpis\/en\/doctoral_workshop\/2022\">https:\/\/www.unipu.hr\/ckpis\/en\/doctoral_workshop\/2022<\/a><\/p>\n\n\n\n<hr class=\"wp-block-separator\"\/>\n\n\n\n<p><\/p>\n","protected":false},"excerpt":{"rendered":"","protected":false},"author":2,"featured_media":32402,"comment_status":"open","ping_status":"open","sticky":false,"template":"","format":"standard","meta":{"_acf_changed":false,"jetpack_post_was_ever_published":false,"_jetpack_newsletter_access":"","_jetpack_dont_email_post_to_subs":false,"_jetpack_newsletter_tier_id":0,"_jetpack_memberships_contains_paywalled_content":false,"_jetpack_memberships_contains_paid_content":false,"footnotes":"","jetpack_publicize_message":"","jetpack_publicize_feature_enabled":true,"jetpack_social_post_already_shared":true,"jetpack_social_options":{"image_generator_settings":{"template":"highway","default_image_id":0,"font":"","enabled":false},"version":2}},"categories":[3,9],"tags":[],"class_list":["post-32401","post","type-post","status-publish","format-standard","has-post-thumbnail","hentry","category-novosti","category-skupovi"],"acf":{"facebook_opis":""},"jetpack_publicize_connections":[],"jetpack_featured_media_url":"https:\/\/i0.wp.com\/historiografija.hr\/wp-content\/uploads\/2022\/08\/radionica22en.png?fit=1100%2C619&ssl=1","jetpack_sharing_enabled":true,"jetpack-related-posts":[],"_links":{"self":[{"href":"https:\/\/historiografija.hr\/index.php?rest_route=\/wp\/v2\/posts\/32401","targetHints":{"allow":["GET"]}}],"collection":[{"href":"https:\/\/historiografija.hr\/index.php?rest_route=\/wp\/v2\/posts"}],"about":[{"href":"https:\/\/historiografija.hr\/index.php?rest_route=\/wp\/v2\/types\/post"}],"author":[{"embeddable":true,"href":"https:\/\/historiografija.hr\/index.php?rest_route=\/wp\/v2\/users\/2"}],"replies":[{"embeddable":true,"href":"https:\/\/historiografija.hr\/index.php?rest_route=%2Fwp%2Fv2%2Fcomments&post=32401"}],"version-history":[{"count":1,"href":"https:\/\/historiografija.hr\/index.php?rest_route=\/wp\/v2\/posts\/32401\/revisions"}],"predecessor-version":[{"id":32403,"href":"https:\/\/historiografija.hr\/index.php?rest_route=\/wp\/v2\/posts\/32401\/revisions\/32403"}],"wp:featuredmedia":[{"embeddable":true,"href":"https:\/\/historiografija.hr\/index.php?rest_route=\/wp\/v2\/media\/32402"}],"wp:attachment":[{"href":"https:\/\/historiografija.hr\/index.php?rest_route=%2Fwp%2Fv2%2Fmedia&parent=32401"}],"wp:term":[{"taxonomy":"category","embeddable":true,"href":"https:\/\/historiografija.hr\/index.php?rest_route=%2Fwp%2Fv2%2Fcategories&post=32401"},{"taxonomy":"post_tag","embeddable":true,"href":"https:\/\/historiografija.hr\/index.php?rest_route=%2Fwp%2Fv2%2Ftags&post=32401"}],"curies":[{"name":"wp","href":"https:\/\/api.w.org\/{rel}","templated":true}]}}