{"id":32397,"date":"2022-08-23T15:07:06","date_gmt":"2022-08-23T15:07:06","guid":{"rendered":"http:\/\/historiografija.hr\/?p=32397"},"modified":"2022-08-23T15:08:29","modified_gmt":"2022-08-23T15:08:29","slug":"berislav-majhut-na-titonicu-hrvatska-djecja-knjizevnost-u-razdoblju-socijalisticke-jugoslavije","status":"publish","type":"post","link":"https:\/\/historiografija.hr\/?p=32397","title":{"rendered":"Berislav Majhut, \u201cNA TITONICU. Hrvatska dje\u010dja knji\u017eevnost u razdoblju socijalisti\u010dke Jugoslavije\u201d"},"content":{"rendered":"\n<p>Autor se bavi percepcijom Ivane Brli\u0107-Ma\u017eurani\u0107 (<em>Pri\u010de iz davnine <\/em>i<em> \u010cudnovate zgode \u0161egrta Hlapi\u0107a) <\/em>te autorima Ivanom Ku\u0161anom (<em>Uzbuna na Zelenom Vrhu, Doma\u0107a zada\u0107a, Koko i duhovi, Zagonetni dje\u010dak) <\/em>i Hrvojem Hitrecom (<em>Trilogija o Smogovcima<\/em>) te hrvatskim dru\u0161tvom od 1945. do 1991. U taj kontekst stavlja jo\u0161 dva primjera, kojima pokazuje polarnost dje\u010dje knji\u017eevnosti i dru\u0161tvenih normi te refleksije o samome sebi: Danka Oblaka s romanom <em>Modri prozori <\/em>te njegovo mjesto poslije 1991. godine uz novodobne adaptacije Ku\u0161anovih dje\u010djih romana.<\/p>\n\n\n\n<p>Knjiga donosi nove spoznaje i interpretacijske perspektive o hrvatskoj dje\u010djoj knji\u017eevnosti druge polovice 20. stolje\u0107a promatraju\u0107i neke od najpoznatijih djela hrvatskih dje\u010djih pisaca i njihove adaptacije u kontekstu povijesnih i ideolo\u0161kih okolnosti. Pritom se &nbsp;usmjerava na razdoblje socijalisti\u010dke (druge) Jugoslavije u kojem su neki od najva\u017enijih dje\u010djih pisaca uspostavljali specifi\u010dan odnos prema suvremenoj zbilji i njezinim normama. Uvrije\u017eilo se razmatranje povijesti hrvatske dje\u010dje knji\u017eevnosti na periodizaciju iz \u0161ezdesetih godina dvadesetoga stolje\u0107a te na sredi\u0161nji polo\u017eaj opusa \u010detiriju dje\u010djih pisaca (Filipovi\u0107, Brli\u0107-Ma\u017eurani\u0107, Lovrak i Vitez). Autor upozorava na nepotpunost dosada\u0161njih povijesnih pregleda zbog izostavljanja naslova namijenjenih dje\u010djem \u010ditatelju objavljenih u pro\u0161losti i na povijesnu prevladanost periodizacije. Izostaju cijela razdoblja bogata naslovima kakve svaka razvijena povijest dje\u010dje knji\u017eevnosti uklju\u010duje u svoj korpus poput ranih namjenskih i religioznih djela te prvih prijevoda pripovjednih djela na hrvatski koji se javljaju ve\u0107 u 18. stolje\u0107u. Tijekom druge Jugoslavije pre\u0161u\u0107uju se autori, naslovi, pa i cijeli knji\u017eevni sustavi uglavnom iz ideolo\u0161kih razloga. Majhut se prihva\u0107a redefiniranja povijesti hrvatske dje\u010dje knji\u017eevnosti u skladu s najvi\u0161im standardima knji\u017eevne povijesti, tuma\u010de\u0107i knji\u017eevne pojave u njihovu kulturnom, povijesnom i ideolo\u0161kom kontekstu. Na tom je tragu i ova knjiga u kojoj se na nov i originalan na\u010din analiziraju naslovi poslijeratne dje\u010dje knji\u017eevnosti do 1991.<\/p>\n\n\n\n<p>Knjiga<em> Na Titonicu: hrvatska dje\u010dja knji\u017eevnost u razdoblju socijalisti\u010dke Jugoslavije <\/em>Berislava Majhuta va\u017ean je prilog razumijevanju hrvatske dje\u010dje knji\u017eevnosti u razdoblju koje se analizira, ona donosi inovativne analiti\u010dke postupke te dragocjene uvide u suptilan odnos ideolo\u0161kih dru\u0161tvenih silnica i autorskih odgovora na te silnice u dje\u010djoj knji\u017eevnosti op\u0107enito. Ovo je jo\u0161 jedan autorov izvorni doprinos uspostavljanju i razvijanju primjerene periodizacije hrvatske dje\u010dje knji\u017eevnosti.<\/p>\n\n\n\n<hr class=\"wp-block-separator\"\/>\n\n\n\n<p>Izdava\u010d: Hrvatska sveu\u010dili\u0161na naklada d.o.o.<\/p>\n\n\n\n<p>Godina izdavanja: 2022<\/p>\n\n\n\n<p>Op\u0107e informacije: 181 str.<\/p>\n\n\n\n<hr class=\"wp-block-separator\"\/>\n\n\n\n<p>Izvor:<\/p>\n\n\n\n<p><a href=\"https:\/\/www.hsn.hr\/product\/1542\/na-titonicu\">https:\/\/www.hsn.hr\/product\/1542\/na-titonicu<\/a><\/p>\n\n\n\n<hr class=\"wp-block-separator\"\/>\n","protected":false},"excerpt":{"rendered":"","protected":false},"author":2,"featured_media":32398,"comment_status":"open","ping_status":"open","sticky":false,"template":"","format":"standard","meta":{"_acf_changed":false,"jetpack_post_was_ever_published":false,"_jetpack_newsletter_access":"","_jetpack_dont_email_post_to_subs":false,"_jetpack_newsletter_tier_id":0,"_jetpack_memberships_contains_paywalled_content":false,"_jetpack_memberships_contains_paid_content":false,"footnotes":"","jetpack_publicize_message":"","jetpack_publicize_feature_enabled":true,"jetpack_social_post_already_shared":true,"jetpack_social_options":{"image_generator_settings":{"template":"highway","default_image_id":0,"font":"","enabled":false},"version":2}},"categories":[8,3,12],"tags":[],"class_list":["post-32397","post","type-post","status-publish","format-standard","has-post-thumbnail","hentry","category-knjige","category-novosti","category-knjizevnost"],"acf":{"facebook_opis":""},"jetpack_publicize_connections":[],"jetpack_featured_media_url":"https:\/\/i0.wp.com\/historiografija.hr\/wp-content\/uploads\/2022\/08\/NA_TITONICU.png?fit=593%2C843&ssl=1","jetpack_sharing_enabled":true,"jetpack-related-posts":[],"_links":{"self":[{"href":"https:\/\/historiografija.hr\/index.php?rest_route=\/wp\/v2\/posts\/32397","targetHints":{"allow":["GET"]}}],"collection":[{"href":"https:\/\/historiografija.hr\/index.php?rest_route=\/wp\/v2\/posts"}],"about":[{"href":"https:\/\/historiografija.hr\/index.php?rest_route=\/wp\/v2\/types\/post"}],"author":[{"embeddable":true,"href":"https:\/\/historiografija.hr\/index.php?rest_route=\/wp\/v2\/users\/2"}],"replies":[{"embeddable":true,"href":"https:\/\/historiografija.hr\/index.php?rest_route=%2Fwp%2Fv2%2Fcomments&post=32397"}],"version-history":[{"count":2,"href":"https:\/\/historiografija.hr\/index.php?rest_route=\/wp\/v2\/posts\/32397\/revisions"}],"predecessor-version":[{"id":32400,"href":"https:\/\/historiografija.hr\/index.php?rest_route=\/wp\/v2\/posts\/32397\/revisions\/32400"}],"wp:featuredmedia":[{"embeddable":true,"href":"https:\/\/historiografija.hr\/index.php?rest_route=\/wp\/v2\/media\/32398"}],"wp:attachment":[{"href":"https:\/\/historiografija.hr\/index.php?rest_route=%2Fwp%2Fv2%2Fmedia&parent=32397"}],"wp:term":[{"taxonomy":"category","embeddable":true,"href":"https:\/\/historiografija.hr\/index.php?rest_route=%2Fwp%2Fv2%2Fcategories&post=32397"},{"taxonomy":"post_tag","embeddable":true,"href":"https:\/\/historiografija.hr\/index.php?rest_route=%2Fwp%2Fv2%2Ftags&post=32397"}],"curies":[{"name":"wp","href":"https:\/\/api.w.org\/{rel}","templated":true}]}}