{"id":32394,"date":"2022-08-23T14:37:45","date_gmt":"2022-08-23T14:37:45","guid":{"rendered":"http:\/\/historiografija.hr\/?p=32394"},"modified":"2022-08-23T14:37:45","modified_gmt":"2022-08-23T14:37:45","slug":"poziv-za-predaju-radova-transnacionalna-povijest-i-sjecanje-na-zlocine-iz-drugog-svjetskog-rata-u-hrvatskoj-bosni-i-hercegovini-sloveniji-i-sjevernom-jadranu","status":"publish","type":"post","link":"https:\/\/historiografija.hr\/?p=32394","title":{"rendered":"Poziv za predaju radova: transnacionalna povijest i sje\u0107anje na zlo\u010dine iz Drugog svjetskog rata u Hrvatskoj, Bosni i Hercegovini, Sloveniji i Sjevernom Jadranu"},"content":{"rendered":"\n<p>Ovim putem pozivamo zainteresirane kolegice i kolege na prijavu radova koji se bave transnacionalnom povije\u0161\u0107u i sje\u0107anjem na marginalizirana i zaboravljena mjesta u jugoisto\u010dnoj Europi gdje su se doga\u0111ali genocid i sustavna ubojstva tijekom Drugog svjetskog rata.<\/p>\n\n\n\n<p>Iz projektnih razloga, geografski fokus radova je na podru\u010dje nekada\u0161nje Nezavisne Dr\u017eave Hrvatske, Dalmaciju, slovenski teritorij koji su anektirale Njema\u010dka, Italija i Ma\u0111arska te talijanski, slovenski i hrvatski teritoriji na sjevernom Jadranu, koji su od 1941. bili pod talijanskom fa\u0161isti\u010dkom kontrolom i koji su \u010dinili Operativnu zonu Jadranskog primorja, kada je nacisti\u010dka Njema\u010dka preuzela kontrolu od 10.9.1943. nadalje.<\/p>\n\n\n\n<p><strong>Kako se prijaviti<\/strong><\/p>\n\n\n\n<p>Natje\u010daj je otvoren za doktorantice\/doktorante s prebivali\u0161tem u dr\u017eavama \u010dlanicama Europske unije bilo da su u ranoj fazi svog doktorskog studija ili su ve\u0107 vi\u0161i znanstvenici. Visoko cijenimo multidisciplinarne pristupe kao i pristupe iz disciplina povijesti, antropologije, kulturalnih studija, dru\u0161tvenih znanosti i umjetnosti.<\/p>\n\n\n\n<p>Rok za prijavu: 01.10.2022.<\/p>\n\n\n\n<p>Za prijavu molimo po\u0161aljite kratki \u017eivotopis i sa\u017eetak predlo\u017eenog znanstvenog rada (do 1000 rije\u010di) na engleskom na:<\/p>\n\n\n\n<p><strong><a href=\"mailto:Heike.Karge@geschichte.uni-regensburg.de\">Heike.Karge@geschichte.uni-regensburg.de<\/a><\/strong> i&nbsp;<strong><a href=\"mailto:Thomas.porena@gmail.com\">Thomas.porena@gmail.com<\/a><\/strong><\/p>\n\n\n\n<p>Odabrane autorice\/autore radova (oko 15) bit \u0107e pozvani da predstave svoje istra\u017eivanje na me\u0111unarodnoj konferenciji koja \u0107e se odr\u017eati u Regensburgu. Njema\u010dka, 2023., i doprinijet \u0107e pubilkaciji na engleskom jeziku predvi\u0111ena za objavljivanje sljede\u0107e godine.<\/p>\n\n\n\n<p><strong>Vi\u0161e informacija potra\u017eite u prilo\u017eenom PDF-u.<\/strong><\/p>\n\n\n\n<hr class=\"wp-block-separator\"\/>\n\n\n\n<p>Izvor:<\/p>\n\n\n\n<figure class=\"wp-block-embed-wordpress wp-block-embed is-type-wp-embed is-provider-documenta\"><div class=\"wp-block-embed__wrapper\">\n<blockquote class=\"wp-embedded-content\" data-secret=\"3DocJiPdO9\"><a href=\"https:\/\/documenta.hr\/novosti\/poziv-za-predaju-radova-transnacionalna-povijest-i-sjecanje-na-zlocine-iz-drugog-svjetskog-rata-u-hrvatskoj-bosni-i-hercegovini-sloveniji-i-sjevernom-jadranu\/\">Poziv za predaju radova: transnacionalna povijest i sje\u0107anje na zlo\u010dine iz Drugog svjetskog rata u Hrvatskoj, Bosni i Hercegovini, Sloveniji i Sjevernom Jadranu<\/a><\/blockquote><iframe loading=\"lazy\" class=\"wp-embedded-content\" sandbox=\"allow-scripts\" security=\"restricted\" style=\"position: absolute; clip: rect(1px, 1px, 1px, 1px);\" title=\"&#8220;Poziv za predaju radova: transnacionalna povijest i sje\u0107anje na zlo\u010dine iz Drugog svjetskog rata u Hrvatskoj, Bosni i Hercegovini, Sloveniji i Sjevernom Jadranu&#8221; &#8212; Documenta\" src=\"https:\/\/documenta.hr\/novosti\/poziv-za-predaju-radova-transnacionalna-povijest-i-sjecanje-na-zlocine-iz-drugog-svjetskog-rata-u-hrvatskoj-bosni-i-hercegovini-sloveniji-i-sjevernom-jadranu\/embed\/#?secret=3DocJiPdO9\" data-secret=\"3DocJiPdO9\" width=\"600\" height=\"338\" frameborder=\"0\" marginwidth=\"0\" marginheight=\"0\" scrolling=\"no\"><\/iframe>\n<\/div><\/figure>\n\n\n\n<hr class=\"wp-block-separator\"\/>\n\n\n\n<p>Poziv je objavljen i na portalu <strong>Historiografija.ba<\/strong>:<\/p>\n\n\n\n<p><a href=\"https:\/\/historiografija.ba\/article.php?id=1348\">https:\/\/historiografija.ba\/article.php?id=1348<\/a><\/p>\n\n\n\n<hr class=\"wp-block-separator\"\/>\n","protected":false},"excerpt":{"rendered":"","protected":false},"author":2,"featured_media":32395,"comment_status":"open","ping_status":"open","sticky":false,"template":"","format":"standard","meta":{"_acf_changed":false,"jetpack_post_was_ever_published":false,"_jetpack_newsletter_access":"","_jetpack_dont_email_post_to_subs":false,"_jetpack_newsletter_tier_id":0,"_jetpack_memberships_contains_paywalled_content":false,"_jetpack_memberships_contains_paid_content":false,"footnotes":"","jetpack_publicize_message":"","jetpack_publicize_feature_enabled":true,"jetpack_social_post_already_shared":true,"jetpack_social_options":{"image_generator_settings":{"template":"highway","default_image_id":0,"font":"","enabled":false},"version":2}},"categories":[3,9],"tags":[],"class_list":["post-32394","post","type-post","status-publish","format-standard","has-post-thumbnail","hentry","category-novosti","category-skupovi"],"acf":{"facebook_opis":""},"jetpack_publicize_connections":[],"jetpack_featured_media_url":"https:\/\/i0.wp.com\/historiografija.hr\/wp-content\/uploads\/2022\/08\/CALL-FOR-PAPERS-2022.jpg?fit=937%2C785&ssl=1","jetpack_sharing_enabled":true,"jetpack-related-posts":[],"_links":{"self":[{"href":"https:\/\/historiografija.hr\/index.php?rest_route=\/wp\/v2\/posts\/32394","targetHints":{"allow":["GET"]}}],"collection":[{"href":"https:\/\/historiografija.hr\/index.php?rest_route=\/wp\/v2\/posts"}],"about":[{"href":"https:\/\/historiografija.hr\/index.php?rest_route=\/wp\/v2\/types\/post"}],"author":[{"embeddable":true,"href":"https:\/\/historiografija.hr\/index.php?rest_route=\/wp\/v2\/users\/2"}],"replies":[{"embeddable":true,"href":"https:\/\/historiografija.hr\/index.php?rest_route=%2Fwp%2Fv2%2Fcomments&post=32394"}],"version-history":[{"count":1,"href":"https:\/\/historiografija.hr\/index.php?rest_route=\/wp\/v2\/posts\/32394\/revisions"}],"predecessor-version":[{"id":32396,"href":"https:\/\/historiografija.hr\/index.php?rest_route=\/wp\/v2\/posts\/32394\/revisions\/32396"}],"wp:featuredmedia":[{"embeddable":true,"href":"https:\/\/historiografija.hr\/index.php?rest_route=\/wp\/v2\/media\/32395"}],"wp:attachment":[{"href":"https:\/\/historiografija.hr\/index.php?rest_route=%2Fwp%2Fv2%2Fmedia&parent=32394"}],"wp:term":[{"taxonomy":"category","embeddable":true,"href":"https:\/\/historiografija.hr\/index.php?rest_route=%2Fwp%2Fv2%2Fcategories&post=32394"},{"taxonomy":"post_tag","embeddable":true,"href":"https:\/\/historiografija.hr\/index.php?rest_route=%2Fwp%2Fv2%2Ftags&post=32394"}],"curies":[{"name":"wp","href":"https:\/\/api.w.org\/{rel}","templated":true}]}}