{"id":32385,"date":"2022-08-22T12:00:03","date_gmt":"2022-08-22T12:00:03","guid":{"rendered":"http:\/\/historiografija.hr\/?p=32385"},"modified":"2022-08-22T12:00:03","modified_gmt":"2022-08-22T12:00:03","slug":"xxiii-international-congress-of-historical-sciences-poznan-21-27-08-2022","status":"publish","type":"post","link":"https:\/\/historiografija.hr\/?p=32385","title":{"rendered":"XXIII International Congress of Historical Sciences (Pozna\u0144, 21-27.08.2022)"},"content":{"rendered":"\n<p>XXIII. me\u0111unarodni kongres povjesni\u010dara odr\u017eava se u\u00a0Poznanju od 21. do 27. kolovoza 2022. i na njemu sudjeluju i povjesni\u010darke i povjesni\u010dari iz Hrvatske.<\/p>\n\n\n\n<hr class=\"wp-block-separator\"\/>\n\n\n\n<p>Since 1900, historians from around the world have been organizing their congresses to discuss the most pressing topics, present the results of their research and build international cooperation network. In 1926 they established the <strong>International Committee of Historical Sciences<\/strong> (ICHS), as a non-governmental organization composed of national committees representing the member countries and specialist commissions devoted to specific research issues. The main purpose of the Committee is to promote the historical sciences through international co-operation. The Committee was entrusted with organizing subsequent congresses every five years, in collaboration with historians of the host countries. In the past, the congress took place in Poland only once, in 1933 in Warsaw.<\/p>\n\n\n\n<p>The General Assembly of the ICHS on August 29th, 2015 in Jinan (China) decided that the <strong>XXIII International Congress of Historical Sciences<\/strong> will take place in Pozna\u0144, Poland on August 23-29, 2020. Unfortunately, due to the outbreak of the COVID-19 pandemic and the unsatisfactory progress in fighting it in most countries, the organizers were forced to postpone the Congress two times. Ultimately, the ICHS Board decided that XXIII Congress will be held on <strong>August 21-27, 2022<\/strong>.<\/p>\n\n\n\n<p>The <strong>program of the XXIII Congress<\/strong>, in comparison to the previous ones, has been slightly modified. Several dozen different panels will be held during the Congress in Pozna\u0144. Among them, the most important will be the so-called Major Themes. In addition, a dozen so-called Joint Sessions, about 20 Round Tables, as well as several dozen specialist sessions devoted to various issues from antiquity to the present day. In addition, there will be 3 evening sessions. One and a half days were devoted to thematic panels organized by specialized committees affiliated with the ICHS.<\/p>\n\n\n\n<p>A poster session is planned for post-graduate and PhD students. The best works will be honored with <strong>ICHS-Shandong University Young Historian Award<\/strong> established at the XXII International Congress in Jinan in 2015. The award was intended to encourage young scholars to participate in the Congress, where they could present their ongoing research achievements. The Shandong University and ICHS have decided to continue the Award during the XXIII International Congress of Historical Sciences in Pozna\u0144 in 2022. The $US 10,000 award will be divided among five recipients.<\/p>\n\n\n\n<p>During the Congress in Pozna\u0144, the so-called <strong>Research Forum<\/strong>, will be held for the first time. It is a new initiative of the Board of ICHS. The main purpose of the Research Forum is to allow research institutions to present their ongoing or planned projects to an audience of established scholars and beginner researchers. It should provide an opportunity for cooperation between institutions as well as the addition of high qualified researchers as collaborators. This initiative fully coincides with the ICHS mission, as one of its objectives is to stimulate dialogue between young scholars and various research institutions.<\/p>\n\n\n\n<p>During the Congress in Pozna\u0144, the <strong>International CISH History Prize<\/strong> will be awarded for the third time. It honors a historian who has distinguished herself\/himself in the field of history by her\/his research, publications or teaching, and has significantly contributed to the development of historical knowledge. Also, traditionally, the Congress will be accompanied by the <strong>International Exhibition of Historical Books<\/strong>.<\/p>\n\n\n\n<hr class=\"wp-block-separator\"\/>\n\n\n\n<p>Izvor i dodatne informacije:<\/p>\n\n\n\n<p><a href=\"https:\/\/ichs2020poznan.pl\/en\/about-the-congress\/\">https:\/\/ichs2020poznan.pl\/en\/about-the-congress\/<\/a><\/p>\n\n\n\n<p><a href=\"https:\/\/ichs2020poznan.pl\/en\/to-download\/\">https:\/\/ichs2020poznan.pl\/en\/to-download\/<\/a><\/p>\n\n\n\n<p><a href=\"https:\/\/ichs2020poznan.pl\/en\/full-program-2\/\">https:\/\/ichs2020poznan.pl\/en\/full-program-2\/<\/a><\/p>\n\n\n\n<hr class=\"wp-block-separator\"\/>\n","protected":false},"excerpt":{"rendered":"","protected":false},"author":2,"featured_media":32386,"comment_status":"open","ping_status":"open","sticky":false,"template":"","format":"standard","meta":{"_acf_changed":false,"_jetpack_newsletter_access":"","_jetpack_dont_email_post_to_subs":false,"_jetpack_newsletter_tier_id":0,"_jetpack_memberships_contains_paywalled_content":false,"_jetpack_memberships_contains_paid_content":false,"footnotes":"","jetpack_publicize_message":"","jetpack_publicize_feature_enabled":true,"jetpack_social_post_already_shared":true,"jetpack_social_options":{"image_generator_settings":{"template":"highway","default_image_id":0,"font":"","enabled":false},"version":2},"jetpack_post_was_ever_published":false},"categories":[3,9],"tags":[],"class_list":["post-32385","post","type-post","status-publish","format-standard","has-post-thumbnail","hentry","category-novosti","category-skupovi"],"acf":{"facebook_opis":""},"jetpack_publicize_connections":[],"jetpack_featured_media_url":"https:\/\/i0.wp.com\/historiografija.hr\/wp-content\/uploads\/2022\/08\/Poznan.jpg?fit=500%2C261&ssl=1","jetpack_sharing_enabled":true,"jetpack-related-posts":[{"id":54165,"url":"https:\/\/historiografija.hr\/?p=54165","url_meta":{"origin":32385,"position":0},"title":"CfP: Beyond the Game: Women, Sport, and Social Changes","author":"Branimir Jankovi\u0107","date":"18. lipnja 2026.","format":false,"excerpt":"2nd International Scientific Conference Beyond the Game: Women, Sport, and Social Changes Zagreb, Croatia | December 17\u201319, 2026Organizers: Institute of Social Sciences Ivo Pilar & University of Zagreb Faculty of Kinesiology Dear colleagues, We are pleased to invite you to the 2nd International Scientific Conference Beyond the Game: Women, Sport,\u2026","rel":"","context":"U &quot;Novosti&quot;","block_context":{"text":"Novosti","link":"https:\/\/historiografija.hr\/?cat=3"},"img":{"alt_text":"","src":"https:\/\/i0.wp.com\/historiografija.hr\/wp-content\/uploads\/2026\/06\/Game.jpg?fit=1200%2C847&ssl=1&resize=350%2C200","width":350,"height":200,"srcset":"https:\/\/i0.wp.com\/historiografija.hr\/wp-content\/uploads\/2026\/06\/Game.jpg?fit=1200%2C847&ssl=1&resize=350%2C200 1x, https:\/\/i0.wp.com\/historiografija.hr\/wp-content\/uploads\/2026\/06\/Game.jpg?fit=1200%2C847&ssl=1&resize=525%2C300 1.5x, https:\/\/i0.wp.com\/historiografija.hr\/wp-content\/uploads\/2026\/06\/Game.jpg?fit=1200%2C847&ssl=1&resize=700%2C400 2x, https:\/\/i0.wp.com\/historiografija.hr\/wp-content\/uploads\/2026\/06\/Game.jpg?fit=1200%2C847&ssl=1&resize=1050%2C600 3x"},"classes":[]},{"id":52664,"url":"https:\/\/historiografija.hr\/?p=52664","url_meta":{"origin":32385,"position":1},"title":"CfP: CONFERENCE OF THE HISTORY OF CONCEPTS GROUP, HELSINKI, 19TH\u201321ST AUGUST 2026 (DEADLINE: 30TH APRIL 2026)","author":"Branimir Jankovi\u0107","date":"24. travnja 2026.","format":false,"excerpt":"The annual conference of the History of Concepts Group is held at the University of Helsinki, 19-21 August 2026. Conference of the History of Concepts Group Conceptual history studies the use of concepts and tries to understand how historical actors have linguistically articulated views of the world. Studying concepts from\u2026","rel":"","context":"U &quot;Novosti&quot;","block_context":{"text":"Novosti","link":"https:\/\/historiografija.hr\/?cat=3"},"img":{"alt_text":"","src":"https:\/\/i0.wp.com\/historiografija.hr\/wp-content\/uploads\/2017\/10\/hsozkult.png?fit=1006%2C241&ssl=1&resize=350%2C200","width":350,"height":200,"srcset":"https:\/\/i0.wp.com\/historiografija.hr\/wp-content\/uploads\/2017\/10\/hsozkult.png?fit=1006%2C241&ssl=1&resize=350%2C200 1x, https:\/\/i0.wp.com\/historiografija.hr\/wp-content\/uploads\/2017\/10\/hsozkult.png?fit=1006%2C241&ssl=1&resize=525%2C300 1.5x, https:\/\/i0.wp.com\/historiografija.hr\/wp-content\/uploads\/2017\/10\/hsozkult.png?fit=1006%2C241&ssl=1&resize=700%2C400 2x"},"classes":[]},{"id":54819,"url":"https:\/\/historiografija.hr\/?p=54819","url_meta":{"origin":32385,"position":2},"title":"CfP: Charter 77 at 50: Transnational Human Rights, Social Imagination, and Civic Resistance in the (Post-)Global Age","author":"Branimir Jankovi\u0107","date":"27. srpnja 2026.","format":false,"excerpt":"The Institute of Contemporary History and the Institute of Philosophy of the Czech Academy of Sciences invite proposals for a two-day international conference bringing together historical scholarship and contemporary reflections on civic activism and democratic resistance. Charter 77 at 50: Transnational Human Rights, Social Imagination, and Civic Resistance in the\u2026","rel":"","context":"U &quot;Novosti&quot;","block_context":{"text":"Novosti","link":"https:\/\/historiografija.hr\/?cat=3"},"img":{"alt_text":"","src":"https:\/\/i0.wp.com\/historiografija.hr\/wp-content\/uploads\/2017\/10\/hsozkult.png?fit=1006%2C241&ssl=1&resize=350%2C200","width":350,"height":200,"srcset":"https:\/\/i0.wp.com\/historiografija.hr\/wp-content\/uploads\/2017\/10\/hsozkult.png?fit=1006%2C241&ssl=1&resize=350%2C200 1x, https:\/\/i0.wp.com\/historiografija.hr\/wp-content\/uploads\/2017\/10\/hsozkult.png?fit=1006%2C241&ssl=1&resize=525%2C300 1.5x, https:\/\/i0.wp.com\/historiografija.hr\/wp-content\/uploads\/2017\/10\/hsozkult.png?fit=1006%2C241&ssl=1&resize=700%2C400 2x"},"classes":[]},{"id":52641,"url":"https:\/\/historiografija.hr\/?p=52641","url_meta":{"origin":32385,"position":3},"title":"CfP: WHO OWNS THE PAST? VERNACULAR MEMORY, STATE MEMORY, AND THE POLITICS OF OWNERSHIP","author":"Branimir Jankovi\u0107","date":"24. travnja 2026.","format":false,"excerpt":"VIENNA, 31ST AUGUST\u20133RD SEPTEMBER 2026 (DEADLINE: 24TH APRIL 2026) The Center for Austrian Studies at the European Forum at the Hebrew University and the Austrian Academy of Sciences\/Institute of Culture Studies invite early postdocs, PhD candidates, and advanced Master\u2019s students from the Hebrew University of Jerusalem and universities and academic\u2026","rel":"","context":"U &quot;Novosti&quot;","block_context":{"text":"Novosti","link":"https:\/\/historiografija.hr\/?cat=3"},"img":{"alt_text":"","src":"https:\/\/i0.wp.com\/historiografija.hr\/wp-content\/uploads\/2017\/10\/hsozkult.png?fit=1006%2C241&ssl=1&resize=350%2C200","width":350,"height":200,"srcset":"https:\/\/i0.wp.com\/historiografija.hr\/wp-content\/uploads\/2017\/10\/hsozkult.png?fit=1006%2C241&ssl=1&resize=350%2C200 1x, https:\/\/i0.wp.com\/historiografija.hr\/wp-content\/uploads\/2017\/10\/hsozkult.png?fit=1006%2C241&ssl=1&resize=525%2C300 1.5x, https:\/\/i0.wp.com\/historiografija.hr\/wp-content\/uploads\/2017\/10\/hsozkult.png?fit=1006%2C241&ssl=1&resize=700%2C400 2x"},"classes":[]},{"id":54256,"url":"https:\/\/historiografija.hr\/?p=54256","url_meta":{"origin":32385,"position":4},"title":"CfP Seventh biennial conference Past, Present, Future (Pula, Croatia, October 15\u201316, 2026)","author":"Branimir Jankovi\u0107","date":"22. lipnja 2026.","format":false,"excerpt":"Call for Papers Bonds of Unity: Solidarity and Society Across History Seventh biennial conference in the series Past, Present, Future Pula, Croatia, October 15\u201316, 2026 In recent years, the concept of solidarity has once again emerged as a central topic in public discourse. Economic inequalities, migration, demographic changes, political polarization,\u2026","rel":"","context":"U &quot;Novosti&quot;","block_context":{"text":"Novosti","link":"https:\/\/historiografija.hr\/?cat=3"},"img":{"alt_text":"","src":"https:\/\/i0.wp.com\/historiografija.hr\/wp-content\/uploads\/2026\/06\/PPF-2026.jpg?fit=1200%2C422&ssl=1&resize=350%2C200","width":350,"height":200,"srcset":"https:\/\/i0.wp.com\/historiografija.hr\/wp-content\/uploads\/2026\/06\/PPF-2026.jpg?fit=1200%2C422&ssl=1&resize=350%2C200 1x, https:\/\/i0.wp.com\/historiografija.hr\/wp-content\/uploads\/2026\/06\/PPF-2026.jpg?fit=1200%2C422&ssl=1&resize=525%2C300 1.5x, https:\/\/i0.wp.com\/historiografija.hr\/wp-content\/uploads\/2026\/06\/PPF-2026.jpg?fit=1200%2C422&ssl=1&resize=700%2C400 2x, https:\/\/i0.wp.com\/historiografija.hr\/wp-content\/uploads\/2026\/06\/PPF-2026.jpg?fit=1200%2C422&ssl=1&resize=1050%2C600 3x"},"classes":[]},{"id":54276,"url":"https:\/\/historiografija.hr\/?p=54276","url_meta":{"origin":32385,"position":5},"title":"Rok Stergar, Vaclav Smidrkal (eds), &#8220;Nourishing Victory: Food Shortages and Post-Imperial Transition in the Bohemian Lands and Slovenia&#8221;","author":"Branimir Jankovi\u0107","date":"23. lipnja 2026.","format":false,"excerpt":"The aggravating food shortage was the central internal crisis in Habsburg Austria during the First World War and posed a major challenge to the consolidation of the successor states. Nourishing Victory offers a fresh comparative perspective on food and the collapse and rebuilding of political legitimacy from the regional vantage\u2026","rel":"","context":"U &quot;Knjige&quot;","block_context":{"text":"Knjige","link":"https:\/\/historiografija.hr\/?cat=8"},"img":{"alt_text":"","src":"https:\/\/i0.wp.com\/historiografija.hr\/wp-content\/uploads\/2026\/06\/Victory-book.jpg?fit=1200%2C652&ssl=1&resize=350%2C200","width":350,"height":200,"srcset":"https:\/\/i0.wp.com\/historiografija.hr\/wp-content\/uploads\/2026\/06\/Victory-book.jpg?fit=1200%2C652&ssl=1&resize=350%2C200 1x, https:\/\/i0.wp.com\/historiografija.hr\/wp-content\/uploads\/2026\/06\/Victory-book.jpg?fit=1200%2C652&ssl=1&resize=525%2C300 1.5x, https:\/\/i0.wp.com\/historiografija.hr\/wp-content\/uploads\/2026\/06\/Victory-book.jpg?fit=1200%2C652&ssl=1&resize=700%2C400 2x, https:\/\/i0.wp.com\/historiografija.hr\/wp-content\/uploads\/2026\/06\/Victory-book.jpg?fit=1200%2C652&ssl=1&resize=1050%2C600 3x"},"classes":[]}],"_links":{"self":[{"href":"https:\/\/historiografija.hr\/index.php?rest_route=\/wp\/v2\/posts\/32385","targetHints":{"allow":["GET"]}}],"collection":[{"href":"https:\/\/historiografija.hr\/index.php?rest_route=\/wp\/v2\/posts"}],"about":[{"href":"https:\/\/historiografija.hr\/index.php?rest_route=\/wp\/v2\/types\/post"}],"author":[{"embeddable":true,"href":"https:\/\/historiografija.hr\/index.php?rest_route=\/wp\/v2\/users\/2"}],"replies":[{"embeddable":true,"href":"https:\/\/historiografija.hr\/index.php?rest_route=%2Fwp%2Fv2%2Fcomments&post=32385"}],"version-history":[{"count":1,"href":"https:\/\/historiografija.hr\/index.php?rest_route=\/wp\/v2\/posts\/32385\/revisions"}],"predecessor-version":[{"id":32387,"href":"https:\/\/historiografija.hr\/index.php?rest_route=\/wp\/v2\/posts\/32385\/revisions\/32387"}],"wp:featuredmedia":[{"embeddable":true,"href":"https:\/\/historiografija.hr\/index.php?rest_route=\/wp\/v2\/media\/32386"}],"wp:attachment":[{"href":"https:\/\/historiografija.hr\/index.php?rest_route=%2Fwp%2Fv2%2Fmedia&parent=32385"}],"wp:term":[{"taxonomy":"category","embeddable":true,"href":"https:\/\/historiografija.hr\/index.php?rest_route=%2Fwp%2Fv2%2Fcategories&post=32385"},{"taxonomy":"post_tag","embeddable":true,"href":"https:\/\/historiografija.hr\/index.php?rest_route=%2Fwp%2Fv2%2Ftags&post=32385"}],"curies":[{"name":"wp","href":"https:\/\/api.w.org\/{rel}","templated":true}]}}