{"id":32379,"date":"2022-08-22T11:26:40","date_gmt":"2022-08-22T11:26:40","guid":{"rendered":"http:\/\/historiografija.hr\/?p=32379"},"modified":"2022-08-22T11:26:40","modified_gmt":"2022-08-22T11:26:40","slug":"alida-bremer-snovi-i-kulise","status":"publish","type":"post","link":"https:\/\/historiografija.hr\/?p=32379","title":{"rendered":"Alida Bremer, \u201cSnovi i kulise\u201d"},"content":{"rendered":"\n<p>Dok se u ljeto 1936. u Berlinu pripremaju za Olimpijske igre, a u Barceloni za Narodnu olimpijadu, u Splitu vladaju neopisive vru\u0107ine, a grad su preplavili prvi turisti, me\u0111u kojima prednja\u010de Nijemci, razni sineasti, ali i \u017eidovski izbjeglice. U gradu njegovi dobrostoje\u0107i gra\u0111ani u\u017eivaju u prijemovima, ve\u010derama, ali brinu i svoje probleme \u2013 financijske i ljubavne. Le\u0161 prona\u0111en zapetljan u ribarsku mre\u017eu promijenit \u0107e \u017eivote svim glavnim junacima \u2013 inspektoru Bulatu, koji \u017ealuje za svojom prerano preminulom suprugom, obitelji talijanskih fa\u0161ista, ribaru optu\u017eenom za ubojstvo, splitskim komunisti\u010dkim ilegalcima, filma\u0161ima koji su okupirali grad\u2026<br>Alida Bremer u <em>Snovima i kulisama<\/em> o\u017eivljava mirise i kale svoga rodnoga grada stvaraju\u0107i napetu atmosferu u kojoj se predosje\u0107a rat, uz politi\u010dke turbulencije, ali i \u0161pijunske i ljubavne zaplete. <em>Snovi i kulise<\/em> roman su o definitivnom kraju jedne epohe u kojoj se sve \u010dinilo mogu\u0107e, no ujedno i o kraju nevinosti i zaigranosti jednoga grada.<\/p>\n\n\n\n<hr class=\"wp-block-separator\"\/>\n\n\n\n<p>\u201cPametna, politi\u010dka i \u010dudesno napeta knjiga.\u201d \u2013 Sabine Abel, Bavarska televizija<\/p>\n\n\n\n<p>\u201cPoput lepeze otvara se svijet Mediterana \u2013 sa svim svojim mirisima, raznolikim glasovima i ljubavlju za \u017eivotom u zbunjuju\u0107em dvadesetom stolje\u0107u.\u201d \u2013 Elke Schmitter, <em>Der Spiegel<\/em><\/p>\n\n\n\n<p>\u201cFilmska metafora tako\u0111er dopu\u0161ta oscilacije izme\u0111u vi\u0161e razina stvarnosti. Povezuju se kino, snovi, fantazije i \u017eelje.\u201d \u2013 Sabine Scholl, <em>Der Standard<\/em><\/p>\n\n\n\n<hr class=\"wp-block-separator\"\/>\n\n\n\n<p>Jezik izvornika: njema\u010dki<\/p>\n\n\n\n<p>Prijevod: Bojana Baji\u0107<\/p>\n\n\n\n<p>Broj stranica: 264<\/p>\n\n\n\n<p>Datum izdanja: lipanj 2022.<\/p>\n\n\n\n<p>Naslov izvornika: Tr\u00e4ume und Kulissen<\/p>\n\n\n\n<hr class=\"wp-block-separator\"\/>\n\n\n\n<p>Izvor:<\/p>\n\n\n\n<p><a href=\"https:\/\/fraktura.hr\/snovi-i-kulise.html\">https:\/\/fraktura.hr\/snovi-i-kulise.html<\/a><\/p>\n\n\n\n<hr class=\"wp-block-separator\"\/>\n","protected":false},"excerpt":{"rendered":"","protected":false},"author":2,"featured_media":32380,"comment_status":"open","ping_status":"open","sticky":false,"template":"","format":"standard","meta":{"_acf_changed":false,"jetpack_post_was_ever_published":false,"_jetpack_newsletter_access":"","_jetpack_dont_email_post_to_subs":false,"_jetpack_newsletter_tier_id":0,"_jetpack_memberships_contains_paywalled_content":false,"_jetpack_memberships_contains_paid_content":false,"footnotes":"","jetpack_publicize_message":"","jetpack_publicize_feature_enabled":true,"jetpack_social_post_already_shared":true,"jetpack_social_options":{"image_generator_settings":{"template":"highway","default_image_id":0,"font":"","enabled":false},"version":2}},"categories":[3,12],"tags":[],"class_list":["post-32379","post","type-post","status-publish","format-standard","has-post-thumbnail","hentry","category-novosti","category-knjizevnost"],"acf":{"facebook_opis":""},"jetpack_publicize_connections":[],"jetpack_featured_media_url":"https:\/\/i0.wp.com\/historiografija.hr\/wp-content\/uploads\/2022\/08\/snovi_i_kulise.jpg?fit=408%2C610&ssl=1","jetpack_sharing_enabled":true,"jetpack-related-posts":[],"_links":{"self":[{"href":"https:\/\/historiografija.hr\/index.php?rest_route=\/wp\/v2\/posts\/32379","targetHints":{"allow":["GET"]}}],"collection":[{"href":"https:\/\/historiografija.hr\/index.php?rest_route=\/wp\/v2\/posts"}],"about":[{"href":"https:\/\/historiografija.hr\/index.php?rest_route=\/wp\/v2\/types\/post"}],"author":[{"embeddable":true,"href":"https:\/\/historiografija.hr\/index.php?rest_route=\/wp\/v2\/users\/2"}],"replies":[{"embeddable":true,"href":"https:\/\/historiografija.hr\/index.php?rest_route=%2Fwp%2Fv2%2Fcomments&post=32379"}],"version-history":[{"count":1,"href":"https:\/\/historiografija.hr\/index.php?rest_route=\/wp\/v2\/posts\/32379\/revisions"}],"predecessor-version":[{"id":32381,"href":"https:\/\/historiografija.hr\/index.php?rest_route=\/wp\/v2\/posts\/32379\/revisions\/32381"}],"wp:featuredmedia":[{"embeddable":true,"href":"https:\/\/historiografija.hr\/index.php?rest_route=\/wp\/v2\/media\/32380"}],"wp:attachment":[{"href":"https:\/\/historiografija.hr\/index.php?rest_route=%2Fwp%2Fv2%2Fmedia&parent=32379"}],"wp:term":[{"taxonomy":"category","embeddable":true,"href":"https:\/\/historiografija.hr\/index.php?rest_route=%2Fwp%2Fv2%2Fcategories&post=32379"},{"taxonomy":"post_tag","embeddable":true,"href":"https:\/\/historiografija.hr\/index.php?rest_route=%2Fwp%2Fv2%2Ftags&post=32379"}],"curies":[{"name":"wp","href":"https:\/\/api.w.org\/{rel}","templated":true}]}}