{"id":32364,"date":"2022-08-15T10:34:02","date_gmt":"2022-08-15T10:34:02","guid":{"rendered":"http:\/\/historiografija.hr\/?p=32364"},"modified":"2022-08-15T11:34:15","modified_gmt":"2022-08-15T11:34:15","slug":"6th-world-conference-of-the-international-federation-of-public-history","status":"publish","type":"post","link":"https:\/\/historiografija.hr\/?p=32364","title":{"rendered":"6th World Conference of the International Federation of Public History"},"content":{"rendered":"\n<p>U Berlinu se od 16. do 20. kolovoza 2022. odr\u017eava \u0160esti kongres Me\u0111unarodne federacije javne povijesti. Izdvajamo panele s izlaganjima koja tematiziraju Hrvatsku, Srbiju, Bosnu i Hercegovinu, odnosno (post)jugoslavensku povijest.<\/p>\n\n\n\n<hr class=\"wp-block-separator\"\/>\n\n\n\n<p><strong>WAR; MINORITIES AND MEMORY<\/strong><br><em>Aleksandra Kolakovic<\/em> (Serbia), Return of the Forgotten \u2013 Nemanjic, Obrenovic and Kradjordjevic Dynasties in Serbia: Identity and Memory Issues<br><em>Snje\u017eana Koren<\/em> (Croatia), Dialogue Document without a dialogue: current debates on World War II in Croatia<br><em>Piotr Majewski<\/em> (Poland), The Belarusian and Ukrainian counter-memory of the postwar Polish anticommunist underground<\/p>\n\n\n\n<hr class=\"wp-block-separator\"\/>\n\n\n\n<p><strong>HISTORY POLITICS: CURRENT COMPARATIVE INSIGHTS IN THE CROATIAN, ENGLISH, ITALIAN, AND POLISH SITUATION <\/strong><br><em>Marko Demantowsky<\/em> (Austria), chair<br><em>Serge Noiret<\/em> (Italy), A political use of the past? The Day of Remembrance in the XXI century Italian civic calendar<br><em>Terry Haydn<\/em> (United Kingdom), Public history and the shaping of ideas about empire<br><em>Krzysztof Ruchniewicz<\/em> (Poland), History politics in Poland before and after 2015<br><em>Barbara Pavlek-L\u00f6bl<\/em> (Austria), History politics and coin designs: From kuna to euro in Croatia<\/p>\n\n\n\n<hr class=\"wp-block-separator\"\/>\n\n\n\n<p><strong>CONCEPTS AND PRACTICES OF PUBLIC HISTORY: EXPERIENCES FROM BOSNIA AND HERZEGOVINA, CROATIA, AND SERBIA<\/strong><br><em>Snje\u017eana Koren<\/em> (Croatia), chair<br><em>Branimir Jankovi\u0107<\/em> (Croatia), Perspectives of Public History in Croatia<br><em>Dennis Dierks<\/em> (Germany), \u201cDealing with the past\u201d as a travelling concept in the former Yugoslavia: A conceptual history approach<br><em>Nata\u0161a Jagdhuhn<\/em> (Germany), The Memorial Center Lipa remembers \u2013 From a \u201cmuseum of the people\u201d to a \u201cmuseum of the community\u201d: Auto-reflective models for curating public history<br><em>Jimena Perry<\/em> (United States), commentator<\/p>\n\n\n\n<hr class=\"wp-block-separator\"\/>\n\n\n\n<p><strong>TELLING THE STORIES OF THE PAST: CHANGING APPROACHES AND THEIR EFFECTS IN THE FORMER YUGOSLAV REGION<\/strong><br><em>Jelena \u0110ureinovi\u0107<\/em> (Austria), Keepers of the Legacies of the People\u2019s Liberation War: The Military, Veterans and Museums in Socialist Yugoslavia<br><em>Brigitte Le Normand<\/em> (Netherlands), Rijeka Fiume in Flux: a mobile phone app for exploring the past of a contested City<br><em>Alexandra Zaremba<\/em> (United States), Yugodom: What to make of the world\u2019s first stay-over museum and its construction of the Yugoslav past?<\/p>\n\n\n\n<hr class=\"wp-block-separator\"\/>\n\n\n\n<p><strong><em>Cijeli program dostupan je na poveznici:<\/em><\/strong><\/p>\n\n\n\n<p><a href=\"https:\/\/www.ifph2020.berlin\/program\/index.html\">https:\/\/www.ifph2020.berlin\/program\/index.html<\/a><\/p>\n\n\n\n<hr class=\"wp-block-separator\"\/>\n","protected":false},"excerpt":{"rendered":"","protected":false},"author":2,"featured_media":32367,"comment_status":"open","ping_status":"open","sticky":false,"template":"","format":"standard","meta":{"_acf_changed":false,"jetpack_post_was_ever_published":false,"_jetpack_newsletter_access":"","_jetpack_dont_email_post_to_subs":false,"_jetpack_newsletter_tier_id":0,"_jetpack_memberships_contains_paywalled_content":false,"_jetpack_memberships_contains_paid_content":false,"footnotes":"","jetpack_publicize_message":"","jetpack_publicize_feature_enabled":true,"jetpack_social_post_already_shared":true,"jetpack_social_options":{"image_generator_settings":{"template":"highway","default_image_id":0,"font":"","enabled":false},"version":2}},"categories":[3,9],"tags":[],"class_list":["post-32364","post","type-post","status-publish","format-standard","has-post-thumbnail","hentry","category-novosti","category-skupovi"],"acf":{"facebook_opis":""},"jetpack_publicize_connections":[],"jetpack_featured_media_url":"https:\/\/i0.wp.com\/historiografija.hr\/wp-content\/uploads\/2022\/08\/IFPH-Berlin-2022.png?fit=1200%2C525&ssl=1","jetpack_sharing_enabled":true,"jetpack-related-posts":[],"_links":{"self":[{"href":"https:\/\/historiografija.hr\/index.php?rest_route=\/wp\/v2\/posts\/32364","targetHints":{"allow":["GET"]}}],"collection":[{"href":"https:\/\/historiografija.hr\/index.php?rest_route=\/wp\/v2\/posts"}],"about":[{"href":"https:\/\/historiografija.hr\/index.php?rest_route=\/wp\/v2\/types\/post"}],"author":[{"embeddable":true,"href":"https:\/\/historiografija.hr\/index.php?rest_route=\/wp\/v2\/users\/2"}],"replies":[{"embeddable":true,"href":"https:\/\/historiografija.hr\/index.php?rest_route=%2Fwp%2Fv2%2Fcomments&post=32364"}],"version-history":[{"count":3,"href":"https:\/\/historiografija.hr\/index.php?rest_route=\/wp\/v2\/posts\/32364\/revisions"}],"predecessor-version":[{"id":32377,"href":"https:\/\/historiografija.hr\/index.php?rest_route=\/wp\/v2\/posts\/32364\/revisions\/32377"}],"wp:featuredmedia":[{"embeddable":true,"href":"https:\/\/historiografija.hr\/index.php?rest_route=\/wp\/v2\/media\/32367"}],"wp:attachment":[{"href":"https:\/\/historiografija.hr\/index.php?rest_route=%2Fwp%2Fv2%2Fmedia&parent=32364"}],"wp:term":[{"taxonomy":"category","embeddable":true,"href":"https:\/\/historiografija.hr\/index.php?rest_route=%2Fwp%2Fv2%2Fcategories&post=32364"},{"taxonomy":"post_tag","embeddable":true,"href":"https:\/\/historiografija.hr\/index.php?rest_route=%2Fwp%2Fv2%2Ftags&post=32364"}],"curies":[{"name":"wp","href":"https:\/\/api.w.org\/{rel}","templated":true}]}}