{"id":3236,"date":"2017-03-09T12:14:48","date_gmt":"2017-03-09T12:14:48","guid":{"rendered":"http:\/\/historiografija.hr\/?p=3236"},"modified":"2017-03-09T12:47:11","modified_gmt":"2017-03-09T12:47:11","slug":"novi-brojevi-historijskog-zbornika-za-2016-godinu-dostupni-online","status":"publish","type":"post","link":"https:\/\/historiografija.hr\/?p=3236","title":{"rendered":"Novi brojevi \u201cHistorijskog zbornika\u201d za 2016. godinu dostupni online"},"content":{"rendered":"<p>Na skup\u0161tini Dru\u0161tva za hrvatsku povjesnicu (22.2.2017) predstavljeni su novi brojevi \u201cHistorijskog zbornika\u201d (1 i 2-2016) koji su dostupni na portalu znanstvenih \u010dasopisa Hr\u010dak.<\/p>\n<p>&nbsp;<\/p>\n<p><strong>Historijski zbornik<\/strong><\/p>\n<p>&nbsp;<\/p>\n<p>Na skup\u0161tini Dru\u0161tva za hrvatsku povjesnicu odr\u017eanoj 22. velja\u010de 2017. u Zagrebu predstavljeni su brojevi 1 i 2 <em><strong>Historijskog zbornika<\/strong><\/em> za 2016. godinu.<\/p>\n<p>&nbsp;<\/p>\n<p>Novi brojevi dostupni su na portalu znanstvenih \u010dasopisa <strong>Hr\u010dak<\/strong>: <a href=\"http:\/\/hrcak.srce.hr\/hz\">http:\/\/hrcak.srce.hr\/hz<\/a><\/p>\n<p>&nbsp;<\/p>\n<p><strong>Broj 1-2016. <em>Historijskog zbornika<\/em><\/strong> donosi dva \u010dlanka o hrvatskoj povijesti 19. stolje\u0107a, prvi o Zadru, drugi o Zagrebu. Objavljen je \u010dlanak i o \u017eidovskom Zagrebu \u201ckojeg vi\u0161e nema\u201d. Suvremenu povijest predstavlja \u010dlanak o vojnom manevru jugoslavenske vojske iz 1971. Na engleskom jeziku u ovom je broju objavljen \u010dlanak poljskog povjesni\u010dara o osmanskoj tradiciji u politi\u010dkoj kulturi na Balkanu 19. i 20. stolje\u0107a. U pogled izvana ulazi i \u010dlanak o \u010dehoslova\u010dkim pogledima na jugoslavenski socijalizam. O etabliranju povijesti sporta u hrvatskoj historiografiji svjedo\u010de dva \u010dlanka o sportu u Hrvatskoj i Jugoslaviji neposredno nakon Drugog svjetskog rata. Interes <em>Historijskog zbornika<\/em> za teoriju i metodologiju povijesne znanosti i historiografiju o\u010dituje se u \u010dlanku o autobiografijama i memoarima u hrvatskoj povijesnoj znanosti. Taj je interes uobi\u010dajeno vidljiv i u rubrici \u201cOcjene i prikazi\u201d, gdje se prikazuje nekoliko knjiga o teoriji i metodologiji.<\/p>\n<p>&nbsp;<\/p>\n<p><strong>Broj 2-2016. <em>Historijskog zbornika<\/em><\/strong> otvaraju \u010dlanci o srednjovjekovnim utvrdama te modelu obrade protostatisti\u010dkih izvora. O 19. stolje\u0107u govori \u010dlanak o kulturnoj politici u Banskoj Hrvatskoj, a o 20. stolje\u0107u \u010dlanak o uklanjanju vojnih grobalja u poslijeratnoj Vojvodini. I u ovom broju objavljena su dva \u010dlanka poljskih povjesni\u010dara. Prvi o putovanju poljskog profesora hrvatskim krajevima po\u010detkom 20. stolje\u0107a, a drugi o dvama poznatim poljskim povjesni\u010darima. I u broju 2 donosi se \u010dlanak na engleskom jeziku, s temom povijesti \u017eena na prijelazu 19. u 20. stolje\u0107e. Kao \u0161to su u prethodnim brojevima <em>Historijskog zbornika<\/em> objavljeni temati \u201cSocijalizam na klupi\u201d i \u201cPovijest emocija\u201d, sada je prire\u0111en temat o povjesni\u010daru znanosti \u017darku Dadi\u0107u. U rubrici \u201cOcjene i prikazi\u201d pi\u0161e se o pristupima poput globalne povijesti i ekopovijesti te nizu drugih knjiga. \u201cZnanstveni i stru\u010dni skupovi\u201d donose osvrte na V. kongres hrvatskih povjesni\u010dara i izlo\u017ebu o Romima u jasenova\u010dkom logoru, priloge o Kliofestu i tekst o obilje\u017eavanju obljetnice Franje Josipa. Na kraju je objavljen nekrolog poznatoj austrijskoj povjesni\u010darki B. Hamann.<\/p>\n<p>&nbsp;<\/p>\n<p><strong>Brojevi 1 i 2 <em>Historijskog zbornika<\/em> za 2016. godinu<\/strong> nastavljaju pokrivati razne teme iz vi\u0161e povijesnih razdoblja, obra\u0111ivane na osnovu razli\u010ditih pristupa, ponajvi\u0161e u okviru \u0161iroko shva\u0107ene dru\u0161tvene povijesti. I dalje se pojedini \u010dlanci objavljuju na engleskom jeziku, a isti\u010de se suradnja nekoliko poljskih povjesni\u010dara. Nastavljeno je objavljivanje temata i prijevoda, kao i \u010dlanaka o historiografiji, odnosno teoriji i metodologiji povijesne znanosti, \u0161to je zastupljeno i u prikazima. Kao i dosad, brojni prikazi, osvrti i drugi prilozi obuhva\u0107aju po pedeset i vi\u0161e stranica u pojedinom broju. U njima se \u017eeli pokazati pra\u0107enje va\u017enih me\u0111unarodnih povjesni\u010dara i knjiga te osvrnuti na bitna zbivanja u historiografiji. Preduvjet za to su mnogi suradnici iz vi\u0161e hrvatskih znanstvenih institucija, me\u0111u koji su i uvijek novi studenti povijesti Filozofskog fakulteta Sveu\u010dili\u0161ta u Zagrebu.<\/p>\n<p>&nbsp;<br \/>\n<strong><em>Historijski zbornik<\/em>, god. 69, br. 1, Zagreb 2016.<\/strong><\/p>\n<p>&nbsp;<\/p>\n<p>&nbsp;<\/p>\n<p>SADR\u017dAJ<\/p>\n<p>&nbsp;<\/p>\n<p>Josip Celi\u0107<br \/>\nPregled gospodarske strukture u gradu Zadru po slu\u017ebenim evidencijama od 1806. do 1814.<\/p>\n<p>&nbsp;<\/p>\n<p>Filip Tomi\u0107, Mario Strecha<br \/>\nZagreb raste. Prilog poznavanju populacijskog razvoja Zagreba u drugoj polovici 19. stolje\u0107a u komparativnoj perspektivi<\/p>\n<p>&nbsp;<\/p>\n<p>Miros\u0142aw Dymarski<br \/>\nThe Ottoman Tradition as the Model of the Culture of Power in the Balkans in the 19th-20th c.<\/p>\n<p>&nbsp;<\/p>\n<p>Naida Michal Brandl<br \/>\n\u017didovska topografija Zagreba kojeg vi\u0161e nema<\/p>\n<p>&nbsp;<\/p>\n<p>Milan Sovilj<br \/>\n\u010cehoslova\u010dki pogledi na izgradnju jugoslovenskog socijalizma i omladinske radne akcije 1945\u20131948. godine<\/p>\n<p>&nbsp;<\/p>\n<p>Igor Stani\u0107<br \/>\nSport za svakoga. Sportske aktivnosti radni\u010dke klase u Hrvatskoj od 1945. do po\u010detka 1960-ih<\/p>\n<p>&nbsp;<\/p>\n<p>Davor Kova\u010di\u0107<br \/>\nJugoslavenski nogomet od zavr\u0161etka Drugog svjetskog rata do kraja 1950-ih \u2013 romanti\u010dan po\u010detak dekadencije<\/p>\n<p>&nbsp;<\/p>\n<p>Darjan Godi\u0107, Domagoj Kne\u017eevi\u0107<br \/>\nVojni manevar \u201eSloboda 71\u201c. Prilog istra\u017eivanju<\/p>\n<p>&nbsp;<\/p>\n<p>Stipica Grgi\u0107<br \/>\nAutobiografije i memoari u hrvatskoj povijesnoj znanosti<\/p>\n<p>&nbsp;<\/p>\n<p>Priznanja<br \/>\nNagrade na podru\u010dju historiografije<\/p>\n<p>&nbsp;<\/p>\n<p><strong>Ocjene i prikazi<\/strong><\/p>\n<p>&nbsp;<\/p>\n<p>Alun Munslow, A History of History \/ 221-223 (Petra Pajtak) \u2022 Michael Antolovi\u0107 (prir.), Intelektualna autobiografija i historijska antropologija Arona Gurevi\u010da, Dijalog s povodom 8 \/224-226 (Lucija Bak\u0161i\u0107) \u2022 Dean \u0160kopac-Patocan, Fameja Scopaz, Skopac, Scopazzi, Scopas, \u0160kopac \/ 226-228 (Slaven Berto\u0161a) \u2022 Anette V\u00f6lker-Rasor (ur.), Rani novi vijek \/ 228-235 (Luka Peji\u0107) \u2022 John T. Wing, Roots of Empire: Forests and State Power in Early Modern Spain, c. 1500\u20131750 \/ 235-238 (Matea Jal\u017ee\u010di\u0107) \u2022 Slaven Berto\u0161a, Barban i mleta\u010dki Loredani: \u017eivot u pokretu, ljudi i doga\u0111aji \/ 238-240 (Juraj Bali\u0107) \u2022 Marko Trogrli\u0107, Konrad Clewing, Dalmacija \u2013 neizbru\u0161eni dijamant. Habsbur\u0161ka pokrajina Dalmacija u opisu namjesnika Lilienberga \/ 240-244 (Petar Bagari\u0107) \u2022 Petr Stehl\u00edk, Izme\u0111u hrvatstva i jugoslavenstva. Bosna u hrvatskim nacionalno-integracijskim ideologijama 1832-1878 \/ 244-247 (Stjepan Matkovi\u0107) \u2022 Samanta Paroni\u0107, Logori smrti. Potresna stvarnost barbanskih i pro\u0161tirskih \u201eevakuiraca\u201c (1914.\u20131918.) \/ 247-248 (Slaven Berto\u0161a) \u2022 Hrvoje \u010capo, Kraljevina \u010duvara: represivni aparat monarhisti\u010dke Jugoslavije na podru\u010dju hrvatskih zemalja (1918.-1941.) \/ 248-250 (Ivan Milec) \u2022 Michael Burleigh, Tre\u0107i Reich \u2013 Nova povijest \/ 250-253 (Ivan Smiljani\u0107) \u2022 Robert M. Edsel (s Brettom Witterom), Odred za ba\u0161tinu. Savezni\u010dki junaci, nacisti\u010dki lopovi i najve\u0107a potraga za blagom svih vremena \/ 254-256 (Ivan Smiljani\u0107) \u2022 Polska i Jugos\u0142awia w stosunkach mi\u0119dzynarodowych po II. wojnie \u015bwiatowej, Mom\u010dilo Pavlovi\u0107 i Andrzej Za\u0107mi\u0144ski (ur.) \/ 256-260 (Josip Jagodar) \u2022 Igor Duda, Danas kada postajem pionir. Djetinjstvo i ideologija jugoslavenskoga socijalizma \/ 260-264 (Tizian Raspor) \u2022 Vra\u0107anje digniteta pionirima Igor Duda, Danas kada postajem pionir. Djetinjstvo i ideologija jugoslavenskoga komunizma \/ 264-267 (Ma\u0161a Kolanovi\u0107) Lara J. Nettelfield i Sarah E. Wagner, Srebrenica nakon genocida \/ 267-273 (Andriana Ben\u010di\u0107)<\/p>\n<p>&nbsp;<\/p>\n<p>&#8212;&#8212;-<\/p>\n<p>&nbsp;<\/p>\n<p><strong><em>Historijski zbornik<\/em>, god. 69, br. 2, Zagreb 2016.<\/strong><\/p>\n<p>&nbsp;<\/p>\n<p>SADR\u017dAJ<\/p>\n<p>&nbsp;<\/p>\n<p><strong>\u010clanci<\/strong><\/p>\n<p>&nbsp;<\/p>\n<p>Nenad Mil\u010di\u0107 \/ Kre\u0161imir Regan<br \/>\nDvije zanemarene zagorske utvrde<\/p>\n<p>&nbsp;<\/p>\n<p>Branimir Brgles<br \/>\nModel obradbe protostatisti\u010dkih vrela na primjeru analize najstarijih registara desetinskoga kotara Glavnice<\/p>\n<p>&nbsp;<\/p>\n<p>Iskra Ivelji\u0107<br \/>\nKulturna politika u Banskoj Hrvatskoj 19. stolje\u0107a<\/p>\n<p>&nbsp;<\/p>\n<p>Mariann Nagy<br \/>\nWomen in the economy of Croatia and Hungary from a European perspective at the turn of the 19th and 20th centuries<\/p>\n<p>&nbsp;<\/p>\n<p>Tomasz Pud\u0142ocki<br \/>\nFranciszek Tomaszewski i njegovo putovanje po hrvatskim krajevima<\/p>\n<p>&nbsp;<\/p>\n<p>Vladimir Geiger<br \/>\nO provo\u0111enju odluke Ministarstva unutarnjih poslova DF Jugoslavije od 18. svibnja 1945. o uklanjanju vojnih grobalja i grobova \u201eokupatora\u201c i \u201enarodnih neprijatelja\u201c u Vojvodini nakon Drugog svjetskog rata<\/p>\n<p>&nbsp;<\/p>\n<p>El\u017cbieta Orman<br \/>\nNepokorni povjesni\u010dari<br \/>\nHenryk Wereszycki (1898-1990) i Wac\u0142aw Felczak (1916-1993)<\/p>\n<p>&nbsp;<\/p>\n<p><strong>Akademik \u017darko Dadi\u0107 \u2013 povjesni\u010dar znanosti (izlaganja s kolokvija)<\/strong><\/p>\n<p>&nbsp;<\/p>\n<p>Zrinka Bla\u017eevi\u0107<br \/>\nPrema povijesti znanja \u2013 suvremeni istra\u017eiva\u010dki trendovi i perspektive u povijesti znanosti<\/p>\n<p>&nbsp;<\/p>\n<p>Vedran Duan\u010di\u0107<br \/>\nObrisi znanstvene mre\u017ee u nastajanju: kanali komunikacije kao integrativni \u010dimbenik geografije u me\u0111uratnoj Jugoslaviji<\/p>\n<p>&nbsp;<\/p>\n<p>Marijana Bori\u0107<br \/>\nUloga akademika \u017darka Dadi\u0107a u razvitku Zavoda za povijest i filozofiju<br \/>\nznanosti te njegova istra\u017eivanja hrvatske znanstvene ba\u0161tine<\/p>\n<p>&nbsp;<\/p>\n<p>Bojan Marotti<br \/>\nPovijest filozofije i povijest znanosti u istra\u017eivanjima akademika \u017darka Dadi\u0107a<\/p>\n<p>&nbsp;<\/p>\n<p>Luka Bor\u0161i\u0107 \/ Ivana Skuhala Karasman<br \/>\nSuradnja akademika \u017darka Dadi\u0107a s Institutom za filozofiju i u njegovu \u010dasopisu Prilozi za istra\u017eivanje hrvatske filozofske ba\u0161tine<\/p>\n<p>&nbsp;<\/p>\n<p>\u017deljko Dugac<br \/>\nPovijest medicine i zdravstva u istra\u017eivanjima akademika \u017darka Dadi\u0107a<\/p>\n<p>&nbsp;<\/p>\n<p>Zalkida Had\u017eibegovi\u0107<br \/>\nPoticaj akademika \u017darka Dadi\u0107a istra\u017eivanju islamskih rukopisnih tekstova, posebno u Bosni i Hercegovini<\/p>\n<p>&nbsp;<\/p>\n<p>Dragan Ro\u0161a \/ Marijana Bori\u0107<br \/>\nDoprinosi akademika \u017darka Dadi\u0107a na podru\u010dju astronomije<\/p>\n<p>&nbsp;<\/p>\n<p>Goran Ivani\u0161evi\u0107<br \/>\nBibliografija radova \u017darka Dadi\u0107a 1947-2015.<\/p>\n<p>&nbsp;<\/p>\n<p>Prikaz knjige<br \/>\n\u017darko Dadi\u0107, Povijest znanosti i prirodne filozofije u Hrvata (s osobitim obzirom na egzaktne znanosti) (Marijana Bori\u0107 \/ \u017deljko Dugac)<\/p>\n<p>&nbsp;<\/p>\n<p><strong>Ocjene i prikazi<\/strong><br \/>\nSebastian Conrad, What is global history? \/ 557-560 (Igor Krnjeta) \u2022 Luka Jakop\u010di\u0107, Divljina s pe\u010datom. Socioekolo\u0161ki sustav brodske Posavine u 18. stolje\u0107u \/ 560-563 (An\u0111elko Vla\u0161i\u0107) \u2022 Nikola Cik, Ekohistorija \u0110ur\u0111evca i Virja u drugoj polovini 18. stolje\u0107a \/ 563-566 (Hrvoje Petri\u0107) \u2022 Ignacije Kajetan Buzetski. Duhovna vizitacija iz 1788. godine u Istri, Elvis Orbani\u0107 (prir.) \/ 566-569 (Ozren Kosanovi\u0107) \u2022 Ignazio Gaetano de Buset. Visita spirituale del 1788 in Istria \u2013 Ignacije Kajetan Buzetski. Duhovna vizitacija iz 1788. godine u Istri, a cura di \/ priredio Elvis Orbani\u0107 \/ 569-572 (Slaven Berto\u0161a) \u2022 Helga Schultz, Europ\u00e4ischer Sozialismus \u2013 immer anders \/ 572-574 (Dominik E\u0161egovi\u0107) \u2022 Orlando Figes, Revolutionary Russia, 1891-1991 \/ 574-577 (Nikola Puhari\u0107) \u2022 Mark Cornwall, John Paul Newman (ur.), Sacrifice and Rebirth: The Legacy of the Last Habsburg War \/ 578-580 (Nikola Toma\u0161egovi\u0107) \u2022 S\u00f6nke Neitzel, Harald Welzer, Vojnici: zapisnici o ratovanju, ubijanju i umiranju \/ 580-584 (Ivan Ro\u0161ko) \u2022 \u017deljko Karaula, Ma\u010dekova vojska. Hrvatska selja\u010dka za\u0161tita u Kraljevini Jugoslaviji \/ 584-585 (Mira Kolar-Dimitrijevi\u0107) \u2022 Du\u0161an Ne\u010dak, \u201eOstpolitik\u201c Willyja Brandta i Jugoslavija (1963.-1969.) \/ 585-589 (Vedran Stani\u0107) \u2022 Csaba G. Kiss, Budimpe\u0161ta \u2013 Zagreb. S povratnom kartom \/ 589-591 (Mira Kolar-Dimitrijevi\u0107)<\/p>\n<p>&nbsp;<\/p>\n<p><strong>Znanstveni i stru\u010dni skupovi<\/strong><br \/>\nV. kongres hrvatskih povjesni\u010dara, Zadar, 5-8. listopada 2016. \/ 595-601 (Branimir Jankovi\u0107) \u2022 \u201e\u017delimo izvu\u0107i povjesni\u010dare iz arhiva i predstaviti ih javnosti\u201c Razgovor s Damirom Agi\u010di\u0107em \/ 601-605 (Gordan Duha\u010dek ) \u2022 Okrugli stol \u201e(Homo)seksualnost i historiografija\u201c, Festival povijesti \u2013 Kliofest 2016 \/ 605-607 (Branimir Jankovi\u0107) \u2022 \u201eHistorians at Work\u201c, ISHA Seminar, Berlin \/ 608 (Tizian Raspor) \u2022 Osvrt na izlo\u017ebu \u201eRomi u koncentracijskom logoru Jasenovac\u201c autora Ive Pejakovi\u0107a u Javnoj ustanovi Spomen-podru\u010dje Jasenovac 2016. godine \/ 608-610 (Danijel Vojak) \u2022 Godina Franje Josipa \u2013 obilje\u017eavanje jedne obljetnice i historiografija \/ 611-618 (Filip \u0160imetin \u0160egvi\u0107)<\/p>\n<p>&nbsp;<\/p>\n<p><strong>In memoriam<\/strong><br \/>\nOdlazak jedne od najzna\u010dajnijih povjesni\u010darki njema\u010dkog govornog podru\u010dja \u2013 Brigitte Hamann (1940.-2016.) \/ 621-624 (Filip \u0160imetin \u0160egvi\u0107)<\/p>\n<p>&nbsp;<\/p>\n<p>&nbsp;<\/p>\n","protected":false},"excerpt":{"rendered":"","protected":false},"author":2,"featured_media":0,"comment_status":"open","ping_status":"open","sticky":false,"template":"","format":"standard","meta":{"_acf_changed":false,"jetpack_post_was_ever_published":false,"_jetpack_newsletter_access":"","_jetpack_dont_email_post_to_subs":true,"_jetpack_newsletter_tier_id":0,"_jetpack_memberships_contains_paywalled_content":false,"_jetpack_memberships_contains_paid_content":false,"footnotes":"","jetpack_publicize_message":"","jetpack_publicize_feature_enabled":true,"jetpack_social_post_already_shared":true,"jetpack_social_options":{"image_generator_settings":{"template":"highway","default_image_id":0,"font":"","enabled":false},"version":2}},"categories":[3],"tags":[],"class_list":["post-3236","post","type-post","status-publish","format-standard","hentry","category-novosti"],"acf":{"facebook_opis":""},"jetpack_publicize_connections":[],"jetpack_featured_media_url":"","jetpack_sharing_enabled":true,"jetpack-related-posts":[{"id":52660,"url":"https:\/\/historiografija.hr\/?p=52660","url_meta":{"origin":3236,"position":0},"title":"Medijski odjeci \u010dlanka Steve \u0110ura\u0161kovi\u0107a \u201e\u017dupanovljeva ne\u017eeljena djeca: ideolo\u0161ko pribli\u017eavanje neoliberala i kr\u0161\u0107anske radikalne desnice u Hrvatskoj\u201c","author":"Branimir Jankovi\u0107","date":"24. travnja 2026.","format":false,"excerpt":"U sklopu projekta \u201eIzazovi intelektualne povijesti: recepcije, preobrazbe i upotrebe politi\u010dkih ideja\u201c objavljen je polemi\u010dki \u010dlanak Steve \u0110ura\u0161kovi\u0107a \u201e\u017dupanovljeva ne\u017eeljena djeca: ideolo\u0161ko pribli\u017eavanje neoliberala i kr\u0161\u0107anske radikalne desnice u Hrvatskoj\u201c, koji je izazvao odre\u0111ene medijske reakcije. Stevo \u0110ura\u0161kovi\u0107 \u017dupanovljeva ne\u017eeljena djeca: ideolo\u0161ko pribli\u017eavanje neoliberala i kr\u0161\u0107anske radikalne desnice u Hrvatskoj\u2026","rel":"","context":"U &quot;Novosti&quot;","block_context":{"text":"Novosti","link":"https:\/\/historiografija.hr\/?cat=3"},"img":{"alt_text":"","src":"https:\/\/i0.wp.com\/historiografija.hr\/wp-content\/uploads\/2026\/04\/SD.png?fit=809%2C821&ssl=1&resize=350%2C200","width":350,"height":200,"srcset":"https:\/\/i0.wp.com\/historiografija.hr\/wp-content\/uploads\/2026\/04\/SD.png?fit=809%2C821&ssl=1&resize=350%2C200 1x, https:\/\/i0.wp.com\/historiografija.hr\/wp-content\/uploads\/2026\/04\/SD.png?fit=809%2C821&ssl=1&resize=525%2C300 1.5x, https:\/\/i0.wp.com\/historiografija.hr\/wp-content\/uploads\/2026\/04\/SD.png?fit=809%2C821&ssl=1&resize=700%2C400 2x"},"classes":[]},{"id":52589,"url":"https:\/\/historiografija.hr\/?p=52589","url_meta":{"origin":3236,"position":1},"title":"Predstavljena knjiga Miomira \u017du\u017eula &#8220;Dayton: Diplomacija &#8211; druga strana rata&#8221;","author":"Branimir Jankovi\u0107","date":"22. travnja 2026.","format":false,"excerpt":"Knjiga Miomira \u017du\u017eula \u201eDayton: Diplomacija \u2013 druga strana rata\u201d predstavljena je u srijedu, 22. travnja 2026. godine u foajeu Hrvatskoga narodnog kazali\u0161ta u Zagrebu. Op\u0161irnije: https:\/\/vijesti.hrt.hr\/hrvatska\/predstavljena-knjiga-miomira-zuzula-dayton-diplomacija-druga-strana-rata-12683259 https:\/\/www.vecernji.ba\/amp\/vijesti\/zuzulova-knjiga-o-daytonu-predstavljena-u-zagrebu-diplomacija-kao-druga-strana-rata-1953700 https:\/\/www.tportal.hr\/vijesti\/clanak\/bivsi-sanaderov-ministar-odrzao-promociju-evo-tko-je-sve-dosao-na-predstavljanje-knjige-miomira-zuzula-foto-20260422 https:\/\/direktno.hr\/zivot\/kultura\/zuzul-otkrio-sve-o-drugoj-strani-rata-za-hrvatsku-se-nije-libio-povuci-nekoga-i-za-kosu-395042 https:\/\/www.24sata.hr\/news\/miomir-zuzul-predstavio-je-knjigu-o-daytonu-diplomacija-je-bila-druga-strana-rata-1123152 https:\/\/www.vecernji.hr\/kultura\/kolinda-grabar-kitarovic-otvoreno-miomir-zuzul-nije-vukao-samo-za-rukav-nego-i-za-kosu-1953722 https:\/\/www.vecernji.hr\/kultura\/i-papa-lav-xiv-eksplicitno-je-daytonski-sporazum-istaknuo-kao-primjer-uspjesna-rjesavanja-sukoba-1952215","rel":"","context":"U &quot;Novosti&quot;","block_context":{"text":"Novosti","link":"https:\/\/historiografija.hr\/?cat=3"},"img":{"alt_text":"","src":"https:\/\/i0.wp.com\/historiografija.hr\/wp-content\/uploads\/2026\/04\/Dayton.jpg?fit=1024%2C683&ssl=1&resize=350%2C200","width":350,"height":200,"srcset":"https:\/\/i0.wp.com\/historiografija.hr\/wp-content\/uploads\/2026\/04\/Dayton.jpg?fit=1024%2C683&ssl=1&resize=350%2C200 1x, https:\/\/i0.wp.com\/historiografija.hr\/wp-content\/uploads\/2026\/04\/Dayton.jpg?fit=1024%2C683&ssl=1&resize=525%2C300 1.5x, https:\/\/i0.wp.com\/historiografija.hr\/wp-content\/uploads\/2026\/04\/Dayton.jpg?fit=1024%2C683&ssl=1&resize=700%2C400 2x"},"classes":[]},{"id":52552,"url":"https:\/\/historiografija.hr\/?p=52552","url_meta":{"origin":3236,"position":2},"title":"Besplatni glazbeni antikvarijat","author":"Branimir Jankovi\u0107","date":"20. travnja 2026.","format":false,"excerpt":"Muzi\u010dka akademija Sveu\u010dili\u0161ta u Zagrebu 23. travnja 2026. od 10 do 17 sati Pozivamo Vas na Besplatni glazbeni antikvarijat, koji u sklopu manifestacije No\u0107 knjige 2026. organizira Hrvatska udruga muzi\u010dkih knji\u017enica, arhiva i dokumentacijskih centara (HUMKAD). Antikvarijat \u0107e se odr\u017eati na Svjetski dan knjige \u2013 u \u010detvrtak 23. travnja 2026.\u2026","rel":"","context":"U &quot;Novosti&quot;","block_context":{"text":"Novosti","link":"https:\/\/historiografija.hr\/?cat=3"},"img":{"alt_text":"","src":"https:\/\/i0.wp.com\/historiografija.hr\/wp-content\/uploads\/2026\/04\/Besplatni-glazbeni-antikvarijat-23.-4.-2026.jpg?fit=1200%2C848&ssl=1&resize=350%2C200","width":350,"height":200,"srcset":"https:\/\/i0.wp.com\/historiografija.hr\/wp-content\/uploads\/2026\/04\/Besplatni-glazbeni-antikvarijat-23.-4.-2026.jpg?fit=1200%2C848&ssl=1&resize=350%2C200 1x, https:\/\/i0.wp.com\/historiografija.hr\/wp-content\/uploads\/2026\/04\/Besplatni-glazbeni-antikvarijat-23.-4.-2026.jpg?fit=1200%2C848&ssl=1&resize=525%2C300 1.5x, https:\/\/i0.wp.com\/historiografija.hr\/wp-content\/uploads\/2026\/04\/Besplatni-glazbeni-antikvarijat-23.-4.-2026.jpg?fit=1200%2C848&ssl=1&resize=700%2C400 2x, https:\/\/i0.wp.com\/historiografija.hr\/wp-content\/uploads\/2026\/04\/Besplatni-glazbeni-antikvarijat-23.-4.-2026.jpg?fit=1200%2C848&ssl=1&resize=1050%2C600 3x"},"classes":[]},{"id":52559,"url":"https:\/\/historiografija.hr\/?p=52559","url_meta":{"origin":3236,"position":3},"title":"Dobitnici dr\u017eavne nagrade za znanost za 2024. godinu","author":"Branimir Jankovi\u0107","date":"20. travnja 2026.","format":false,"excerpt":"Na sjednici Odbora za podjelu dr\u017eavnih nagrada za znanost odr\u017eanoj 16. travnja 2026. godine donesena je Odluka o dodjeli dr\u017eavnih nagrada za znanost za 2024. godinu. Godi\u0161njom nagradom za popularizaciju i promid\u017ebu znanosti nagra\u0111eni su u podru\u010dju humanisti\u010dkih znanosti znanstveni suradnici dr. sc. Josip Mihaljevi\u0107 i dr. sc. Gordan Ravan\u010di\u0107,\u2026","rel":"","context":"U &quot;Novosti&quot;","block_context":{"text":"Novosti","link":"https:\/\/historiografija.hr\/?cat=3"},"img":{"alt_text":"","src":"https:\/\/i0.wp.com\/historiografija.hr\/wp-content\/uploads\/2021\/12\/povijesne-kontroverze.jpg?fit=1200%2C675&ssl=1&resize=350%2C200","width":350,"height":200,"srcset":"https:\/\/i0.wp.com\/historiografija.hr\/wp-content\/uploads\/2021\/12\/povijesne-kontroverze.jpg?fit=1200%2C675&ssl=1&resize=350%2C200 1x, https:\/\/i0.wp.com\/historiografija.hr\/wp-content\/uploads\/2021\/12\/povijesne-kontroverze.jpg?fit=1200%2C675&ssl=1&resize=525%2C300 1.5x, https:\/\/i0.wp.com\/historiografija.hr\/wp-content\/uploads\/2021\/12\/povijesne-kontroverze.jpg?fit=1200%2C675&ssl=1&resize=700%2C400 2x, https:\/\/i0.wp.com\/historiografija.hr\/wp-content\/uploads\/2021\/12\/povijesne-kontroverze.jpg?fit=1200%2C675&ssl=1&resize=1050%2C600 3x"},"classes":[]},{"id":52592,"url":"https:\/\/historiografija.hr\/?p=52592","url_meta":{"origin":3236,"position":4},"title":"Predstavljanje knjige &#8220;Turska ku\u0107a u Rijeci&#8221; u Zagrebu","author":"Branimir Jankovi\u0107","date":"22. travnja 2026.","format":false,"excerpt":"U prostorijama Turskog kulturnog centra Yunus Emre u Zagrebu, u utorak 21. travnja 2026. godine, odr\u017eano je sve\u010dano predstavljanje dopunjenog izdanja knjige Turska ku\u0107a u Rijeci, u organizaciji Hrvatsko-turskog dru\u0161tva Rijeka i partnerstvu sa Skupinom prijateljstva Hrvatska-Turska Hrvatskog sabora, Veleposlanstvom Republike Turske u Republici Hrvatskoj te Turskim kulturnim centrom Yunus\u2026","rel":"","context":"U &quot;Novosti&quot;","block_context":{"text":"Novosti","link":"https:\/\/historiografija.hr\/?cat=3"},"img":{"alt_text":"","src":"https:\/\/i0.wp.com\/historiografija.hr\/wp-content\/uploads\/2026\/04\/Turska-kuca-ZG.jpg?fit=1200%2C800&ssl=1&resize=350%2C200","width":350,"height":200,"srcset":"https:\/\/i0.wp.com\/historiografija.hr\/wp-content\/uploads\/2026\/04\/Turska-kuca-ZG.jpg?fit=1200%2C800&ssl=1&resize=350%2C200 1x, https:\/\/i0.wp.com\/historiografija.hr\/wp-content\/uploads\/2026\/04\/Turska-kuca-ZG.jpg?fit=1200%2C800&ssl=1&resize=525%2C300 1.5x, https:\/\/i0.wp.com\/historiografija.hr\/wp-content\/uploads\/2026\/04\/Turska-kuca-ZG.jpg?fit=1200%2C800&ssl=1&resize=700%2C400 2x, https:\/\/i0.wp.com\/historiografija.hr\/wp-content\/uploads\/2026\/04\/Turska-kuca-ZG.jpg?fit=1200%2C800&ssl=1&resize=1050%2C600 3x"},"classes":[]},{"id":52666,"url":"https:\/\/historiografija.hr\/?p=52666","url_meta":{"origin":3236,"position":5},"title":"Najava programa Festivala povijesti Kliofest (5-8. V. 2026)","author":"Branimir Jankovi\u0107","date":"24. travnja 2026.","format":false,"excerpt":"Po trinaesti put odr\u017eava se Festival povijesti Kliofest! Do petka \u0107emo odr\u017eati osam okruglih stolova i dva kolokvija te niz predstavljanja knjiga i projekata razli\u010dite tematike, od antike do suvremenosti. Bit \u0107e predstavljeno i nekoliko izlo\u017ebi te odr\u017ean jedan povijesni kviz. Prikazat \u0107emo i jedan film \u2013 o generalu Boroevi\u0107u.\u2026","rel":"","context":"U &quot;Novosti&quot;","block_context":{"text":"Novosti","link":"https:\/\/historiografija.hr\/?cat=3"},"img":{"alt_text":"","src":"https:\/\/i0.wp.com\/historiografija.hr\/wp-content\/uploads\/2026\/04\/Kliofest-2026.jpg?fit=526%2C526&ssl=1&resize=350%2C200","width":350,"height":200,"srcset":"https:\/\/i0.wp.com\/historiografija.hr\/wp-content\/uploads\/2026\/04\/Kliofest-2026.jpg?fit=526%2C526&ssl=1&resize=350%2C200 1x, https:\/\/i0.wp.com\/historiografija.hr\/wp-content\/uploads\/2026\/04\/Kliofest-2026.jpg?fit=526%2C526&ssl=1&resize=525%2C300 1.5x"},"classes":[]}],"_links":{"self":[{"href":"https:\/\/historiografija.hr\/index.php?rest_route=\/wp\/v2\/posts\/3236","targetHints":{"allow":["GET"]}}],"collection":[{"href":"https:\/\/historiografija.hr\/index.php?rest_route=\/wp\/v2\/posts"}],"about":[{"href":"https:\/\/historiografija.hr\/index.php?rest_route=\/wp\/v2\/types\/post"}],"author":[{"embeddable":true,"href":"https:\/\/historiografija.hr\/index.php?rest_route=\/wp\/v2\/users\/2"}],"replies":[{"embeddable":true,"href":"https:\/\/historiografija.hr\/index.php?rest_route=%2Fwp%2Fv2%2Fcomments&post=3236"}],"version-history":[{"count":7,"href":"https:\/\/historiografija.hr\/index.php?rest_route=\/wp\/v2\/posts\/3236\/revisions"}],"predecessor-version":[{"id":3243,"href":"https:\/\/historiografija.hr\/index.php?rest_route=\/wp\/v2\/posts\/3236\/revisions\/3243"}],"wp:attachment":[{"href":"https:\/\/historiografija.hr\/index.php?rest_route=%2Fwp%2Fv2%2Fmedia&parent=3236"}],"wp:term":[{"taxonomy":"category","embeddable":true,"href":"https:\/\/historiografija.hr\/index.php?rest_route=%2Fwp%2Fv2%2Fcategories&post=3236"},{"taxonomy":"post_tag","embeddable":true,"href":"https:\/\/historiografija.hr\/index.php?rest_route=%2Fwp%2Fv2%2Ftags&post=3236"}],"curies":[{"name":"wp","href":"https:\/\/api.w.org\/{rel}","templated":true}]}}