{"id":32351,"date":"2022-08-12T13:24:07","date_gmt":"2022-08-12T13:24:07","guid":{"rendered":"http:\/\/historiografija.hr\/?p=32351"},"modified":"2022-08-12T13:24:07","modified_gmt":"2022-08-12T13:24:07","slug":"povcast-hr-intervju-s-prof-nenadom-moacaninom-pro-tempore","status":"publish","type":"post","link":"https:\/\/historiografija.hr\/?p=32351","title":{"rendered":"Povcast.hr: Intervju s prof. Nenadom Moa\u010daninom (\u201cPro tempore\u201d)"},"content":{"rendered":"\n<p>\u201cCijeli intervju s prof. Nenadom Moa\u010daninom mo\u017eete pro\u010ditati u 15. broju \u010dasopisa Pro tempore. U ovom tekstu prenosimo tek izvadak iz razgovora koji je s profesorom vo\u0111en 13. srpnja 2020. godine.\u201d<\/p>\n\n\n\n<hr class=\"wp-block-separator\"\/>\n\n\n\n<p><strong><em>Op\u0161irnije na sljede\u0107oj poveznici:<\/em><\/strong><\/p>\n\n\n\n<figure class=\"wp-block-embed-wordpress wp-block-embed is-type-wp-embed is-provider-povcast-hr\"><div class=\"wp-block-embed__wrapper\">\n<blockquote class=\"wp-embedded-content\" data-secret=\"MNqYS4HAeb\"><a href=\"https:\/\/povcast.hr\/intervju-s-prof-nenadom-moacaninom\/\">Intervju s prof. Nenadom Moa\u010daninom<\/a><\/blockquote><iframe loading=\"lazy\" class=\"wp-embedded-content\" sandbox=\"allow-scripts\" security=\"restricted\" style=\"position: absolute; clip: rect(1px, 1px, 1px, 1px);\" title=\"&#8220;Intervju s prof. Nenadom Moa\u010daninom&#8221; &#8212; Povcast.hr\" src=\"https:\/\/povcast.hr\/intervju-s-prof-nenadom-moacaninom\/embed\/#?secret=almDSEfXek#?secret=MNqYS4HAeb\" data-secret=\"MNqYS4HAeb\" width=\"600\" height=\"338\" frameborder=\"0\" marginwidth=\"0\" marginheight=\"0\" scrolling=\"no\"><\/iframe>\n<\/div><\/figure>\n\n\n\n<hr class=\"wp-block-separator\"\/>\n","protected":false},"excerpt":{"rendered":"","protected":false},"author":2,"featured_media":32352,"comment_status":"open","ping_status":"open","sticky":false,"template":"","format":"standard","meta":{"_acf_changed":false,"_jetpack_newsletter_access":"","_jetpack_dont_email_post_to_subs":false,"_jetpack_newsletter_tier_id":0,"_jetpack_memberships_contains_paywalled_content":false,"_jetpack_memberships_contains_paid_content":false,"footnotes":"","jetpack_publicize_message":"","jetpack_publicize_feature_enabled":true,"jetpack_social_post_already_shared":true,"jetpack_social_options":{"image_generator_settings":{"template":"highway","default_image_id":0,"font":"","enabled":false},"version":2},"jetpack_post_was_ever_published":false},"categories":[3],"tags":[],"class_list":["post-32351","post","type-post","status-publish","format-standard","has-post-thumbnail","hentry","category-novosti"],"acf":{"facebook_opis":""},"jetpack_publicize_connections":[],"jetpack_featured_media_url":"https:\/\/i0.wp.com\/historiografija.hr\/wp-content\/uploads\/2022\/08\/Moacanin.jpg?fit=500%2C261&ssl=1","jetpack_sharing_enabled":true,"jetpack-related-posts":[{"id":53659,"url":"https:\/\/historiografija.hr\/?p=53659","url_meta":{"origin":32351,"position":0},"title":"Predstavljanje 20. broja \u010dasopisa &#8220;Pro tempore&#8221;","author":"Filip \u0160imunjak","date":"4. lipnja 2026.","format":false,"excerpt":"Redakcija \u010dasopisa studenata povijesti \"Pro tempore\" poziva na predstavljanje njegovoga 20. broja. Predstavljanje \u0107e se odr\u017eati u \u010detvrtak 11. lipnja 2026. godine, s po\u010detkom u 17 sati, u Vije\u0107nici Filozofskog fakulteta Sveu\u010dili\u0161ta u Zagrebu (Ivana Lu\u010di\u0107a 3, Zagreb). Novi broj \u010dasopisa posve\u0107en je temi Mitovi i narativi. Osim glavne urednice\u2026","rel":"","context":"U &quot;Novosti&quot;","block_context":{"text":"Novosti","link":"https:\/\/historiografija.hr\/?cat=3"},"img":{"alt_text":"","src":"https:\/\/i0.wp.com\/historiografija.hr\/wp-content\/uploads\/2026\/05\/Pro-tempore-20-pozivnica-scaled.png?fit=1200%2C507&ssl=1&resize=350%2C200","width":350,"height":200,"srcset":"https:\/\/i0.wp.com\/historiografija.hr\/wp-content\/uploads\/2026\/05\/Pro-tempore-20-pozivnica-scaled.png?fit=1200%2C507&ssl=1&resize=350%2C200 1x, https:\/\/i0.wp.com\/historiografija.hr\/wp-content\/uploads\/2026\/05\/Pro-tempore-20-pozivnica-scaled.png?fit=1200%2C507&ssl=1&resize=525%2C300 1.5x, https:\/\/i0.wp.com\/historiografija.hr\/wp-content\/uploads\/2026\/05\/Pro-tempore-20-pozivnica-scaled.png?fit=1200%2C507&ssl=1&resize=700%2C400 2x, https:\/\/i0.wp.com\/historiografija.hr\/wp-content\/uploads\/2026\/05\/Pro-tempore-20-pozivnica-scaled.png?fit=1200%2C507&ssl=1&resize=1050%2C600 3x"},"classes":[]},{"id":51853,"url":"https:\/\/historiografija.hr\/?p=51853","url_meta":{"origin":32351,"position":1},"title":"USC Shoah Foundation: Svjedo\u010denje povjesni\u010darke Mirjane Gross","author":"Branimir Jankovi\u0107","date":"12. o\u017eujka 2026.","format":false,"excerpt":"Upu\u0107ujemo na audio-vizualni intervju (na hrvatskom jeziku) s povjesni\u010darkom Mirjanom Gross (1922-2012) koji je u Zagrebu 7. kolovoza 1995. godine vodila Jasminka Doma\u0161. U tom svjedo\u010denju Mirjana (Mirjam) Gross govori o svojoj obiteljskoj povijesti, \u017eidovskom identitetu i traumati\u010dnom logorskom iskustvu. Mirjam Gross https:\/\/vha.usc.edu\/testimony\/4016","rel":"","context":"U &quot;Novosti&quot;","block_context":{"text":"Novosti","link":"https:\/\/historiografija.hr\/?cat=3"},"img":{"alt_text":"","src":"https:\/\/i0.wp.com\/historiografija.hr\/wp-content\/uploads\/2026\/03\/Mirjam-Gross-Testimony-VHA.png?fit=1200%2C574&ssl=1&resize=350%2C200","width":350,"height":200,"srcset":"https:\/\/i0.wp.com\/historiografija.hr\/wp-content\/uploads\/2026\/03\/Mirjam-Gross-Testimony-VHA.png?fit=1200%2C574&ssl=1&resize=350%2C200 1x, https:\/\/i0.wp.com\/historiografija.hr\/wp-content\/uploads\/2026\/03\/Mirjam-Gross-Testimony-VHA.png?fit=1200%2C574&ssl=1&resize=525%2C300 1.5x, https:\/\/i0.wp.com\/historiografija.hr\/wp-content\/uploads\/2026\/03\/Mirjam-Gross-Testimony-VHA.png?fit=1200%2C574&ssl=1&resize=700%2C400 2x, https:\/\/i0.wp.com\/historiografija.hr\/wp-content\/uploads\/2026\/03\/Mirjam-Gross-Testimony-VHA.png?fit=1200%2C574&ssl=1&resize=1050%2C600 3x"},"classes":[]},{"id":54656,"url":"https:\/\/historiografija.hr\/?p=54656","url_meta":{"origin":32351,"position":2},"title":"Objavljen novi broj \u010dasopisa &#8220;Pro tempore&#8221;","author":"Filip \u0160imunjak","date":"20. srpnja 2026.","format":false,"excerpt":"Na Portalu hrvatskih znanstvenih i stru\u010dnih \u010dasopisa \u2013 Hr\u010dak objavljen je obljetni\u010dki 20. broj \u010dasopisa studenata povijesti Pro tempore za 2025. godinu (dostupno na poveznici: https:\/\/hrcak.srce.hr\/broj\/27045). Novi broj obra\u0111uje teme mitova i narativa te obuhva\u0107a sva povijesna razdoblja \u2013 od stare do suvremene povijesti. Povodom 20 godina rada na \u010casopisu,\u2026","rel":"","context":"U &quot;\u010casopisi&quot;","block_context":{"text":"\u010casopisi","link":"https:\/\/historiografija.hr\/?cat=21"},"img":{"alt_text":"","src":"https:\/\/i0.wp.com\/historiografija.hr\/wp-content\/uploads\/2026\/07\/Pro-tempore-20-scaled.webp?fit=850%2C1200&ssl=1&resize=350%2C200","width":350,"height":200,"srcset":"https:\/\/i0.wp.com\/historiografija.hr\/wp-content\/uploads\/2026\/07\/Pro-tempore-20-scaled.webp?fit=850%2C1200&ssl=1&resize=350%2C200 1x, https:\/\/i0.wp.com\/historiografija.hr\/wp-content\/uploads\/2026\/07\/Pro-tempore-20-scaled.webp?fit=850%2C1200&ssl=1&resize=525%2C300 1.5x, https:\/\/i0.wp.com\/historiografija.hr\/wp-content\/uploads\/2026\/07\/Pro-tempore-20-scaled.webp?fit=850%2C1200&ssl=1&resize=700%2C400 2x"},"classes":[]},{"id":52996,"url":"https:\/\/historiografija.hr\/?p=52996","url_meta":{"origin":32351,"position":3},"title":"Nikolina \u017didek, &#8220;The Croatian Diaspora in Argentina&#8221;","author":"Filip \u0160imunjak","date":"8. svibnja 2026.","format":false,"excerpt":"Description Following the collapse of the fascist Independent State of Croatia (1941\u20131945), around 10,000 political \u00e9migr\u00e9s fled to Per\u00f3n\u2019s Argentina. This study traces the Croatian diaspora\u2019s evolution from its founding to the present. Initially marked by trauma \u2013 military defeat, exile, and reprisals\u2014the community redefined its identity within Cold War\u2026","rel":"","context":"U &quot;Knjige&quot;","block_context":{"text":"Knjige","link":"https:\/\/historiografija.hr\/?cat=8"},"img":{"alt_text":"","src":"https:\/\/i0.wp.com\/historiografija.hr\/wp-content\/uploads\/2026\/05\/NIKOLINA-ZIDEK-%E2%80%9ETHE-CROATIAN-DIASPORA-IN-ARGENTINA-scaled.webp?fit=795%2C1200&ssl=1&resize=350%2C200","width":350,"height":200,"srcset":"https:\/\/i0.wp.com\/historiografija.hr\/wp-content\/uploads\/2026\/05\/NIKOLINA-ZIDEK-%E2%80%9ETHE-CROATIAN-DIASPORA-IN-ARGENTINA-scaled.webp?fit=795%2C1200&ssl=1&resize=350%2C200 1x, https:\/\/i0.wp.com\/historiografija.hr\/wp-content\/uploads\/2026\/05\/NIKOLINA-ZIDEK-%E2%80%9ETHE-CROATIAN-DIASPORA-IN-ARGENTINA-scaled.webp?fit=795%2C1200&ssl=1&resize=525%2C300 1.5x, https:\/\/i0.wp.com\/historiografija.hr\/wp-content\/uploads\/2026\/05\/NIKOLINA-ZIDEK-%E2%80%9ETHE-CROATIAN-DIASPORA-IN-ARGENTINA-scaled.webp?fit=795%2C1200&ssl=1&resize=700%2C400 2x"},"classes":[]},{"id":51155,"url":"https:\/\/historiografija.hr\/?p=51155","url_meta":{"origin":32351,"position":4},"title":"Preminuo povjesni\u010dar Andr\u00e9 Burgui\u00e8re","author":"Branimir Jankovi\u0107","date":"23. sije\u010dnja 2026.","format":false,"excerpt":"U dobi od 87. godina preminuo je 22. sije\u010dnja 2026. francuski povjesni\u010dar Andr\u00e9 Burgui\u00e8re (1938-2026), \u010diji je rad bio opse\u017eno recipiran u hrvatskoj historiografiji, antropologiji i knji\u017eevnoj povijesti, a ostvario je i intenzivnu stru\u010dnu suradnju s hrvatskim povjesni\u010darima i antropolozima. Kao specijalist za povijest obitelji i stanovni\u0161tva, utjecao je na\u2026","rel":"","context":"U &quot;Novosti&quot;","block_context":{"text":"Novosti","link":"https:\/\/historiografija.hr\/?cat=3"},"img":{"alt_text":"","src":"https:\/\/i0.wp.com\/historiografija.hr\/wp-content\/uploads\/2026\/01\/andre-burguiere.png?fit=355%2C466&ssl=1&resize=350%2C200","width":350,"height":200},"classes":[]},{"id":53601,"url":"https:\/\/historiografija.hr\/?p=53601","url_meta":{"origin":32351,"position":5},"title":"O kori\u0161tenju arhiva Ha\u0161kog suda i njegovoj budu\u0107nosti &#8211; intervju s povjesni\u010darkom Ivom Vuku\u0161i\u0107","author":"Branimir Jankovi\u0107","date":"21. svibnja 2026.","format":false,"excerpt":"Iva Vuku\u0161i\u0107 predava\u010dica je na Centru za studije konflikata Sveu\u010dili\u0161ta u Utrechtu u Nizozemskoj. Doktorirala je povijest na istom sveu\u010dili\u0161tu disertacijom o srpskim paravojnim formacijama tijekom raspada Jugoslavije. Trenuta\u010dno je i gostuju\u0107a istra\u017eiva\u010dica na Odsjeku za ratne studije King\u2019s Collegea u Londonu. Od 2009. do 2015. radila je za agenciju\u2026","rel":"","context":"U &quot;Intervjui&quot;","block_context":{"text":"Intervjui","link":"https:\/\/historiografija.hr\/?cat=14"},"img":{"alt_text":"","src":"https:\/\/i0.wp.com\/historiografija.hr\/wp-content\/uploads\/2026\/05\/Vukusic_autor_-Irene-van-Kessel-scaled.jpg?resize=350%2C200&ssl=1","width":350,"height":200,"srcset":"https:\/\/i0.wp.com\/historiografija.hr\/wp-content\/uploads\/2026\/05\/Vukusic_autor_-Irene-van-Kessel-scaled.jpg?resize=350%2C200&ssl=1 1x, https:\/\/i0.wp.com\/historiografija.hr\/wp-content\/uploads\/2026\/05\/Vukusic_autor_-Irene-van-Kessel-scaled.jpg?resize=525%2C300&ssl=1 1.5x, https:\/\/i0.wp.com\/historiografija.hr\/wp-content\/uploads\/2026\/05\/Vukusic_autor_-Irene-van-Kessel-scaled.jpg?resize=700%2C400&ssl=1 2x, https:\/\/i0.wp.com\/historiografija.hr\/wp-content\/uploads\/2026\/05\/Vukusic_autor_-Irene-van-Kessel-scaled.jpg?resize=1050%2C600&ssl=1 3x, https:\/\/i0.wp.com\/historiografija.hr\/wp-content\/uploads\/2026\/05\/Vukusic_autor_-Irene-van-Kessel-scaled.jpg?resize=1400%2C800&ssl=1 4x"},"classes":[]}],"_links":{"self":[{"href":"https:\/\/historiografija.hr\/index.php?rest_route=\/wp\/v2\/posts\/32351","targetHints":{"allow":["GET"]}}],"collection":[{"href":"https:\/\/historiografija.hr\/index.php?rest_route=\/wp\/v2\/posts"}],"about":[{"href":"https:\/\/historiografija.hr\/index.php?rest_route=\/wp\/v2\/types\/post"}],"author":[{"embeddable":true,"href":"https:\/\/historiografija.hr\/index.php?rest_route=\/wp\/v2\/users\/2"}],"replies":[{"embeddable":true,"href":"https:\/\/historiografija.hr\/index.php?rest_route=%2Fwp%2Fv2%2Fcomments&post=32351"}],"version-history":[{"count":1,"href":"https:\/\/historiografija.hr\/index.php?rest_route=\/wp\/v2\/posts\/32351\/revisions"}],"predecessor-version":[{"id":32353,"href":"https:\/\/historiografija.hr\/index.php?rest_route=\/wp\/v2\/posts\/32351\/revisions\/32353"}],"wp:featuredmedia":[{"embeddable":true,"href":"https:\/\/historiografija.hr\/index.php?rest_route=\/wp\/v2\/media\/32352"}],"wp:attachment":[{"href":"https:\/\/historiografija.hr\/index.php?rest_route=%2Fwp%2Fv2%2Fmedia&parent=32351"}],"wp:term":[{"taxonomy":"category","embeddable":true,"href":"https:\/\/historiografija.hr\/index.php?rest_route=%2Fwp%2Fv2%2Fcategories&post=32351"},{"taxonomy":"post_tag","embeddable":true,"href":"https:\/\/historiografija.hr\/index.php?rest_route=%2Fwp%2Fv2%2Ftags&post=32351"}],"curies":[{"name":"wp","href":"https:\/\/api.w.org\/{rel}","templated":true}]}}