{"id":32346,"date":"2022-08-12T13:19:40","date_gmt":"2022-08-12T13:19:40","guid":{"rendered":"http:\/\/historiografija.hr\/?p=32346"},"modified":"2022-08-12T13:20:58","modified_gmt":"2022-08-12T13:20:58","slug":"10-anticke-filmske-veceri-u-vinkovcima","status":"publish","type":"post","link":"https:\/\/historiografija.hr\/?p=32346","title":{"rendered":"10. Anti\u010dke filmske ve\u010deri u Vinkovcima"},"content":{"rendered":"\n<p>Udruga ljubitelja filma RARE iz Vinkovaca pripremila je i ove godine bogat filmski program u Lapidariju Gradskog muzeja u Vinkovcima. Povezivanjem programa 10. Anti\u010dkih filmskih ve\u010deri i 16. Festivala dokumentarnog rock filma, slavonski ljubitelji dokumentarnih filmova u Filmskom tjednu od 16. do 20. kolovoza u\u017eivat \u0107e u projekcijama recentne filmske produkcije, uz popratni program.<\/p>\n\n\n\n<p>Prve ve\u010deri, u utorak 16. kolovoza, nakon sve\u010danog otvorenja, na programu su dva filma, dvije vinkova\u010dke premijere &#8211; kratki dokumentarni film autorice Vlatke Vorkapi\u0107 \u00a0\u201eAnine pjesme\u201c (Hrvatska, HRT, 2003.), pri\u010da o pu\u010dkoj pjesnikinji Ani \u0160ebalj iz sela Komletinci pokraj Vinkovaca i njezinoj najboljoj prijateljici. Drugi film na programu je \u201eVu\u010dedolska jarebica\u201c (Hrvatska, Design Studio D, 2021.), drugi film petodijelnog dokumentarno-igranog serijala \u201eVu\u010dedolske tajne\u201c o vu\u010dedolskoj kulturi, projekt koji su zapo\u010deli nagra\u0111ivani redatelj Darko Puhari\u0107 prema scenariju arheologa prof.dr.sc. Aleksandar Durman. \u00a0<br><br>Nakon projekcija filmova, nastavljamo istra\u017eivanje pop-kulturne povijesti Vinkovaca i ove godine je u fokusu kultni \u0161kolski list \u017dVOKS (\u017divot Vinkova\u010dke Omladine Koja Spava), koji od po\u010detka 1980-ih objavljuje vinkova\u010dka Gimnazija i u kojem su generacije novinara i mladih kreativnih osoba dobile svoj prostor. Diskusiju \u201e\u017dVOKS \u2013 spava li jo\u0161 uvijek vinkova\u010dka omladina?\u201c popratit \u0107e i prezentacija koju je pripremila prof. Vi\u0161nja Sor\u010dik, a sudjelovat \u0107e neki od suradnika.<br><br>Drugi dan, srijeda 17. kolovoza, po\u010dinje kratkim \u2013 uvijek zanimljivim &#8211; predavanjem s novostima iz Gradskog muzeja Vinkovci, ve\u0107 tradicionalno predstavljanje ovogodi\u0161njih rezultata i najava arheolo\u0161kih radova u drugom dijelu godine. Odmah nakon toga, filmsko-glazbeni kviz powered by Klasik TV vodi poznati kviza\u0161 Mario Kova\u010d \u2013 kazali\u0161ni redatelj, performer, DJ, glumac, doktor znanosti, scenarist, \u0161ahist, strastveni pub kviza\u0161. Prijavite se u ekipi 2 do 4 \u010dlana prije po\u010detka kviza, nema kotizacija.<br>\u00a0<br>Autor designa, od prvog izdanja Anti\u010dkih filmskih ve\u010deri je Martin Peranovi\u0107, mladi autor iz Otoka.<br>\u00a0<br>Program 10. Anti\u010dkih filmskih ve\u010deri organizira Udruga ljubitelja filma RARE uz potporu <em>Grada Vinkovci i Gradskog muzeja Vinkovci<\/em>.<br>Filmski tjedan u Vinkovcima 2022. organizira Udruga ljubitelja filma RARE Vinkovci, uz potporu Grada Vinkovci, Vukovarske-srijemske \u017eupanije i Hrvatskog audiovizualnog centra.\u00a0Partneri su Gradski muzej Vinkovci i Dilj NEXE grupa.<\/p>\n\n\n\n<hr class=\"wp-block-separator\"\/>\n\n\n\n<p>Izvor i dodatne informacije:<\/p>\n\n\n\n<p><a href=\"https:\/\/www.culturenet.hr\/hr\/10-anticke-filmske-veceri-u-vinkovcima\/183958\">https:\/\/www.culturenet.hr\/hr\/10-anticke-filmske-veceri-u-vinkovcima\/183958<\/a><\/p>\n\n\n\n<hr class=\"wp-block-separator\"\/>\n","protected":false},"excerpt":{"rendered":"","protected":false},"author":2,"featured_media":32347,"comment_status":"open","ping_status":"open","sticky":false,"template":"","format":"standard","meta":{"_acf_changed":false,"jetpack_post_was_ever_published":false,"_jetpack_newsletter_access":"","_jetpack_dont_email_post_to_subs":false,"_jetpack_newsletter_tier_id":0,"_jetpack_memberships_contains_paywalled_content":false,"_jetpack_memberships_contains_paid_content":false,"footnotes":"","jetpack_publicize_message":"","jetpack_publicize_feature_enabled":true,"jetpack_social_post_already_shared":true,"jetpack_social_options":{"image_generator_settings":{"template":"highway","default_image_id":0,"font":"","enabled":false},"version":2}},"categories":[13,3],"tags":[],"class_list":["post-32346","post","type-post","status-publish","format-standard","has-post-thumbnail","hentry","category-filmovi-i-serije","category-novosti"],"acf":{"facebook_opis":""},"jetpack_publicize_connections":[],"jetpack_featured_media_url":"https:\/\/i0.wp.com\/historiografija.hr\/wp-content\/uploads\/2022\/08\/Vinkovci-2022.jpg?fit=1400%2C770&ssl=1","jetpack_sharing_enabled":true,"jetpack-related-posts":[],"_links":{"self":[{"href":"https:\/\/historiografija.hr\/index.php?rest_route=\/wp\/v2\/posts\/32346","targetHints":{"allow":["GET"]}}],"collection":[{"href":"https:\/\/historiografija.hr\/index.php?rest_route=\/wp\/v2\/posts"}],"about":[{"href":"https:\/\/historiografija.hr\/index.php?rest_route=\/wp\/v2\/types\/post"}],"author":[{"embeddable":true,"href":"https:\/\/historiografija.hr\/index.php?rest_route=\/wp\/v2\/users\/2"}],"replies":[{"embeddable":true,"href":"https:\/\/historiografija.hr\/index.php?rest_route=%2Fwp%2Fv2%2Fcomments&post=32346"}],"version-history":[{"count":3,"href":"https:\/\/historiografija.hr\/index.php?rest_route=\/wp\/v2\/posts\/32346\/revisions"}],"predecessor-version":[{"id":32350,"href":"https:\/\/historiografija.hr\/index.php?rest_route=\/wp\/v2\/posts\/32346\/revisions\/32350"}],"wp:featuredmedia":[{"embeddable":true,"href":"https:\/\/historiografija.hr\/index.php?rest_route=\/wp\/v2\/media\/32347"}],"wp:attachment":[{"href":"https:\/\/historiografija.hr\/index.php?rest_route=%2Fwp%2Fv2%2Fmedia&parent=32346"}],"wp:term":[{"taxonomy":"category","embeddable":true,"href":"https:\/\/historiografija.hr\/index.php?rest_route=%2Fwp%2Fv2%2Fcategories&post=32346"},{"taxonomy":"post_tag","embeddable":true,"href":"https:\/\/historiografija.hr\/index.php?rest_route=%2Fwp%2Fv2%2Ftags&post=32346"}],"curies":[{"name":"wp","href":"https:\/\/api.w.org\/{rel}","templated":true}]}}