{"id":32342,"date":"2022-08-11T10:48:55","date_gmt":"2022-08-11T10:48:55","guid":{"rendered":"http:\/\/historiografija.hr\/?p=32342"},"modified":"2022-08-11T10:48:55","modified_gmt":"2022-08-11T10:48:55","slug":"poziv-za-prijavu-5-kongres-hrvatskih-povjesnicara-umjetnosti","status":"publish","type":"post","link":"https:\/\/historiografija.hr\/?p=32342","title":{"rendered":"Poziv za prijavu: 5. kongres hrvatskih povjesni\u010dara umjetnosti"},"content":{"rendered":"\n<p>Nakon dvogodi\u0161nje odgode zbog pandemije i posljedica potresa, Institut za povijest umjetnosti u suradnji s Galerijom Klovi\u0107evi dvori u studenome 2022. organizira <strong><em>5. kongres hrvatskih povjesni\u010dara umjetnosti<\/em>.<\/strong><\/p>\n\n\n\n<p>Kao krovna znanstvena ustanova za povijesnoumjetni\u010dka istra\u017eivanja u Hrvatskoj, Institut je u suradnji s Dru\u0161tvom povjesni\u010dara umjetnosti Hrvatske pokrenuo ova sredi\u0161nja strukovna okupljanja. Prvi je kongres odr\u017ean 2001., a uslijedila su jo\u0161 tri \u2013 2006., 2010. i 2016. Dosada\u0161nji su skupovi odr\u017eani u Muzeju Mimara i Muzeju suvremene umjetnosti u Zagrebu.<\/p>\n\n\n\n<p>Ove \u0107e se godine kongres odr\u017eati u <strong>Galeriji Klovi\u0107evi dvori u Zagrebu od 10. do 12. studenoga<\/strong>. Sredi\u0161nja \u0107e tema biti povezana s obnovama nakon potresa, ne samo recentnih \u2013 zagreba\u010dkoga i petrinjskoga \u2013 nego i onih koji su kroz povijest mijenjali lica mnogih gradova i naselja. Osim toga, bit \u0107e dobrodo\u0161la pojedina\u010dna izlaganja, panel-diskusije i paneli s izlaganjima te posteri (za studente i apsolvente diplomskih studija povijesti umjetnosti) s tematikom \u0161irokoga disciplinarnog spektra iz svih povijesnoumjetni\u010dkih razdoblja i svih podru\u010dja umjetni\u010dkog stvarala\u0161tva.<\/p>\n\n\n\n<p><strong>Slu\u017ebeni je jezik skupa hrvatski. Prijave se primaju do 5. rujna 2022., a prijavitelji \u0107e o prihva\u0107anju izlaganja biti obavije\u0161teni do 19. rujna 2022. Sudjelovanje se prijavljuje slanjem <\/strong><strong><a href=\"https:\/\/www.ipu.hr\/content\/info\/5-kongres-PRIJAVNI-LIST.docx\">Prijavnog lista<\/a><\/strong><strong> na adresu e-po\u0161te <\/strong><strong><a href=\"mailto:5.kongres@ipu.hr\">5.kongres@ipu.hr<\/a><\/strong><\/p>\n\n\n\n<p>Organizatori kongresa nisu u mogu\u0107nosti sudionicima nadoknaditi putne tro\u0161kove i tro\u0161ak boravka u Zagrebu. Nema kotizacije za sudjelovanje na skupu.<\/p>\n\n\n\n<p>Planirana je objava radova s kongresa u recenziranom zborniku.<\/p>\n\n\n\n<p><strong>Znanstveni odbor:<\/strong><br>akademkinja \u017deljka \u010corak, Hrvatska akademija znanosti i umjetnosti, Institut za povijest umjetnosti<br>prof. dr. sc. Dragan Damjanovi\u0107, Odsjek za povijest umjetnosti Filozofskog fakulteta Sveu\u010dili\u0161ta u Zagrebu<br>dr. sc. Katarina Horvat Levaj, Institut za povijest umjetnosti<br>dr. sc. Snje\u0161ka Kne\u017eevi\u0107, samostalna istra\u017eiva\u010dica<br>dr. sc. Irena Kra\u0161evac, Institut za povijest umjetnosti<br>Davor Trupkovi\u0107, dipl. ing. arh., Uprava za za\u0161titu kulturne ba\u0161tine, Ministarstvo kulture i medija RH<br>dr. sc. Petra Vugrinec, Galerija Klovi\u0107evi dvori<\/p>\n\n\n\n<p><strong>Organizacijski odbor:<\/strong><br>Ana \u0106uri\u0107, Institut za povijest umjetnosti<br>Ana Fistani\u0107, Galerija Klovi\u0107evi dvori<br>dr. sc. Ana Plosni\u0107 \u0160kari\u0107, Institut za povijest umjetnosti<br>dr. sc. Petar Prelog, Institut za povijest umjetnosti<br>dr. sc. Sanja Sekelj, Institut za povijest umjetnosti<\/p>\n\n\n\n<hr class=\"wp-block-separator\"\/>\n\n\n\n<p><strong>1. OBNOVE NAKON POTRESA<\/strong><\/p>\n\n\n\n<p>Razorni potresi koji su pogodili Zagreb i Banovinu tijekom 2020. postavili su pred povjesni\u010dare umjetnosti i arhitekte zahtjevne zada\u0107e obnove vrijedne graditeljske i umjetni\u010dke ba\u0161tine. Kad je rije\u010d o gradovima i naseljima, klju\u010dno je pitanje u kojoj mjeri obnoviti staro, a u kojoj unijeti novo, kako bi urbane cjeline bile funkcionalnije i primjerenije suvremenom dobu i budu\u0107nosti. Kad je rije\u010d o arhitekturi, izvorna obilje\u017eja \u010desto dovodi u pitanje konstrukcijska sanacija, odnosno privo\u0111enje gra\u0111evina za\u0161titi od o\u010dekivanoga najja\u010deg stupnja mogu\u0107eg potresa. Obnova spomenika arhitekture ujedno je izazov ne samo za njihovu konzervaciju nego i restauraciju najkvalitetnije, a ne zate\u010dene faze gradnje. Ukratko, obnova Zagreba i Banovine nakon potresa uz konzervatorska je pitanja otvorila ponovno preispitivanje teorijskih postavki za\u0161tite graditeljske ba\u0161tine. Odgovore na navedena pitanja mogu dati i stariji primjeri, i to ne samo sanacija urbanih cjelina i arhitekture nakon potresa nego i poslije drugih katastrofa, kao \u0161to su ratovi, veliki po\u017eari i sl. Stoga su dobrodo\u0161le prijave (sa\u017eetak do 1350 znakova s razmacima) \u0161irokog spektra tematike obnove urbanih, arhitektonskih i umjetni\u010dkih spomenika nakon katastrofa, od teorijskih do konzervatorskih, od aktualnih primjera Zagreba i Banovine do primjera iz hrvatske i europske pro\u0161losti.<\/p>\n\n\n\n<p>S obzirom na tematiku, pojedina\u010dna izlaganja bit \u0107e organizirana u sesije, nakon kojih \u0107e slijediti kra\u0107a rasprava.<\/p>\n\n\n\n<p>Predvi\u0111eno trajanje pojedina\u010dnog izlaganja: 15 minuta.<\/p>\n\n\n\n<p><strong>2. NOVI DOPRINOSI I OTKRI\u0106A, STUDIJE I ISTRA\u017dIVANJA<\/strong><\/p>\n\n\n\n<p>Dobrodo\u0161le su prijave samostalnih izlaganja (sa\u017eetak do 1350 znakova s razmacima) s tematikom \u0161irokog disciplinarnog spektra iz svih povijesnoumjetni\u010dkih razdoblja i svih podru\u010dja umjetni\u010dkog stvarala\u0161tva, od arhitekture i urbanizma do slikarstva, kiparstva, umjetni\u010dkog obrta i novih medija. To podrazumijeva prezentiranje rezultata novih istra\u017eivanja, uklju\u010duju\u0107i i arhivska istra\u017eivanja, novih spoznaja o oblikovnim usmjerenjima i inklinacijama te tuma\u010denja opusa i pojedina\u010dnih djela, ali i metodolo\u0161ke iskorake, teorijske pristupe te interdisciplinarne poglede; zatim teme iz povijesti struke i njezinih institucija, kao i aktualnu problematiku muzejskog rada, za\u0161tite ba\u0161tine i stanja u likovnoj kritici, a naposljetku i nastave povijesti umjetnosti na sveu\u010dili\u0161tima te likovne kulture i likovne umjetnosti u osnovnim i srednjim \u0161kolama.<\/p>\n\n\n\n<p>S obzirom na tematiku, pojedina\u010dna izlaganja bit \u0107e organizirana u sesije, nakon kojih \u0107e slijediti kra\u0107a rasprava.<\/p>\n\n\n\n<p>Predvi\u0111eno trajanje pojedina\u010dnog izlaganja: 15 minuta.<\/p>\n\n\n\n<p><strong>3. PANELI<\/strong><\/p>\n\n\n\n<p>Dobrodo\u0161le su prijave panela s tematikom \u0161irokoga disciplinarnog spektra iz svih povijesnoumjetni\u010dkih razdoblja i svih podru\u010dja umjetni\u010dkog stvarala\u0161tva, od arhitekture i urbanizma do slikarstva, kiparstva, umjetni\u010dkog obrta i novih medija. To podrazumijeva rasprave o metodolo\u0161kim iskoracima i teorijskim pristupima te interdisciplinarnim pogledima, teme iz povijesti struke i njezinih institucija, kao i aktualnu problematiku muzejskog rada, za\u0161tite ba\u0161tine i stanja u likovnoj kritici, a naposljetku i nastave povijesti umjetnosti na sveu\u010dili\u0161tima te likovne kulture i likovne umjetnosti u osnovnim i srednjim \u0161kolama.<\/p>\n\n\n\n<p><strong>3a. Panel-diskusija<\/strong><\/p>\n\n\n\n<p>Panel-diskusija podrazumijeva tematsku raspravu s \u010detiri do \u0161est sudionika u kojoj sudjeluje i publika. Voditelj prijavljuje temu rasprave s popisom sudionika i sa\u017eetkom do 1800 znakova s razmacima. Nakon kra\u0107e uvodne eksplikacije teme, voditelj moderira razgovor i omogu\u0107uje publici sudjelovanje u raspravi.<\/p>\n\n\n\n<p>Predvi\u0111eno trajanje panel-diskusije: 60 minuta.<\/p>\n\n\n\n<p><strong>3b. Panel s izlaganjima<\/strong><\/p>\n\n\n\n<p>Panel s izlaganjima podrazumijeva tematski povezanu seriju od \u010detiri do \u0161est izlaganja sa zavr\u0161nom raspravom u kojoj sudjeluje i publika. Voditelj prijavljuje temu panela s popisom sudionika i sa\u017eetkom do 900 znakova s razmacima te naslovima i sa\u017eecima izlaganja sudionika panela istoga opsega. Nakon kra\u0107e uvodne eksplikacije teme, voditelj moderira panel i naposljetku omogu\u0107uje publici sudjelovanje u raspravi.<\/p>\n\n\n\n<p>Predvi\u0111eno trajanje pojedina\u010dnog izlaganja: 10 do 12 minuta.<\/p>\n\n\n\n<p>Predvi\u0111eno trajanje panela s izlaganjima: 90 minuta.<\/p>\n\n\n\n<p><strong>4. POSTER<\/strong><\/p>\n\n\n\n<p>Poster-prezentacije namijenjene su studentima i apsolventima diplomskog studija povijesti umjetnosti te predstavljaju neformalniji na\u010din predstavljanja teku\u0107ih ili netom zavr\u0161enih istra\u017eivanja. U skladu s op\u0107im tematskim okvirom kongresa, dobrodo\u0161le su prijave (sa\u017eetak do 1350 znakova s razmacima) \u0161irokoga disciplinarnog spektra iz svih povijesnoumjetni\u010dkih razdoblja i svih podru\u010dja umjetni\u010dkog stvarala\u0161tva, od arhitekture i urbanizma do slikarstva, kiparstva, umjetni\u010dkog obrta i novih medija. Posterima se mogu predstaviti individualna ili grupna istra\u017eivanja, zavr\u0161ena ili istra\u017eivanja u tijeku, diplomski radovi te istra\u017eiva\u010dki ili kustoski studentski projekti.<\/p>\n\n\n\n<p>Posteri \u0107e biti izlo\u017eeni tijekom \u010ditava trajanja kongresa, s predvi\u0111enim razdobljem u programu u kojemu \u0107e sudionici mo\u0107i prezentirati rezultate svojih istra\u017eivanja odnosno odgovarati na pitanja zainteresirane publike.<\/p>\n\n\n\n<p>Sudionici \u0107e biti naknadno obavije\u0161teni o na\u010dinu oblikovanja postera.<\/p>\n\n\n\n<hr class=\"wp-block-separator\"\/>\n\n\n\n<p><strong>Rok za prijavu: 5. rujna 2022.<br>Prijava slanjem <a href=\"https:\/\/www.ipu.hr\/content\/info\/5-kongres-PRIJAVNI-LIST.docx\">Prijavnog lista<\/a> na: <\/strong><a href=\"mailto:5.kongres@ipu.hr\"><strong>5.kongres@ipu.hr<\/strong><\/a><br><strong>Obavijest o prihva\u0107anju prijave: 19. rujna 2022.<br>Termin odr\u017eavanja: od 10. do 12. studenoga 2022.<br>Mjesto odr\u017eavanja: Galerija Klovi\u0107evi dvori, Zagreb<\/strong><\/p>\n\n\n\n<hr class=\"wp-block-separator\"\/>\n\n\n\n<p><br><a href=\"https:\/\/www.ipu.hr\/content\/info\/5-kongres-PRIJAVNI-LIST.docx\">PRIJAVNI LIST<\/a><\/p>\n\n\n\n<p><a href=\"https:\/\/www.ipu.hr\/content\/info\/5-kongres-POZIV.pdf\">POZIV<\/a><\/p>\n\n\n\n<hr class=\"wp-block-separator\"\/>\n\n\n\n<p>Izvor:<\/p>\n\n\n\n<p><a href=\"https:\/\/www.ipu.hr\/article\/hr\/1218\/5-kongres-hrvatskih-povjesnicara-umjetnosti\">https:\/\/www.ipu.hr\/article\/hr\/1218\/5-kongres-hrvatskih-povjesnicara-umjetnosti<\/a><\/p>\n\n\n\n<hr class=\"wp-block-separator\"\/>\n","protected":false},"excerpt":{"rendered":"","protected":false},"author":2,"featured_media":32343,"comment_status":"open","ping_status":"open","sticky":false,"template":"","format":"standard","meta":{"_acf_changed":false,"jetpack_post_was_ever_published":false,"_jetpack_newsletter_access":"","_jetpack_dont_email_post_to_subs":false,"_jetpack_newsletter_tier_id":0,"_jetpack_memberships_contains_paywalled_content":false,"_jetpack_memberships_contains_paid_content":false,"footnotes":"","jetpack_publicize_message":"","jetpack_publicize_feature_enabled":true,"jetpack_social_post_already_shared":true,"jetpack_social_options":{"image_generator_settings":{"template":"highway","default_image_id":0,"font":"","enabled":false},"version":2}},"categories":[3,9],"tags":[],"class_list":["post-32342","post","type-post","status-publish","format-standard","has-post-thumbnail","hentry","category-novosti","category-skupovi"],"acf":{"facebook_opis":""},"jetpack_publicize_connections":[],"jetpack_featured_media_url":"https:\/\/i0.wp.com\/historiografija.hr\/wp-content\/uploads\/2022\/08\/5-Kongres.jpg?fit=900%2C560&ssl=1","jetpack_sharing_enabled":true,"jetpack-related-posts":[],"_links":{"self":[{"href":"https:\/\/historiografija.hr\/index.php?rest_route=\/wp\/v2\/posts\/32342","targetHints":{"allow":["GET"]}}],"collection":[{"href":"https:\/\/historiografija.hr\/index.php?rest_route=\/wp\/v2\/posts"}],"about":[{"href":"https:\/\/historiografija.hr\/index.php?rest_route=\/wp\/v2\/types\/post"}],"author":[{"embeddable":true,"href":"https:\/\/historiografija.hr\/index.php?rest_route=\/wp\/v2\/users\/2"}],"replies":[{"embeddable":true,"href":"https:\/\/historiografija.hr\/index.php?rest_route=%2Fwp%2Fv2%2Fcomments&post=32342"}],"version-history":[{"count":1,"href":"https:\/\/historiografija.hr\/index.php?rest_route=\/wp\/v2\/posts\/32342\/revisions"}],"predecessor-version":[{"id":32344,"href":"https:\/\/historiografija.hr\/index.php?rest_route=\/wp\/v2\/posts\/32342\/revisions\/32344"}],"wp:featuredmedia":[{"embeddable":true,"href":"https:\/\/historiografija.hr\/index.php?rest_route=\/wp\/v2\/media\/32343"}],"wp:attachment":[{"href":"https:\/\/historiografija.hr\/index.php?rest_route=%2Fwp%2Fv2%2Fmedia&parent=32342"}],"wp:term":[{"taxonomy":"category","embeddable":true,"href":"https:\/\/historiografija.hr\/index.php?rest_route=%2Fwp%2Fv2%2Fcategories&post=32342"},{"taxonomy":"post_tag","embeddable":true,"href":"https:\/\/historiografija.hr\/index.php?rest_route=%2Fwp%2Fv2%2Ftags&post=32342"}],"curies":[{"name":"wp","href":"https:\/\/api.w.org\/{rel}","templated":true}]}}