{"id":32332,"date":"2022-08-10T13:12:36","date_gmt":"2022-08-10T13:12:36","guid":{"rendered":"http:\/\/historiografija.hr\/?p=32332"},"modified":"2022-08-10T13:13:20","modified_gmt":"2022-08-10T13:13:20","slug":"nathalie-clayer-une-histoire-en-travelling-de-lalbanie-1920-1939-avec-au-dela-et-en-deca-de-letat","status":"publish","type":"post","link":"https:\/\/historiografija.hr\/?p=32332","title":{"rendered":"Nathalie Clayer, \u00ab Une histoire en travelling de l&#8217;Albanie (1920-1939) : Avec, au-del\u00e0 et en-de\u00e7\u00e0 de l&#8217;\u00c9tat \u00bb"},"content":{"rendered":"\n<p>L\u2019\u00c9tat-nation a nationalis\u00e9 les historiographies. La construction \u00e9tatique doit-elle pour autant \u00eatre rejet\u00e9e en tant qu\u2019objet d\u2019\u00e9tude ? Non, bien s\u00fbr, mais il faut assur\u00e9ment l\u2019aborder autrement. C\u2019est ce que sugg\u00e8re d\u00e9j\u00e0 une nouvelle historiographie qui, avec le d\u00e9veloppement de l\u2019histoire globale, s\u2019attache \u00e0 \u00e9largir la focale. Dans cet ouvrage, il s\u2019agit aussi de prendre l\u2019\u00c9tat-nation au s\u00e9rieux, de l\u2019appr\u00e9hender comme un espace de sens, de circulations, de contraintes et de possibilit\u00e9s, qui se construit et se remod\u00e8le dans le temps, en interaction avec d\u2019autres espaces sociaux et selon des temporalit\u00e9s multiples.<\/p>\n\n\n\n<p>Nathalie Clayer saisit ainsi la formation de l\u2019\u00c9tat albanais dans l\u2019entre-deux-guerres et la transformation de ses espaces sociaux dans un mouvement de travelling. Son objectif n\u2019est pas fix\u00e9 sur les institutions telles qu\u2019on les observe habituellement, ni sur des trajectoires d\u2019individus qui donneraient \u00e0 voir l\u2019importance des dynamiques infra- ou transnationales. Sa \u00ab cam\u00e9ra \u00bb bouge constamment de fa\u00e7on \u00e0 mieux saisir la complexit\u00e9 des dynamiques.<\/p>\n\n\n\n<p>Une contribution majeure \u00e0 la question de l\u2019\u00c9tat-nation, un apport \u00e9rudit \u00e0 l\u2019histoire albanaise et une proposition audacieuse sur les m\u00e9thodes narratives de l\u2019histoire.<\/p>\n\n\n\n<hr class=\"wp-block-separator\"\/>\n\n\n\n<p><em>Nathalie Clayer, sp\u00e9cialiste de l\u2019histoire ottomane et post-ottomane des Balkans et de la Turquie, est directrice de recherche au CNRS (CETOBaC) et directrice d\u2019\u00e9tudes \u00e0 l\u2019EHESS. Elle a notamment publi\u00e9 Aux origines du nationalisme albanais (Karthala, 2007 et 2018).<\/em><\/p>\n\n\n\n<hr class=\"wp-block-separator\"\/>\n\n\n\n<p>Table des mati\u00e8res&nbsp;:<\/p>\n\n\n\n<p><a href=\"https:\/\/www.karthala.com\/recherches-internationales\/3446-une-histoire-en-travelling-de-l-albanie-1920-1939-avec-au-dela-et-en-deca-de-l-etat-9782811129644.html\">https:\/\/www.karthala.com\/recherches-internationales\/3446-une-histoire-en-travelling-de-l-albanie-1920-1939-avec-au-dela-et-en-deca-de-l-etat-9782811129644.html<\/a><\/p>\n\n\n\n<hr class=\"wp-block-separator\"\/>\n\n\n\n<p><a href=\"https:\/\/www.ehess.fr\/fr\/ouvrage\/histoire-en-travelling-lalbanie-1920-1939\">https:\/\/www.ehess.fr\/fr\/ouvrage\/histoire-en-travelling-lalbanie-1920-1939<\/a><\/p>\n\n\n\n<hr class=\"wp-block-separator\"\/>\n","protected":false},"excerpt":{"rendered":"","protected":false},"author":2,"featured_media":32333,"comment_status":"open","ping_status":"open","sticky":false,"template":"","format":"standard","meta":{"_acf_changed":false,"jetpack_post_was_ever_published":false,"_jetpack_newsletter_access":"","_jetpack_dont_email_post_to_subs":false,"_jetpack_newsletter_tier_id":0,"_jetpack_memberships_contains_paywalled_content":false,"_jetpack_memberships_contains_paid_content":false,"footnotes":"","jetpack_publicize_message":"","jetpack_publicize_feature_enabled":true,"jetpack_social_post_already_shared":true,"jetpack_social_options":{"image_generator_settings":{"template":"highway","default_image_id":0,"font":"","enabled":false},"version":2}},"categories":[8,3],"tags":[],"class_list":["post-32332","post","type-post","status-publish","format-standard","has-post-thumbnail","hentry","category-knjige","category-novosti"],"acf":{"facebook_opis":""},"jetpack_publicize_connections":[],"jetpack_featured_media_url":"https:\/\/i0.wp.com\/historiografija.hr\/wp-content\/uploads\/2022\/08\/une-histoire-en-travelling-de-l-albanie.jpg?fit=600%2C600&ssl=1","jetpack_sharing_enabled":true,"jetpack-related-posts":[],"_links":{"self":[{"href":"https:\/\/historiografija.hr\/index.php?rest_route=\/wp\/v2\/posts\/32332","targetHints":{"allow":["GET"]}}],"collection":[{"href":"https:\/\/historiografija.hr\/index.php?rest_route=\/wp\/v2\/posts"}],"about":[{"href":"https:\/\/historiografija.hr\/index.php?rest_route=\/wp\/v2\/types\/post"}],"author":[{"embeddable":true,"href":"https:\/\/historiografija.hr\/index.php?rest_route=\/wp\/v2\/users\/2"}],"replies":[{"embeddable":true,"href":"https:\/\/historiografija.hr\/index.php?rest_route=%2Fwp%2Fv2%2Fcomments&post=32332"}],"version-history":[{"count":2,"href":"https:\/\/historiografija.hr\/index.php?rest_route=\/wp\/v2\/posts\/32332\/revisions"}],"predecessor-version":[{"id":32335,"href":"https:\/\/historiografija.hr\/index.php?rest_route=\/wp\/v2\/posts\/32332\/revisions\/32335"}],"wp:featuredmedia":[{"embeddable":true,"href":"https:\/\/historiografija.hr\/index.php?rest_route=\/wp\/v2\/media\/32333"}],"wp:attachment":[{"href":"https:\/\/historiografija.hr\/index.php?rest_route=%2Fwp%2Fv2%2Fmedia&parent=32332"}],"wp:term":[{"taxonomy":"category","embeddable":true,"href":"https:\/\/historiografija.hr\/index.php?rest_route=%2Fwp%2Fv2%2Fcategories&post=32332"},{"taxonomy":"post_tag","embeddable":true,"href":"https:\/\/historiografija.hr\/index.php?rest_route=%2Fwp%2Fv2%2Ftags&post=32332"}],"curies":[{"name":"wp","href":"https:\/\/api.w.org\/{rel}","templated":true}]}}