{"id":32321,"date":"2022-08-01T08:15:21","date_gmt":"2022-08-01T08:15:21","guid":{"rendered":"http:\/\/historiografija.hr\/?p=32321"},"modified":"2022-08-01T08:15:21","modified_gmt":"2022-08-01T08:15:21","slug":"vladimir-skracic-kornati-kad-su-bili-kurn%c8%81ti-intimni-leksikon-proslosti-arhipelaga","status":"publish","type":"post","link":"https:\/\/historiografija.hr\/?p=32321","title":{"rendered":"Vladimir Skra\u010di\u0107, \u201cK\u00f2rnati kad su bili Kurn\u0201ti: intimni leksikon pro\u0161losti arhipelaga\u201d"},"content":{"rendered":"\n<p>K\u00f2rnati kad su bili Kurn\u0201ti Vladimira Skra\u010di\u0107a predstavlja trajni i neizbrisiv doprinos razumijevanju i kurnatske i ukupne hrvatske oto\u010dne kulture i njezinih posebitosti. Kao jedan od posljednjih Kurnatara, autor nam donosi kurnatsku ri\u010d iz \u010dudesnog kurnatskog mikrokozmosa. Antropolo\u0161ke odrednice kurnatske zajednice u ovome su djelu obra\u0111ene i prezentirane u pristupa\u010dnoj formi leksikona. \u010clanci leksikona uvedeni su mahom leksemima i sintagmama murterskog govora, koji odra\u017eavaju klju\u010dne koncepte tradicijske kulture Kurnatara. Tu su jo\u0161 i va\u017ene geografske to\u010dke u prostoru, osobe koje su na\u0161le istaknuto mjesto u lokalnoj predaji, pitanje odnosa prema susjedima i povremenim posjetiteljima arhipelaga te, neizostavno, modernizacijski elementi, koji su tradicionalni \u017eivot Kurnatara okrenuli naglavce.&nbsp;<\/p>\n\n\n\n<p><br>Vrijednost ove knjige nadilazi svaki dosada\u0161nji poku\u0161aj afirmacije rubne, lokalne i, po svemu sude\u0107i \u2013 efemerne kurnatske kulture. Golemo ljudsko i znanstveno iskustvo jednog prostora ovdje je sa\u017eeto u \u201cmalu enciklopediju jednog mikrosvijeta i njegove ba\u0161tine\u201d kakvu hrvatska publika jo\u0161 nije imala prilike vidjeti.<\/p>\n\n\n\n<hr class=\"wp-block-separator\"\/>\n\n\n\n<p>Izvor:<\/p>\n\n\n\n<p><a href=\"https:\/\/www.unizd.hr\/obavijesti\/view\/artmid\/18146\/articleid\/45272\/objavljena-knjiga-k242rnati-kad-su-bili-kurn%c8%81ti-intimni-leksikon-pro%c5%a1losti-arhipelaga-autora-vladimira-skra%c4%8di%c4%87a-u-suizdanju-%c5%a0kolske-knjige-i-sveu%c4%8dili%c5%a1ta-u-zadru\">https:\/\/www.unizd.hr\/obavijesti\/view\/artmid\/18146\/articleid\/45272\/objavljena-knjiga-k242rnati-kad-su-bili-kurn%c8%81ti-intimni-leksikon-pro%c5%a1losti-arhipelaga-autora-vladimira-skra%c4%8di%c4%87a-u-suizdanju-%c5%a0kolske-knjige-i-sveu%c4%8dili%c5%a1ta-u-zadru<\/a><\/p>\n\n\n\n<hr class=\"wp-block-separator\"\/>\n","protected":false},"excerpt":{"rendered":"","protected":false},"author":2,"featured_media":32322,"comment_status":"open","ping_status":"open","sticky":false,"template":"","format":"standard","meta":{"_acf_changed":false,"jetpack_post_was_ever_published":false,"_jetpack_newsletter_access":"","_jetpack_dont_email_post_to_subs":false,"_jetpack_newsletter_tier_id":0,"_jetpack_memberships_contains_paywalled_content":false,"_jetpack_memberships_contains_paid_content":false,"footnotes":"","jetpack_publicize_message":"","jetpack_publicize_feature_enabled":true,"jetpack_social_post_already_shared":true,"jetpack_social_options":{"image_generator_settings":{"template":"highway","default_image_id":0,"font":"","enabled":false},"version":2}},"categories":[8,3],"tags":[],"class_list":["post-32321","post","type-post","status-publish","format-standard","has-post-thumbnail","hentry","category-knjige","category-novosti"],"acf":{"facebook_opis":""},"jetpack_publicize_connections":[],"jetpack_featured_media_url":"https:\/\/i0.wp.com\/historiografija.hr\/wp-content\/uploads\/2022\/08\/kurnati.jpg?fit=409%2C600&ssl=1","jetpack_sharing_enabled":true,"jetpack-related-posts":[],"_links":{"self":[{"href":"https:\/\/historiografija.hr\/index.php?rest_route=\/wp\/v2\/posts\/32321","targetHints":{"allow":["GET"]}}],"collection":[{"href":"https:\/\/historiografija.hr\/index.php?rest_route=\/wp\/v2\/posts"}],"about":[{"href":"https:\/\/historiografija.hr\/index.php?rest_route=\/wp\/v2\/types\/post"}],"author":[{"embeddable":true,"href":"https:\/\/historiografija.hr\/index.php?rest_route=\/wp\/v2\/users\/2"}],"replies":[{"embeddable":true,"href":"https:\/\/historiografija.hr\/index.php?rest_route=%2Fwp%2Fv2%2Fcomments&post=32321"}],"version-history":[{"count":1,"href":"https:\/\/historiografija.hr\/index.php?rest_route=\/wp\/v2\/posts\/32321\/revisions"}],"predecessor-version":[{"id":32323,"href":"https:\/\/historiografija.hr\/index.php?rest_route=\/wp\/v2\/posts\/32321\/revisions\/32323"}],"wp:featuredmedia":[{"embeddable":true,"href":"https:\/\/historiografija.hr\/index.php?rest_route=\/wp\/v2\/media\/32322"}],"wp:attachment":[{"href":"https:\/\/historiografija.hr\/index.php?rest_route=%2Fwp%2Fv2%2Fmedia&parent=32321"}],"wp:term":[{"taxonomy":"category","embeddable":true,"href":"https:\/\/historiografija.hr\/index.php?rest_route=%2Fwp%2Fv2%2Fcategories&post=32321"},{"taxonomy":"post_tag","embeddable":true,"href":"https:\/\/historiografija.hr\/index.php?rest_route=%2Fwp%2Fv2%2Ftags&post=32321"}],"curies":[{"name":"wp","href":"https:\/\/api.w.org\/{rel}","templated":true}]}}