{"id":32314,"date":"2022-07-29T23:09:40","date_gmt":"2022-07-29T23:09:40","guid":{"rendered":"http:\/\/historiografija.hr\/?p=32314"},"modified":"2022-07-29T23:10:56","modified_gmt":"2022-07-29T23:10:56","slug":"edouard-louis-borbe-i-metamorfoze-jedne-zene","status":"publish","type":"post","link":"https:\/\/historiografija.hr\/?p=32314","title":{"rendered":"\u00c9douard Louis, \u201cBorbe i metamorfoze jedne \u017eene\u201d"},"content":{"rendered":"\n<p>\u201cVelik dio svoga \u017eivota moja se majka borila sa siroma\u0161tvom i mu\u0161kim nasiljem. Dok sam je gledao kao dijete, mislio sam da je njezin \u017eivot zauvijek predodre\u0111en: selo, bijeda, toksi\u010dna prisutnost moga oca. U svojim tridesetima bila je poput sjenke, a ja sam sanjao o tome da je zamijenim, da imam drugu mamu, nasmijanu i veselu. Pobjegao sam od nje i od cijele obitelji na studij u Pariz. Izme\u0111u nas \u0161utnja se produbila. Nisam je vi\u0161e poznavao. No jednoga dana, na njezin \u010detrdeset peti ro\u0111endan, nazvala me je i rekla mi: \u201eGotovo je. U\u010dinila sam to.\u201c Napustila je mog oca. Oti\u0161la je od njega i na\u0161la posao. Preselila se u veliki grad, po\u010dela se \u0161minkati i putovati. Kad sam je vidio u Parizu, nisam mogao vjerovati da je to moja majka koju poznajem iz djetinjstva. Smijala se, zbijala \u0161ale, ispri\u010dala mi \u010dak da je upoznala Catherine Deneuve. Ovo je pri\u010da o njezinu oslobo\u0111enju. O \u017eenskom oslobo\u0111enju.\u201c<\/p>\n\n\n\n<p>\u00c9douard Louis<\/p>\n\n\n\n<hr class=\"wp-block-separator\"\/>\n\n\n\n<p>U novoj knjizi, svojevrsnom pandanu romana <em>Tko je ubio mog oca<\/em>, \u00c9douard Louis pripovijeda o \u017eivotnoj preobrazbi svoje majke, \u017eene koja je uspjela pobje\u0107i iz za\u010darana kruga siroma\u0161tva i nasilja \u010dije u\u017ease Louis opisuje i u svome slavljenom prvijencu <em>Raskrstimo s Eddyjem<\/em>. Ova posveta majci dirljivo je pismo pomirenja i ujedno sna\u017ena pri\u010da o borbi jedne \u017eene za dostojanstven \u017eivot bez mu\u0161kog nasilja i o poku\u0161aju izlaska iz rodno i klasno uvjetovane opresije.<\/p>\n\n\n\n<hr class=\"wp-block-separator\"\/>\n\n\n\n<p>Iz medija:<\/p>\n\n\n\n<p>\u201e\u00c9douard Louis uznemirava. No sa svake njegove stranice, ukorijenjene u vlastitoj stvarnosti, vri\u0161ti univerzalnost na\u0161ih patnji.\u201c<\/p>\n\n\n\n<p><em>T\u00e9l\u00e9rama<\/em><\/p>\n\n\n\n<p>\u201eNetko tko vlastitim \u017eivotom punim proturje\u010dja pi\u0161e &#8216;protiv knji\u017eevnosti&#8217;, stvara novu povezanost autora i \u010ditatelja. Kakav uzlet! Kakva vrhunska knjiga!\u201c<\/p>\n\n\n\n<p><em>Die Zeit<\/em><\/p>\n\n\n\n<p>\u201e\u00c9douard Louis bespo\u0161tedno je iskren, i prema samome sebi. On daje glas onima koje ina\u010de ne bismo \u010duli.\u201c<\/p>\n\n\n\n<p><em>SRF<\/em><\/p>\n\n\n\n<hr class=\"wp-block-separator\"\/>\n\n\n\n<p>&nbsp;Prijevod: Vanda Ku\u0161pili\u0107<\/p>\n\n\n\n<p>Jezik izvornika: Francuski<\/p>\n\n\n\n<p>Broj stranica: 80<\/p>\n\n\n\n<p>Datum izdanja: 2022.<\/p>\n\n\n\n<hr class=\"wp-block-separator\"\/>\n\n\n\n<p><strong>\u00c9douard Louis<\/strong> (ro\u0111en 1992. kao Eddy Bellegueule) odrastao je u selu Hallencourt na sjeveru Francuske. Siroma\u0161tvo, nasilje i alkoholizam s kojima se susretao u djetinjstvu glavne su teme njegova knji\u017eevnog rada. Prvi je u \u0161iroj obitelji maturirao, a potom zavr\u0161io presti\u017enu \u00c9cole Normale Sup\u00e9rieure u Parizu. Godine 2013. slu\u017ebeno je promijenio ime u \u00c9douard Louis. Njegov prvijenac <em>Raskrstimo s Eddyjem<\/em> (2014.) do\u017eivio je nesvakida\u0161nju medijsku pozornost i brojne pohvale zbog knji\u017eevne iznimnosti, ali i izazvao kontroverze zbog na\u010dina prikazivanja radni\u010dke klase i vlastite obitelji. Slijede romani <em>Povijest nasilja<\/em> (2016.) i <em>Tko je ubio moga oca<\/em> (2018.). Romani su mu prevedeni na tridesetak jezika te uprizoreni na kazali\u0161nim daskama. Od 2019. predaje na Visokoj \u0161koli za scenske umjetnosti La Manufacture u Lausannei.<\/p>\n\n\n\n<hr class=\"wp-block-separator\"\/>\n\n\n\n<p>Izvor:<\/p>\n\n\n\n<p><a href=\"https:\/\/oceanmore.hr\/hr\/knjige\/proza\/douard-louis-borbe-i-metamorfoze-jedne-zene\">https:\/\/oceanmore.hr\/hr\/knjige\/proza\/douard-louis-borbe-i-metamorfoze-jedne-zene<\/a><\/p>\n\n\n\n<hr class=\"wp-block-separator\"\/>\n","protected":false},"excerpt":{"rendered":"","protected":false},"author":2,"featured_media":32315,"comment_status":"open","ping_status":"open","sticky":false,"template":"","format":"standard","meta":{"_acf_changed":false,"jetpack_post_was_ever_published":false,"_jetpack_newsletter_access":"","_jetpack_dont_email_post_to_subs":false,"_jetpack_newsletter_tier_id":0,"_jetpack_memberships_contains_paywalled_content":false,"_jetpack_memberships_contains_paid_content":false,"footnotes":"","jetpack_publicize_message":"","jetpack_publicize_feature_enabled":true,"jetpack_social_post_already_shared":true,"jetpack_social_options":{"image_generator_settings":{"template":"highway","default_image_id":0,"font":"","enabled":false},"version":2}},"categories":[3,12],"tags":[],"class_list":["post-32314","post","type-post","status-publish","format-standard","has-post-thumbnail","hentry","category-novosti","category-knjizevnost"],"acf":{"facebook_opis":""},"jetpack_publicize_connections":[],"jetpack_featured_media_url":"https:\/\/i0.wp.com\/historiografija.hr\/wp-content\/uploads\/2022\/07\/Louis_Metamorfoze.jpg?fit=500%2C406&ssl=1","jetpack_sharing_enabled":true,"jetpack-related-posts":[],"_links":{"self":[{"href":"https:\/\/historiografija.hr\/index.php?rest_route=\/wp\/v2\/posts\/32314","targetHints":{"allow":["GET"]}}],"collection":[{"href":"https:\/\/historiografija.hr\/index.php?rest_route=\/wp\/v2\/posts"}],"about":[{"href":"https:\/\/historiografija.hr\/index.php?rest_route=\/wp\/v2\/types\/post"}],"author":[{"embeddable":true,"href":"https:\/\/historiografija.hr\/index.php?rest_route=\/wp\/v2\/users\/2"}],"replies":[{"embeddable":true,"href":"https:\/\/historiografija.hr\/index.php?rest_route=%2Fwp%2Fv2%2Fcomments&post=32314"}],"version-history":[{"count":2,"href":"https:\/\/historiografija.hr\/index.php?rest_route=\/wp\/v2\/posts\/32314\/revisions"}],"predecessor-version":[{"id":32317,"href":"https:\/\/historiografija.hr\/index.php?rest_route=\/wp\/v2\/posts\/32314\/revisions\/32317"}],"wp:featuredmedia":[{"embeddable":true,"href":"https:\/\/historiografija.hr\/index.php?rest_route=\/wp\/v2\/media\/32315"}],"wp:attachment":[{"href":"https:\/\/historiografija.hr\/index.php?rest_route=%2Fwp%2Fv2%2Fmedia&parent=32314"}],"wp:term":[{"taxonomy":"category","embeddable":true,"href":"https:\/\/historiografija.hr\/index.php?rest_route=%2Fwp%2Fv2%2Fcategories&post=32314"},{"taxonomy":"post_tag","embeddable":true,"href":"https:\/\/historiografija.hr\/index.php?rest_route=%2Fwp%2Fv2%2Ftags&post=32314"}],"curies":[{"name":"wp","href":"https:\/\/api.w.org\/{rel}","templated":true}]}}