{"id":32308,"date":"2022-07-29T22:51:30","date_gmt":"2022-07-29T22:51:30","guid":{"rendered":"http:\/\/historiografija.hr\/?p=32308"},"modified":"2022-07-29T22:53:37","modified_gmt":"2022-07-29T22:53:37","slug":"predstavljanje-knjige-annie-ernaux-dogadaj-i-projekcija-filma-ab-i-dogadaj-u-puli","status":"publish","type":"post","link":"https:\/\/historiografija.hr\/?p=32308","title":{"rendered":"Predstavljanje romana Annie Ernaux \u201cDoga\u0111aj\u201d i projekcija filmova \u201cAB\u201d i \u201cDoga\u0111aj\u201d u Puli"},"content":{"rendered":"\n<p>Kino Katarina u ponedjeljak, 1. kolovoza, 2022. na dvori\u0161noj terasi Starog rodili\u0161ta u Puli (Bartolomeo dei Vitrei 13 &#8211; ulaz sa stra\u017enje strane, iz Cankarove ulice) organizira knji\u017eevno-filmski program s temom reproduktivnih prava podijeljen u dvije cjeline:<\/p>\n\n\n\n<p><strong>20h <em>Doga\u0111aj <\/em>\u2013 razgovor s povodom<\/strong><\/p>\n\n\n\n<p>Predstavljamo kratki autobiografski roman \u201eDoga\u0111aj\u201c Annie Ernaux kojim tematizira vlastito iskustvo poba\u010daja. Netom iz \u0161tampe u izdanju Mame i Bookse iz Zagreba i prijevodu Milene Ostoji\u0107, Doga\u0111aj se po prvi put promovira upravo u Puli.<\/p>\n\n\n\n<p>Sudjeluju: Milena Ostoji\u0107, Ana Lovrekovi\u0107<br>Moderira: Dora Leva\u010di\u0107<\/p>\n\n\n\n<p><strong>21:30h Projekcije<\/strong><\/p>\n\n\n\n<p><strong><em>AB<\/em><\/strong>, r. Ljubica Jankovi\u0107 Lazari\u0107, 1977, SFRJ<\/p>\n\n\n\n<p>\u201cRedateljica u filmu prati mladu djevojku od odluke da po\u010dini poba\u010daj, preko razgovora s majkom i lije\u010dnicom o razlozima za takvu odluku, do trenutaka nakon samoga \u010dina koje dijeli s drugim \u017eenama koje su po\u010dinile poba\u010daj.\u201d<br><br><strong><em>Doga\u0111aj<\/em><\/strong>, r. Audrey Diwan, 2021, FR<\/p>\n\n\n\n<p>\u201cFilmska adaptacija istoimenog romana\u201d<\/p>\n\n\n\n<hr class=\"wp-block-separator\"\/>\n\n\n\n<p>Izvori i dodatne obavijesti:<\/p>\n\n\n\n<p><a href=\"https:\/\/www.facebook.com\/events\/587264666402557\/\">https:\/\/www.facebook.com\/events\/587264666402557\/<\/a><\/p>\n\n\n\n<p><a href=\"https:\/\/voxfeminae.net\/kalendar-dogadanja\/najave\/kino-katarina-filmsko-knjizevna-vecer-u-starom-rodilistu\/\">https:\/\/voxfeminae.net\/kalendar-dogadanja\/najave\/kino-katarina-filmsko-knjizevna-vecer-u-starom-rodilistu\/<\/a><\/p>\n\n\n\n<p><a href=\"https:\/\/www.jutarnji.hr\/kultura\/knjizevnost\/predstavljanje-hrvatskog-izdanja-knjige-dogadaj-annie-ernaux-u-kojoj-tematizira-vlastito-iskustvo-pobacaja-15228332\">https:\/\/www.jutarnji.hr\/kultura\/knjizevnost\/predstavljanje-hrvatskog-izdanja-knjige-dogadaj-annie-ernaux-u-kojoj-tematizira-vlastito-iskustvo-pobacaja-15228332<\/a><\/p>\n\n\n\n<hr class=\"wp-block-separator\"\/>\n\n\n\n<p><em><strong>&#8220;Doga\u0111aj<\/strong><\/em> je jedan u nizu kratkih autobiografskih romana koji \u010dine opus <strong>Annie Ernaux<\/strong>, pisan u njenom standardnom izvje\u0161tajnom stilu, izravno i bez ki\u0107enja, fokusiran na jednu jasno artikuliranu temu iz autori\u010dina \u017eivota, uvijek s eksplicitnim promi\u0161ljanjem klasnog identiteta iz kojega je potekla, i s kojim je uvijek ostala u neraskidivoj tenzi\u010dnoj ambivalenciji one koja je pobjegla, prebjegla i (za dlaku) izbjegla sudbini. Ernaux znakovito roman zapo\u010dinje u klinici u koju dolazi po rezultate testa na HIV, a osje\u0107aji i\u0161\u010dekivanja i neizvjesne sudbine poti\u010du sje\u0107anja na doga\u0111aj koji je u naslovu knjige, tada ve\u0107 desetlje\u0107ima udaljen, ali utkan u njezinu sada\u0161njost kao tiha jeka traume koja ne stari i ne blijedi, samo se raspada u bockave \u010destice koje je povremeno ubodu u mjesto koje jo\u0161 uvijek bridi kao otvorena rana.\u201d<\/p>\n\n\n\n<hr class=\"wp-block-separator\"\/>\n\n\n\n<p>Izvor i op\u0161irnije:<\/p>\n\n\n\n<p><a href=\"https:\/\/www.booksa.hr\/knjige\/proza\/dogadaj\">https:\/\/www.booksa.hr\/knjige\/proza\/dogadaj<\/a><\/p>\n\n\n\n<hr class=\"wp-block-separator\"\/>\n","protected":false},"excerpt":{"rendered":"","protected":false},"author":2,"featured_media":32311,"comment_status":"open","ping_status":"open","sticky":false,"template":"","format":"standard","meta":{"_acf_changed":false,"jetpack_post_was_ever_published":false,"_jetpack_newsletter_access":"","_jetpack_dont_email_post_to_subs":false,"_jetpack_newsletter_tier_id":0,"_jetpack_memberships_contains_paywalled_content":false,"_jetpack_memberships_contains_paid_content":false,"footnotes":"","jetpack_publicize_message":"","jetpack_publicize_feature_enabled":true,"jetpack_social_post_already_shared":true,"jetpack_social_options":{"image_generator_settings":{"template":"highway","default_image_id":0,"font":"","enabled":false},"version":2}},"categories":[13,3,12],"tags":[],"class_list":["post-32308","post","type-post","status-publish","format-standard","has-post-thumbnail","hentry","category-filmovi-i-serije","category-novosti","category-knjizevnost"],"acf":{"facebook_opis":""},"jetpack_publicize_connections":[],"jetpack_featured_media_url":"https:\/\/i0.wp.com\/historiografija.hr\/wp-content\/uploads\/2022\/07\/Dogadjaj.png?fit=387%2C229&ssl=1","jetpack_sharing_enabled":true,"jetpack-related-posts":[],"_links":{"self":[{"href":"https:\/\/historiografija.hr\/index.php?rest_route=\/wp\/v2\/posts\/32308","targetHints":{"allow":["GET"]}}],"collection":[{"href":"https:\/\/historiografija.hr\/index.php?rest_route=\/wp\/v2\/posts"}],"about":[{"href":"https:\/\/historiografija.hr\/index.php?rest_route=\/wp\/v2\/types\/post"}],"author":[{"embeddable":true,"href":"https:\/\/historiografija.hr\/index.php?rest_route=\/wp\/v2\/users\/2"}],"replies":[{"embeddable":true,"href":"https:\/\/historiografija.hr\/index.php?rest_route=%2Fwp%2Fv2%2Fcomments&post=32308"}],"version-history":[{"count":3,"href":"https:\/\/historiografija.hr\/index.php?rest_route=\/wp\/v2\/posts\/32308\/revisions"}],"predecessor-version":[{"id":32313,"href":"https:\/\/historiografija.hr\/index.php?rest_route=\/wp\/v2\/posts\/32308\/revisions\/32313"}],"wp:featuredmedia":[{"embeddable":true,"href":"https:\/\/historiografija.hr\/index.php?rest_route=\/wp\/v2\/media\/32311"}],"wp:attachment":[{"href":"https:\/\/historiografija.hr\/index.php?rest_route=%2Fwp%2Fv2%2Fmedia&parent=32308"}],"wp:term":[{"taxonomy":"category","embeddable":true,"href":"https:\/\/historiografija.hr\/index.php?rest_route=%2Fwp%2Fv2%2Fcategories&post=32308"},{"taxonomy":"post_tag","embeddable":true,"href":"https:\/\/historiografija.hr\/index.php?rest_route=%2Fwp%2Fv2%2Ftags&post=32308"}],"curies":[{"name":"wp","href":"https:\/\/api.w.org\/{rel}","templated":true}]}}