{"id":32299,"date":"2022-07-29T22:16:13","date_gmt":"2022-07-29T22:16:13","guid":{"rendered":"http:\/\/historiografija.hr\/?p=32299"},"modified":"2022-07-29T22:16:13","modified_gmt":"2022-07-29T22:16:13","slug":"pisma-ireni","status":"publish","type":"post","link":"https:\/\/historiografija.hr\/?p=32299","title":{"rendered":"Pisma Ireni"},"content":{"rendered":"\n<p>prir. Sandra Kri\u017ei\u0107 Roban, Nives Toma\u0161evi\u0107<\/p>\n\n\n\n<p><strong>Rekonstrukcija izgubljenog vremena iz arhiva I.V.<\/strong><\/p>\n\n\n\n<hr class=\"wp-block-separator\"\/>\n\n\n\n<p>Irenu Vrkljan poznajemo kao autoricu koja je inaugurirala autobiografsko pismo hrvatske knji\u017eevnosti kraja 20. stolje\u0107a i po\u010detka 21. stolje\u0107a, od Svila, \u0161kare preko Marine ili o biografiji do Pisma u pismu te Rastanka i potonu\u0107a, knjige koja se \u010dita kao \u010dudesna posveta starosti. Autorica izuzetno bogata opusa, aktivno je sudjelovala u kulturnom i dru\u0161tvenom \u017eivotu, prijateljuju\u0107i s brojnim umjetnicima, kazali\u0161nim djelatnicima, knji\u017eevnicima. U knjizi Pisma Ireni uz pove\u0107i pogovor Sandre Kri\u017ei\u0107 Roban bit \u0107e prikazani mnogobrojna pisma, crte\u017ei i razglednice koje su Ireni upu\u0107ivali njezini prijatelji. Tako \u0107e se u knjizi na\u0107i pisma Bele i Miroslava Krle\u017ee, Marka Risti\u0107a, Vlade Kristla, Miljenka Stan\u010di\u0107a, Stanka Lasi\u0107a, Gabrijela Stupice, Ljube Jovi\u0107a, Tonka \u0160oljana, Ivana Picelja, Zlatka Boureka i mnogih drugih koji su ostavili velik trag u hrvatskoj knji\u017eevnosti i umjetnosti. U tim pismima saznat \u0107emo i neke druge osobine na\u0161e vrhunske knji\u017eevnice te upoznati godine kada je na\u0161a hrvatska kultura bila u najve\u0107em zamahu. U svim tim dokumentarnim prilozima upoznat \u0107emo se s mnogim estetskim, umjetni\u010dkim, a ponekad i ideolo\u0161kim odrednicama i kontroverzama dvadesetog stolje\u0107a. Pisma Ireni svjedo\u010danstvo su na\u0161e kulture i umjetnosti dvadesetog stolje\u0107a i prvi \u0107e put biti predstavljena javnosti.<\/p>\n\n\n\n<hr class=\"wp-block-separator\"\/>\n\n\n\n<p><strong>Sandra Kri\u017ei\u0107 Roban<\/strong> doktorirala je u podru\u010dju povijesti umjetnosti, a bavi se teorijom i kritikom, kustoskom praksom, nastavom i pisanjem. Zaposlena je na Institutu za povijest umjetnosti u Zagrebu kao znanstvena savjetnica u trajnom zvanju. Teme istra\u017eivanja su joj suvremena umjetnost, povijest i teorija fotografije, poslijeratna arhitektura, problematika javnog prostora i evaluacija spomenika Domovinskog rata. Jedna je od osniva\u010dica Ureda za fotografiju. Objavila je knjige Na drugi pogled: pozicije suvremene hrvatske fotografije (2010.), Hrvatsko slikarstvo od 1945. do danas: odgovornost slike u vrijeme nestrpljivog pogleda (2013.), te monografije Hana Mileti\u0107 \u2013 Street Photography (2016.), Vlado Martek \u2013 Pripremanje za fotografiju (2018.), Anabel Zanze \u2013 Napinjanje teksta (2019.), Branko Bali\u0107 (2022.). Izlagala je na brojnim me\u0111unarodnim konferencijama, priredila niz samostalnih i skupnih izlo\u017ebi te objavila vi\u0161e od tisu\u0107u pet stotina poglavlja u knjigama, znanstvenih i stru\u010dnih radova, tekstova u katalozima, kritika, prikaza i razgovora u doma\u0107im i inozemnim tiskanim izdanjima.<\/p>\n\n\n\n<p><strong>Nives Toma\u0161evi\u0107<\/strong> urednica je i autorica. Na Filozofskome fakultetu Sveu\u010dili\u0161ta u Zagrebu doktorirala je na Poslijediplomskom sveu\u010dili\u0161nom doktorskom studiju hrvatske kulture u podru\u010dju humanisti\u010dkih znanosti. Stru\u010dnim, znanstvenim i akademskim radom posvetila se svekolikomu podru\u010dju nakladni\u0161tva: vi\u0161e od 30 godina radila je u nakladni\u010dkim ku\u0107ama (Mladost, Mozaik, Slon, Ljevak) i uredila ve\u0107i broj knjiga i biblioteka (Rukoljub, Otvorena knjiga, Academica, Razotkrivanja i dr.). Od 2009. godine vanjska je urednica u Nakladi Ljevak. Akademsku i znanstvenu karijeru razvijala je na Odjelu za informacijske znanosti Sveu\u010dili\u0161ta u Zadru, gdje je radila od 2009. do 2019. i pokrenula niz kolegija s temama nakladni\u0161tva i kulturnih studija. Na Akademiji za umjetnost i kulturu u Osijeku izvanredna je profesorica od 2019. godine. Objavila je ve\u0107i broj radova te je autorica jedne i koautorica dvije knjige. Predmeti njezina interesa su nakladni\u0161tvo, ba\u0161tina, kreativna i kulturna industrija.<\/p>\n\n\n\n<hr class=\"wp-block-separator\"\/>\n\n\n\n<p>Nakladnik: Naklada Ljevak<\/p>\n\n\n\n<p>Biblioteka: Biblioteka Posebnih izdanja<\/p>\n\n\n\n<p>Broj stranica: 224<\/p>\n\n\n\n<p>Godina izdanja: 2022<\/p>\n\n\n\n<hr class=\"wp-block-separator\"\/>\n\n\n\n<p>Izvor:<\/p>\n\n\n\n<p><a href=\"https:\/\/www.ljevak.hr\/publicistika\/28341-pisma-ireni.html\">https:\/\/www.ljevak.hr\/publicistika\/28341-pisma-ireni.html<\/a><\/p>\n\n\n\n<hr class=\"wp-block-separator\"\/>\n","protected":false},"excerpt":{"rendered":"","protected":false},"author":2,"featured_media":32300,"comment_status":"open","ping_status":"open","sticky":false,"template":"","format":"standard","meta":{"_acf_changed":false,"jetpack_post_was_ever_published":false,"_jetpack_newsletter_access":"","_jetpack_dont_email_post_to_subs":false,"_jetpack_newsletter_tier_id":0,"_jetpack_memberships_contains_paywalled_content":false,"_jetpack_memberships_contains_paid_content":false,"footnotes":"","jetpack_publicize_message":"","jetpack_publicize_feature_enabled":true,"jetpack_social_post_already_shared":true,"jetpack_social_options":{"image_generator_settings":{"template":"highway","default_image_id":0,"font":"","enabled":false},"version":2}},"categories":[8,3,12],"tags":[],"class_list":["post-32299","post","type-post","status-publish","format-standard","has-post-thumbnail","hentry","category-knjige","category-novosti","category-knjizevnost"],"acf":{"facebook_opis":""},"jetpack_publicize_connections":[],"jetpack_featured_media_url":"https:\/\/i0.wp.com\/historiografija.hr\/wp-content\/uploads\/2022\/07\/pisma-ireni.jpg?fit=570%2C678&ssl=1","jetpack_sharing_enabled":true,"jetpack-related-posts":[],"_links":{"self":[{"href":"https:\/\/historiografija.hr\/index.php?rest_route=\/wp\/v2\/posts\/32299","targetHints":{"allow":["GET"]}}],"collection":[{"href":"https:\/\/historiografija.hr\/index.php?rest_route=\/wp\/v2\/posts"}],"about":[{"href":"https:\/\/historiografija.hr\/index.php?rest_route=\/wp\/v2\/types\/post"}],"author":[{"embeddable":true,"href":"https:\/\/historiografija.hr\/index.php?rest_route=\/wp\/v2\/users\/2"}],"replies":[{"embeddable":true,"href":"https:\/\/historiografija.hr\/index.php?rest_route=%2Fwp%2Fv2%2Fcomments&post=32299"}],"version-history":[{"count":1,"href":"https:\/\/historiografija.hr\/index.php?rest_route=\/wp\/v2\/posts\/32299\/revisions"}],"predecessor-version":[{"id":32301,"href":"https:\/\/historiografija.hr\/index.php?rest_route=\/wp\/v2\/posts\/32299\/revisions\/32301"}],"wp:featuredmedia":[{"embeddable":true,"href":"https:\/\/historiografija.hr\/index.php?rest_route=\/wp\/v2\/media\/32300"}],"wp:attachment":[{"href":"https:\/\/historiografija.hr\/index.php?rest_route=%2Fwp%2Fv2%2Fmedia&parent=32299"}],"wp:term":[{"taxonomy":"category","embeddable":true,"href":"https:\/\/historiografija.hr\/index.php?rest_route=%2Fwp%2Fv2%2Fcategories&post=32299"},{"taxonomy":"post_tag","embeddable":true,"href":"https:\/\/historiografija.hr\/index.php?rest_route=%2Fwp%2Fv2%2Ftags&post=32299"}],"curies":[{"name":"wp","href":"https:\/\/api.w.org\/{rel}","templated":true}]}}