{"id":32292,"date":"2022-07-29T21:53:46","date_gmt":"2022-07-29T21:53:46","guid":{"rendered":"http:\/\/historiografija.hr\/?p=32292"},"modified":"2022-07-29T21:54:34","modified_gmt":"2022-07-29T21:54:34","slug":"charlotte-mary-wilson-nacela-i-ciljevi-anarhizma-anarhisticki-eseji","status":"publish","type":"post","link":"https:\/\/historiografija.hr\/?p=32292","title":{"rendered":"Charlotte Mary Wilson, \u201cNa\u010dela i ciljevi anarhizma. Anarhisti\u010dki eseji\u201d"},"content":{"rendered":"\n<p>Charlotte Mary Wilson odigrala je va\u017enu ulogu u pojavi britanskoga anarhisti\u010dkoga pokreta tijekom 1880-ih, a izme\u0111u ostaloga bila je osniva\u010dica, prva urednica i nakladnica \u010dasopisa <em>Freedom<\/em>, \u010dasopisa koji je godinama bio glas glavne struje britanskoga anarhizma, a iznimno va\u017enu ulogu imala je i u sklopu nakladni\u010dke ku\u0107e Freedom Group tijekom prvog desetlje\u0107a njezina postojanja. Ro\u0111ena je 1854. u selu Kemertonu. Otac joj je bio lije\u010dnik, a majka je potjecala iz uspje\u0161ne trgova\u010dke i sve\u0107eni\u010dke obitelji. Obrazovala se onoliko koliko je u to doba bilo dostupno djevojkama. Tijekom studija izgubila je vjeru u Boga i privukle su je lijeve politi\u010dke ideje. Dvije godine nakon \u0161to je napustila Cambridge (gdje je studirala, ali nije imala pravo kao \u017eena polagati zavr\u0161ne ispite), udala se za Arthura Wilsona, a s vremenom su oboje postali skloni vrlo progresivnim stajali\u0161tima. Preselili su se u Wyldes, u staru ladanjsku ku\u0107u na sjeveru Hamstead Heatha, a Charlotte je odlu\u010dila da ne \u017eivi od mu\u017eeva novca. Uklju\u010dila se u razli\u010dite dru\u0161tvene aktivnosti, ali ponajvi\u0161e u socijalisti\u010dki i anarhisti\u010dki pokret. Posebno ju je obilje\u017eilo su\u0111enje anarhistima u Lyonu 1883., na kojem su Petar Kropotkin i mnogi francuski anarhisti poslani u zatvor i o kojemu je britanski tisak obimno izvje\u0161tavao. Nakon svega toga postala je javna zagovornica i socijalizma i anarhizma.<\/p>\n\n\n\n<p>\u201eAnarhizam nije sustav, nego teorija ljudskoga razvoja; nije utopijski san o budu\u0107nosti, nego vjera u sada\u0161njost; nije lijek za sve ljudske grijehe, promjenom materijalnih dru\u0161tvenih uvjeta, nego prosvjed protiv odre\u0111enih nedvosmislenih zala, koja um i iskustvo isti\u010du kao ukorijenjena u pozadini predrasuda na\u0161e moralne sljepo\u0107e. Tu pobunu, tu teoriju, tu vjeru, unosi anarhizam u svaki dio \u017eivota, s uvjerenjem da \u0107e ljudi jednoga dana vidjeti kako bi lijep \u017eivot mogao biti.\u201c<\/p>\n\n\n\n<hr class=\"wp-block-separator\"\/>\n\n\n\n<p>Izvor:<\/p>\n\n\n\n<p><a href=\"https:\/\/www.daf.hr\/novosti\/nacela-i-ciljevi-anarhizma-anarhisticki-eseji\">https:\/\/www.daf.hr\/novosti\/nacela-i-ciljevi-anarhizma-anarhisticki-eseji<\/a><\/p>\n\n\n\n<hr class=\"wp-block-separator\"\/>\n","protected":false},"excerpt":{"rendered":"","protected":false},"author":2,"featured_media":32293,"comment_status":"open","ping_status":"open","sticky":false,"template":"","format":"standard","meta":{"_acf_changed":false,"jetpack_post_was_ever_published":false,"_jetpack_newsletter_access":"","_jetpack_dont_email_post_to_subs":false,"_jetpack_newsletter_tier_id":0,"_jetpack_memberships_contains_paywalled_content":false,"_jetpack_memberships_contains_paid_content":false,"footnotes":"","jetpack_publicize_message":"","jetpack_publicize_feature_enabled":true,"jetpack_social_post_already_shared":true,"jetpack_social_options":{"image_generator_settings":{"template":"highway","default_image_id":0,"font":"","enabled":false},"version":2}},"categories":[8,3],"tags":[],"class_list":["post-32292","post","type-post","status-publish","format-standard","has-post-thumbnail","hentry","category-knjige","category-novosti"],"acf":{"facebook_opis":""},"jetpack_publicize_connections":[],"jetpack_featured_media_url":"https:\/\/i0.wp.com\/historiografija.hr\/wp-content\/uploads\/2022\/07\/charlotte_m._wilson.jpg?fit=461%2C790&ssl=1","jetpack_sharing_enabled":true,"jetpack-related-posts":[],"_links":{"self":[{"href":"https:\/\/historiografija.hr\/index.php?rest_route=\/wp\/v2\/posts\/32292","targetHints":{"allow":["GET"]}}],"collection":[{"href":"https:\/\/historiografija.hr\/index.php?rest_route=\/wp\/v2\/posts"}],"about":[{"href":"https:\/\/historiografija.hr\/index.php?rest_route=\/wp\/v2\/types\/post"}],"author":[{"embeddable":true,"href":"https:\/\/historiografija.hr\/index.php?rest_route=\/wp\/v2\/users\/2"}],"replies":[{"embeddable":true,"href":"https:\/\/historiografija.hr\/index.php?rest_route=%2Fwp%2Fv2%2Fcomments&post=32292"}],"version-history":[{"count":1,"href":"https:\/\/historiografija.hr\/index.php?rest_route=\/wp\/v2\/posts\/32292\/revisions"}],"predecessor-version":[{"id":32294,"href":"https:\/\/historiografija.hr\/index.php?rest_route=\/wp\/v2\/posts\/32292\/revisions\/32294"}],"wp:featuredmedia":[{"embeddable":true,"href":"https:\/\/historiografija.hr\/index.php?rest_route=\/wp\/v2\/media\/32293"}],"wp:attachment":[{"href":"https:\/\/historiografija.hr\/index.php?rest_route=%2Fwp%2Fv2%2Fmedia&parent=32292"}],"wp:term":[{"taxonomy":"category","embeddable":true,"href":"https:\/\/historiografija.hr\/index.php?rest_route=%2Fwp%2Fv2%2Fcategories&post=32292"},{"taxonomy":"post_tag","embeddable":true,"href":"https:\/\/historiografija.hr\/index.php?rest_route=%2Fwp%2Fv2%2Ftags&post=32292"}],"curies":[{"name":"wp","href":"https:\/\/api.w.org\/{rel}","templated":true}]}}