{"id":32284,"date":"2022-07-28T11:16:03","date_gmt":"2022-07-28T11:16:03","guid":{"rendered":"http:\/\/historiografija.hr\/?p=32284"},"modified":"2022-07-28T11:18:13","modified_gmt":"2022-07-28T11:18:13","slug":"hrvatska-revija-2-2022-tema-broja-ukrajina","status":"publish","type":"post","link":"https:\/\/historiografija.hr\/?p=32284","title":{"rendered":"\u201cHrvatska revija\u201d (2-2022) \u2013 Tema broja: \u201cUkrajina\u201d"},"content":{"rendered":"\n<p>Novi broj \u201cHrvatske revije\u201d (2-2022) donosi temu broja \u201cUkrajina\u201d, prilog \u201cIz intelektualne povijesti\u201d o Bogdanu Radici i Miguelu de Unamunu te druge tekstove povijesne tematike. Op\u0161irnije u nastavku.<\/p>\n\n\n\n<hr class=\"wp-block-separator\"\/>\n\n\n\n<p>KAZALO<\/p>\n\n\n\n<p><strong>Tema broja: Ukrajina<\/strong><\/p>\n\n\n\n<p><strong>3 Tetyana Fuderer: Hamletovska dimenzija ukrajinskoga jezi\u010dnog bitka<\/strong><\/p>\n\n\n\n<p><strong>9 Domagoj Kli\u010dek i Dariya Pavle\u0161en: Pogled u ukrajinsku knji\u017eevnost<\/strong><\/p>\n\n\n\n<p><strong>14 Dubravka Sesar: Bogdan-Igor Antony\u010d: molitva za Ukrajinu<\/strong><\/p>\n\n\n\n<p><strong>17 Daria Lisenko: Tri mita o ukrajinskoj umjetnosti<\/strong><\/p>\n\n\n\n<p><strong>21 Filip \u0160imetin \u0160egvi\u0107: Galicija i njezin glavni grad Lavov u habsbur\u0161ko doba<\/strong><\/p>\n\n\n\n<p><strong>29 Filip \u0160imetin \u0160egvi\u0107: Izlo\u017eba \u00bbHrvatsko-ukrajinski odnosi i paralele, iz vizure Filozofskog fakulteta u Zagrebu\u00ab<\/strong><\/p>\n\n\n\n<p><strong>32 Ante Brali\u0107: Po\u010detak rata u Hrvatskoj i Ukrajini \u2013 komparativna analiza<\/strong><\/p>\n\n\n\n<p><strong>39 Petar Marku\u0161: Dani kulture Hrvatske i Ukrajine 1979. i 1980. godine<\/strong><\/p>\n\n\n\n<p><strong>42 Filip Katani\u0107: Galicija u Prvom svjetskom ratu.<\/strong><\/p>\n\n\n\n<p>Nestanak habsbur\u0161kog mikrosvijeta u sredi\u0161tu Europe<\/p>\n\n\n\n<p><strong>In memoriam<\/strong><\/p>\n\n\n\n<p><strong>49 Bosiljka Peri\u0107 Kempf: Sje\u0107anje i svjedo\u010danstvo<\/strong><\/p>\n\n\n\n<p>Nik\u0161a Bareza (Split, 31. o\u017eujka 1936. \u2013 Zagreb, 14. sije\u010dnja 2022)<\/p>\n\n\n\n<p><strong>Iz intelektualne povijesti<\/strong><\/p>\n\n\n\n<p><strong>52 Mirjana Poli\u0107 Bobi\u0107: Bogdan Radica i Miguel de Unamuno: bilje\u0161ke uz ponovno \u010ditanje jedne korespondencije<\/strong><\/p>\n\n\n\n<p>Revitalizacija zapu\u0161tenih urbanih krajolika<\/p>\n\n\n\n<p><strong>60 Helena Knifi\u0107 Schaps: Urbana sanacija vrijednih prostornih resursa: dva recentna primjera<\/strong><\/p>\n\n\n\n<p>Prijedlog urbane obnove biv\u0161e vojarne Lu\u0161\u010di\u0107 u Karlovcu i naselja \u017ddrijac u Ninu<\/p>\n\n\n\n<p><strong>Hrvatsko slikarstvo<\/strong><\/p>\n\n\n\n<p><strong>67 \u017deljko Brguljan: Kotorske i kli\u0161ke utvrde u slikarskom opusu Vesne \u0160ojat<\/strong><\/p>\n\n\n\n<p><strong>Neobjavljena hrvatska knji\u017eevnost<\/strong><\/p>\n\n\n\n<p><strong>72 Alla Tatarenko: Pjesmom protiv zla: pjesni\u010dka svjedo\u010danstva Sini\u0161e Matasovi\u0107a<\/strong><\/p>\n\n\n\n<p><strong>74 Sini\u0161a Matasovi\u0107: Ciklus pjesama o ratu u Ukrajini<\/strong><\/p>\n\n\n\n<p><strong>Osvrti i prikazi<\/strong><\/p>\n\n\n\n<p><strong>78 Tomislav Galovi\u0107: U potrazi za ishodi\u0161tima hrvatskoga knji\u017eevnog jezika<\/strong><\/p>\n\n\n\n<p>Stjepan Damjanovi\u0107, <em>U potrazi za knji\u017eevnim jezikom. Iz povijesti hrvatskoga jezika i filologije<\/em>, Zagreb: Hrvatska sveu\u010dili\u0161na naklada i Staroslavenski institut, 2021.<\/p>\n\n\n\n<p><strong>79 Sanja Majer-Bobetko: Znanstveni floridus<\/strong><\/p>\n\n\n\n<p>Izme\u0111u Srednje Europe i Mediterana:<em> Glazba, knji\u017eevnost i izvedbene umjetnosti,<\/em> ur. Ivana Tomi\u0107 Feri\u0107, Antonela Mari\u0107, Sveu\u010dili\u0161te u Splitu, Umjetni\u010dka akademija, Filozofski fakultet, Split, 2021.<\/p>\n\n\n\n<p><strong>82 Tomislav Galovi\u0107. Velika obljetnica jednoga znanstveno-stru\u010dnog \u010dasopisa<\/strong><\/p>\n\n\n\n<p>120 godina <em>Arhivskoga vjesnika. Zbornik radova<\/em> sa znanstvenoga kolokvija odr\u017eanoga 26. studenoga 2019. u Hrvatskom dr\u017eavnom arhivu, ur. Mario Stipan\u010devi\u0107, Zagreb: Hrvatski dr\u017eavni arhiv, 2021.<\/p>\n\n\n\n<p><strong>84 Dubravko Jela\u010di\u0107 Bu\u017eimski: 2. Zagreba\u010dki festival monodrame<\/strong><\/p>\n\n\n\n<p><strong>86 Marija Znika: Prvotisak Gusi\u0107eva Novog zavjeta<\/strong><\/p>\n\n\n\n<p><em>Sveto pismo Novoga zakona na horvatski jezik<\/em> po Ivanu Rupertu Gusi\u010du prene\u0161eno i na svetlo dano, Hrvatsko knji\u017eevno dru\u0161tvo sv. Jeronima i Ogranak Matice hrvatske u Ozlju, Zagreb, 2018.<\/p>\n\n\n\n<p><strong>87 Mikica Ma\u0161trovi\u0107: Ljepotom o mr\u017enji<\/strong><\/p>\n\n\n\n<p>Dimitrije Popovi\u0107: <em>Slikarstvo i mr\u017enja: od Leonardove Meduze do dadaisti\u010dke Mone Lise.<\/em> Zagreb, Naklada Ljevak, 2022.<\/p>\n\n\n\n<hr class=\"wp-block-separator\"\/>\n\n\n\n<p><a href=\"https:\/\/www.matica.hr\/hr\/717\/kazalo-33504\/\">https:\/\/www.matica.hr\/hr\/717\/kazalo-33504\/<\/a><\/p>\n\n\n\n<p><a href=\"https:\/\/www.matica.hr\/hr\/717\/r\/tema-broja-ukrajina\/\">https:\/\/www.matica.hr\/hr\/717\/r\/tema-broja-ukrajina\/<\/a><\/p>\n\n\n\n<p><a href=\"https:\/\/www.matica.hr\/hr\/717\/r\/iz-intelektualne-povijesti\/\">https:\/\/www.matica.hr\/hr\/717\/r\/iz-intelektualne-povijesti\/<\/a><\/p>\n\n\n\n<p><a href=\"https:\/\/www.matica.hr\/hr\/717\/r\/naslovnica\/\">https:\/\/www.matica.hr\/hr\/717\/r\/naslovnica\/<\/a><\/p>\n\n\n\n<hr class=\"wp-block-separator\"\/>\n","protected":false},"excerpt":{"rendered":"","protected":false},"author":2,"featured_media":32285,"comment_status":"open","ping_status":"open","sticky":false,"template":"","format":"standard","meta":{"_acf_changed":false,"jetpack_post_was_ever_published":false,"_jetpack_newsletter_access":"","_jetpack_dont_email_post_to_subs":false,"_jetpack_newsletter_tier_id":0,"_jetpack_memberships_contains_paywalled_content":false,"_jetpack_memberships_contains_paid_content":false,"footnotes":"","jetpack_publicize_message":"","jetpack_publicize_feature_enabled":true,"jetpack_social_post_already_shared":true,"jetpack_social_options":{"image_generator_settings":{"template":"highway","default_image_id":0,"font":"","enabled":false},"version":2}},"categories":[21,3],"tags":[],"class_list":["post-32284","post","type-post","status-publish","format-standard","has-post-thumbnail","hentry","category-casopisi","category-novosti"],"acf":{"facebook_opis":""},"jetpack_publicize_connections":[],"jetpack_featured_media_url":"https:\/\/i0.wp.com\/historiografija.hr\/wp-content\/uploads\/2022\/07\/hr-2022-2.jpg?fit=300%2C415&ssl=1","jetpack_sharing_enabled":true,"jetpack-related-posts":[],"_links":{"self":[{"href":"https:\/\/historiografija.hr\/index.php?rest_route=\/wp\/v2\/posts\/32284","targetHints":{"allow":["GET"]}}],"collection":[{"href":"https:\/\/historiografija.hr\/index.php?rest_route=\/wp\/v2\/posts"}],"about":[{"href":"https:\/\/historiografija.hr\/index.php?rest_route=\/wp\/v2\/types\/post"}],"author":[{"embeddable":true,"href":"https:\/\/historiografija.hr\/index.php?rest_route=\/wp\/v2\/users\/2"}],"replies":[{"embeddable":true,"href":"https:\/\/historiografija.hr\/index.php?rest_route=%2Fwp%2Fv2%2Fcomments&post=32284"}],"version-history":[{"count":2,"href":"https:\/\/historiografija.hr\/index.php?rest_route=\/wp\/v2\/posts\/32284\/revisions"}],"predecessor-version":[{"id":32287,"href":"https:\/\/historiografija.hr\/index.php?rest_route=\/wp\/v2\/posts\/32284\/revisions\/32287"}],"wp:featuredmedia":[{"embeddable":true,"href":"https:\/\/historiografija.hr\/index.php?rest_route=\/wp\/v2\/media\/32285"}],"wp:attachment":[{"href":"https:\/\/historiografija.hr\/index.php?rest_route=%2Fwp%2Fv2%2Fmedia&parent=32284"}],"wp:term":[{"taxonomy":"category","embeddable":true,"href":"https:\/\/historiografija.hr\/index.php?rest_route=%2Fwp%2Fv2%2Fcategories&post=32284"},{"taxonomy":"post_tag","embeddable":true,"href":"https:\/\/historiografija.hr\/index.php?rest_route=%2Fwp%2Fv2%2Ftags&post=32284"}],"curies":[{"name":"wp","href":"https:\/\/api.w.org\/{rel}","templated":true}]}}