{"id":32271,"date":"2022-07-28T09:30:01","date_gmt":"2022-07-28T09:30:01","guid":{"rendered":"http:\/\/historiografija.hr\/?p=32271"},"modified":"2022-07-28T09:30:01","modified_gmt":"2022-07-28T09:30:01","slug":"izlozba-povelje-bosanskih-vladara-i-vlastelina-1189-1461","status":"publish","type":"post","link":"https:\/\/historiografija.hr\/?p=32271","title":{"rendered":"Izlo\u017eba \u201ePovelje bosanskih vladara i vlastelina (1189-1461)&#8221;"},"content":{"rendered":"\n<p>Muzej bosanskog kraljevstva iz Cazina \u0107e 30. jula 2022. na tvr\u0111avi Ostro\u017eac na Uni organizirati izlo\u017ebu \u201ePovelje bosanskih vladara i vlastelina (1189-1461)&#8221; autora Enesa Dedi\u0107.<\/p>\n\n\n\n<p>Izlo\u017eba obuhvata vremenski period od 1189. do 1461. i prati transformaciju banovine u kraljevinu Bosnu kroz povelje njenih vladara i vlastelina, napisane u Bosni.<\/p>\n\n\n\n<p>Postavka obuhvata Povelju Kulina bana Dubrov\u010danima, 1189., povelja bana Stjepana II Kotromani\u0107a Dubrov\u010danima o ustupanju Stona i Pelje\u0161ca, 1333., povelja bana Tvrtka Kotromani\u0107a kojom potvr\u0111uje povlastice svojih prethodnika Dubrov\u010danima, 1367., povelja kralja Tvrtka I Dubrov\u010danima 1378., povelja kneza Pavla Radinovi\u0107a Dubrov\u010danima, 1397.<\/p>\n\n\n\n<p>Tako\u0111er, obuhvata povelja kralja Tvrtka I o ukidanju trga za prodaju soli u \u017eupi Dra\u010devici, 1382., povelja kralja Ostoje Dubrov\u010danima o ustupanju Primorja, 1399., povelja vojvode Sandalja i bra\u0107e mu Vukca i Vuka kojom ustupaju Dubrov\u010danima svoj dio Konavala, 1419., povelja kralja Stjepana Toma\u0161a Dubrov\u010danima kojom potvr\u0111uje povelje svojih prethodnika, 1444. , povelja kralja Stjepana Toma\u0161evi\u0107a Dubrovniku, 1461. godine.<\/p>\n\n\n\n<hr class=\"wp-block-separator\"\/>\n\n\n\n<p>Izvor:<\/p>\n\n\n\n<p><strong>Historiografija.ba<\/strong><\/p>\n\n\n\n<p><a href=\"https:\/\/historiografija.ba\/article.php?id=1333\">https:\/\/historiografija.ba\/article.php?id=1333<\/a><\/p>\n\n\n\n<hr class=\"wp-block-separator\"\/>\n","protected":false},"excerpt":{"rendered":"","protected":false},"author":2,"featured_media":32272,"comment_status":"open","ping_status":"open","sticky":false,"template":"","format":"standard","meta":{"_acf_changed":false,"jetpack_post_was_ever_published":false,"_jetpack_newsletter_access":"","_jetpack_dont_email_post_to_subs":false,"_jetpack_newsletter_tier_id":0,"_jetpack_memberships_contains_paywalled_content":false,"_jetpack_memberships_contains_paid_content":false,"footnotes":"","jetpack_publicize_message":"","jetpack_publicize_feature_enabled":true,"jetpack_social_post_already_shared":true,"jetpack_social_options":{"image_generator_settings":{"template":"highway","default_image_id":0,"font":"","enabled":false},"version":2}},"categories":[10,3],"tags":[],"class_list":["post-32271","post","type-post","status-publish","format-standard","has-post-thumbnail","hentry","category-izlozbe","category-novosti"],"acf":{"facebook_opis":""},"jetpack_publicize_connections":[],"jetpack_featured_media_url":"https:\/\/i0.wp.com\/historiografija.hr\/wp-content\/uploads\/2022\/07\/Povelje-bosanskih-vladara.png?fit=554%2C392&ssl=1","jetpack_sharing_enabled":true,"jetpack-related-posts":[],"_links":{"self":[{"href":"https:\/\/historiografija.hr\/index.php?rest_route=\/wp\/v2\/posts\/32271","targetHints":{"allow":["GET"]}}],"collection":[{"href":"https:\/\/historiografija.hr\/index.php?rest_route=\/wp\/v2\/posts"}],"about":[{"href":"https:\/\/historiografija.hr\/index.php?rest_route=\/wp\/v2\/types\/post"}],"author":[{"embeddable":true,"href":"https:\/\/historiografija.hr\/index.php?rest_route=\/wp\/v2\/users\/2"}],"replies":[{"embeddable":true,"href":"https:\/\/historiografija.hr\/index.php?rest_route=%2Fwp%2Fv2%2Fcomments&post=32271"}],"version-history":[{"count":1,"href":"https:\/\/historiografija.hr\/index.php?rest_route=\/wp\/v2\/posts\/32271\/revisions"}],"predecessor-version":[{"id":32273,"href":"https:\/\/historiografija.hr\/index.php?rest_route=\/wp\/v2\/posts\/32271\/revisions\/32273"}],"wp:featuredmedia":[{"embeddable":true,"href":"https:\/\/historiografija.hr\/index.php?rest_route=\/wp\/v2\/media\/32272"}],"wp:attachment":[{"href":"https:\/\/historiografija.hr\/index.php?rest_route=%2Fwp%2Fv2%2Fmedia&parent=32271"}],"wp:term":[{"taxonomy":"category","embeddable":true,"href":"https:\/\/historiografija.hr\/index.php?rest_route=%2Fwp%2Fv2%2Fcategories&post=32271"},{"taxonomy":"post_tag","embeddable":true,"href":"https:\/\/historiografija.hr\/index.php?rest_route=%2Fwp%2Fv2%2Ftags&post=32271"}],"curies":[{"name":"wp","href":"https:\/\/api.w.org\/{rel}","templated":true}]}}