{"id":32265,"date":"2022-07-27T22:39:09","date_gmt":"2022-07-27T22:39:09","guid":{"rendered":"http:\/\/historiografija.hr\/?p=32265"},"modified":"2022-07-27T22:39:09","modified_gmt":"2022-07-27T22:39:09","slug":"jozo-dzambo-o-staroj-bosni-u-rijeci-i-slici-knjizevno-povijesni-pogledi","status":"publish","type":"post","link":"https:\/\/historiografija.hr\/?p=32265","title":{"rendered":"Jozo D\u017eambo, \u201cO staroj Bosni u rije\u010di i slici. Knji\u017eevno-povijesni pogledi\u201d"},"content":{"rendered":"\n<p>Izdava\u010dka ku\u0107a <em>Synopsis<\/em> je objavila knjigu \u201eO staroj Bosni u rije\u010di i slici. Knji\u017eevno-povijesni pogledi\u201c autora Joze D\u017eambe. Rije\u010d je o izboru od 16 priloga, nastalih u vremenu izme\u0111u 1981. i 2018. godine i objavljenih u razli\u010ditim \u010dasopisima i zbornicima, sa te\u017ei\u0161tem na teme iz bosansko-hercegova\u010dke kulturne, knji\u017eevne i politi\u010dke povijesti 19. i 20. stolje\u0107a. U D\u017eambinom historiografskom pismu kao da su se na najplodniji na\u010din ukrstila i uzajamno oplodila dva elementa. U znanstvenom pogledu: tematske preokupacije i metodolo\u0161ki postupci naslonjeni na prevratne novine koje u evropsku i svjetsku historiografiju donose analisti i novi histori\u010dari, a u svjetonazorskom pogledu: do\u017eivljaj \u010dovjekova svijeta srodan franciskanskome, minoritskom.<\/p>\n\n\n\n<p>Knjiga je podijeljena u \u010detiri dijela: O NARACIJI I HISTORIOGRAFIJI \u2013 PRIMJER BOSNA (I HERCEGOVINA); O TURCIMA, BO\u0160NJACIMA I BOSANCIMA I O NOVIM NARA\u0160TAJIMA; O BOSANSKIM KRAJEVIMA \u2013 PUTOPISNO I SLIKOVNO i FRANJEVCI I NJIHOVA BOSNA.<\/p>\n\n\n\n<p>\u201ePrilozi su neka vrsta presjeka moga bavljenja bosanskohercegova\u010dkim, u prvome redu kulturnopovijesnim temama koje su me zaokupljale i za koje sam, uz svoj glavni posao, mogao na\u0107i vremena i energije. Borave\u0107i od 1972. godine u Saveznoj Republici Njema\u010dkoj nikada nisam prekidao veze s mati\u010dnom zemljom, a posebno s ljudima bliskim mojim interesima. Me\u0111utim, okolnosti su bile takve da sam profesionalno bio vezan za druge teme i podru\u010dja. Moje djelovanje u Bavarskom nacionalnom muzeju (Bayerisches Nationalmuseum), Institutu za etnologiju Sveu\u010dili\u0161ta u M\u00fcnchenu te pune 23 godine u Adalbert Stifter Vereinu, institutu za njema\u010dko-\u010de\u0161ke kulturne veze, zahtijevalo je druge preokupacije i druge zada\u0107e kao i publiciranje na njema\u010dkom jeziku o temama koje su daleko od ovih skupljenih u ovom zborniku. Iz biobibliografije koju je bri\u017eno sastavio bibliotekar i dugogodi\u0161nji suradnik Nacionalne i sveu\u010dili\u0161ne knji\u017enice u Zagrebu Slavko Harni mo\u017ee se vidjeti kako je tekao moj profesionalni put. Dakle, prilozi s bosanskohercegova\u010dkim sadr\u017eajima nastali u ovom vremenu isklju\u010divo su kolateralni rezultati bavljenja drugim prostorima i drugim zada\u0107ama. Stoga u ovim prilozima nema strogo ograni\u010dene jedne okvirne teme; one su donekle rastrgani izraz raznolikih interesa, \u0161to \u0107e cijenjeno \u010ditateljstvo odmah uo\u010diti i, nadam se, mo\u0107i razumjeti. (&#8230;) Najve\u0107i dio priloga je ilustriran u manjoj ili ve\u0107oj mjeri. Ilustracije ne treba shvatiti kao usputni materijal, nego kao va\u017ean sastavni dio rije\u010di, to jest teksta.\u201c (Predgovor)<\/p>\n\n\n\n<p>Izvor: <a href=\"https:\/\/www.synopsisbook.com\/knjige\/o-staroj-bosni-u-rijeci-i-slici-knjizevno-povijesni-pogledi\/\" target=\"_blank\" rel=\"noreferrer noopener\">Synopsis<\/a>.<\/p>\n\n\n\n<p>Odjeci: <a rel=\"noreferrer noopener\" href=\"https:\/\/ivanlovrenovic.com\/clanci\/bosna-argentina\/godina-joze-dzambe\" target=\"_blank\">GODINA JOZE D\u017dAMBE<\/a><\/p>\n\n\n\n<hr class=\"wp-block-separator\"\/>\n\n\n\n<p>Preneseno s portala <strong>Historiografija.ba<\/strong>:<\/p>\n\n\n\n<p><a href=\"https:\/\/historiografija.ba\/article.php?id=1329\">https:\/\/historiografija.ba\/article.php?id=1329<\/a><\/p>\n\n\n\n<hr class=\"wp-block-separator\"\/>\n\n\n\n<p><\/p>\n","protected":false},"excerpt":{"rendered":"","protected":false},"author":2,"featured_media":32266,"comment_status":"open","ping_status":"open","sticky":false,"template":"","format":"standard","meta":{"_acf_changed":false,"jetpack_post_was_ever_published":false,"_jetpack_newsletter_access":"","_jetpack_dont_email_post_to_subs":false,"_jetpack_newsletter_tier_id":0,"_jetpack_memberships_contains_paywalled_content":false,"_jetpack_memberships_contains_paid_content":false,"footnotes":"","jetpack_publicize_message":"","jetpack_publicize_feature_enabled":true,"jetpack_social_post_already_shared":true,"jetpack_social_options":{"image_generator_settings":{"template":"highway","default_image_id":0,"font":"","enabled":false},"version":2}},"categories":[8,3],"tags":[],"class_list":["post-32265","post","type-post","status-publish","format-standard","has-post-thumbnail","hentry","category-knjige","category-novosti"],"acf":{"facebook_opis":""},"jetpack_publicize_connections":[],"jetpack_featured_media_url":"https:\/\/i0.wp.com\/historiografija.hr\/wp-content\/uploads\/2022\/07\/Jozo_Dzambo.jpg?fit=450%2C600&ssl=1","jetpack_sharing_enabled":true,"jetpack-related-posts":[],"_links":{"self":[{"href":"https:\/\/historiografija.hr\/index.php?rest_route=\/wp\/v2\/posts\/32265","targetHints":{"allow":["GET"]}}],"collection":[{"href":"https:\/\/historiografija.hr\/index.php?rest_route=\/wp\/v2\/posts"}],"about":[{"href":"https:\/\/historiografija.hr\/index.php?rest_route=\/wp\/v2\/types\/post"}],"author":[{"embeddable":true,"href":"https:\/\/historiografija.hr\/index.php?rest_route=\/wp\/v2\/users\/2"}],"replies":[{"embeddable":true,"href":"https:\/\/historiografija.hr\/index.php?rest_route=%2Fwp%2Fv2%2Fcomments&post=32265"}],"version-history":[{"count":1,"href":"https:\/\/historiografija.hr\/index.php?rest_route=\/wp\/v2\/posts\/32265\/revisions"}],"predecessor-version":[{"id":32267,"href":"https:\/\/historiografija.hr\/index.php?rest_route=\/wp\/v2\/posts\/32265\/revisions\/32267"}],"wp:featuredmedia":[{"embeddable":true,"href":"https:\/\/historiografija.hr\/index.php?rest_route=\/wp\/v2\/media\/32266"}],"wp:attachment":[{"href":"https:\/\/historiografija.hr\/index.php?rest_route=%2Fwp%2Fv2%2Fmedia&parent=32265"}],"wp:term":[{"taxonomy":"category","embeddable":true,"href":"https:\/\/historiografija.hr\/index.php?rest_route=%2Fwp%2Fv2%2Fcategories&post=32265"},{"taxonomy":"post_tag","embeddable":true,"href":"https:\/\/historiografija.hr\/index.php?rest_route=%2Fwp%2Fv2%2Ftags&post=32265"}],"curies":[{"name":"wp","href":"https:\/\/api.w.org\/{rel}","templated":true}]}}