{"id":32261,"date":"2022-07-27T22:28:49","date_gmt":"2022-07-27T22:28:49","guid":{"rendered":"http:\/\/historiografija.hr\/?p=32261"},"modified":"2022-07-27T22:30:04","modified_gmt":"2022-07-27T22:30:04","slug":"izlozba-fotografija-mato-kaic-svjetlopisi-pod-bosanskim-nebom","status":"publish","type":"post","link":"https:\/\/historiografija.hr\/?p=32261","title":{"rendered":"Izlo\u017eba fotografija \u201cMato Kai\u0107 \u2013 Svjetlopisi pod bosanskim nebom\u201d"},"content":{"rendered":"\n<p>Izlo\u017eba fotografija prvoga livanjskoga fotoamatera s po\u010detka XX. stolje\u0107a Mate Kai\u0107a nastavak je uspje\u0161ne suradnje Franjeva\u010dkog muzeja i galerije Gorica \u2013 Livno s Etnografskim muzejom u Zagrebu zapo\u010dete 2015. godine. Ova je izlo\u017eba plod vrijedne ste\u010devine koja se sastoji od 327 staklenih plo\u010da (negativa, pozitiva i dijapozitiva u boji), kamere s pripadaju\u0107om fotografskom opremom i nekoliko priru\u010dnika za fotografiju na njema\u010dkome jeziku. S obzirom se Mate Kai\u0107 bavio fotografijom u vremenu kada su se svjetlopisi bilje\u017eili i \u010duvali na staklenim plo\u010dama, pravo je \u010dudo da su se ti zapisi uspjeli sa\u010duvati do danas. Izlo\u017ebom \u0107e se prikazati fotografije s etnografskim motivima, od kojih su neke snimane i na podru\u010dju Hrvatske, u Dubrovniku, Sinju i Splitu, te su od izuzetnog zna\u010daja, jer predstavljaju ba\u0161tinu koja se danas\u00a0 mo\u017ee vidjeti samo zahvaljuju\u0107i vrijednim zaljubljenicima u fotografiju i kraj u kojem su \u017eivjeli.<\/p>\n\n\n\n<p><strong>Autorice izlo\u017ebe<\/strong>: Ru\u017eica Bari\u0161i\u0107, vi\u0161a knji\u017eni\u010darka i voditeljica knji\u017enice Franjeva\u010dkog muzeja i galerije Gorica \u2013 Livno<br>\u017deljka Markov, muzejska savjetnica i kustosica umjetni\u010dke zbirke Franjeva\u010dkog muzeja i galerije Gorica \u2013 Livno<\/p>\n\n\n\n<p><strong>Kustosica izlo\u017ebe:<\/strong>&nbsp;dr. sc. Iris Bi\u0161kupi\u0107 Ba\u0161i\u0107, muzejska savjetnica Etnografskog muzeja<\/p>\n\n\n\n<p><strong>Likovni postav:<\/strong> Ru\u017eica Bari\u0161i\u0107, dr.sc. Iris Bi\u0161kupi\u0107 Ba\u0161i\u0107, Matija Dronji\u0107, \u017deljka Markov<\/p>\n\n\n\n<p><strong>Izlo\u017eba je otvorena od 14. lipnja do 4. rujna 2022. godine.<\/strong><\/p>\n\n\n\n<hr class=\"wp-block-separator\"\/>\n\n\n\n<p>Izvor i dodatne informacije:<\/p>\n\n\n\n<figure class=\"wp-block-embed-wordpress wp-block-embed is-type-wp-embed is-provider-etnografski-muzej\"><div class=\"wp-block-embed__wrapper\">\n<blockquote class=\"wp-embedded-content\" data-secret=\"x32xvavI59\"><a href=\"https:\/\/emz.hr\/izlozbe\/mato-kaic-svjetlopisi-pod-bosanskim-nebom\/\">Mato Kai\u0107 \u2013 Svjetlopisi pod bosanskim nebom<\/a><\/blockquote><iframe loading=\"lazy\" class=\"wp-embedded-content\" sandbox=\"allow-scripts\" security=\"restricted\" style=\"position: absolute; clip: rect(1px, 1px, 1px, 1px);\" title=\"&#8220;Mato Kai\u0107 \u2013 Svjetlopisi pod bosanskim nebom&#8221; &#8212; etnografski muzej\" src=\"https:\/\/emz.hr\/izlozbe\/mato-kaic-svjetlopisi-pod-bosanskim-nebom\/embed\/#?secret=OVtLCzKzZJ#?secret=x32xvavI59\" data-secret=\"x32xvavI59\" width=\"600\" height=\"338\" frameborder=\"0\" marginwidth=\"0\" marginheight=\"0\" scrolling=\"no\"><\/iframe>\n<\/div><\/figure>\n\n\n\n<hr class=\"wp-block-separator\"\/>\n","protected":false},"excerpt":{"rendered":"","protected":false},"author":2,"featured_media":32262,"comment_status":"open","ping_status":"open","sticky":false,"template":"","format":"standard","meta":{"_acf_changed":false,"jetpack_post_was_ever_published":false,"_jetpack_newsletter_access":"","_jetpack_dont_email_post_to_subs":false,"_jetpack_newsletter_tier_id":0,"_jetpack_memberships_contains_paywalled_content":false,"_jetpack_memberships_contains_paid_content":false,"footnotes":"","jetpack_publicize_message":"","jetpack_publicize_feature_enabled":true,"jetpack_social_post_already_shared":true,"jetpack_social_options":{"image_generator_settings":{"template":"highway","default_image_id":0,"font":"","enabled":false},"version":2}},"categories":[10,3],"tags":[],"class_list":["post-32261","post","type-post","status-publish","format-standard","has-post-thumbnail","hentry","category-izlozbe","category-novosti"],"acf":{"facebook_opis":""},"jetpack_publicize_connections":[],"jetpack_featured_media_url":"https:\/\/i0.wp.com\/historiografija.hr\/wp-content\/uploads\/2022\/07\/Kaic.jpg?fit=1086%2C1536&ssl=1","jetpack_sharing_enabled":true,"jetpack-related-posts":[],"_links":{"self":[{"href":"https:\/\/historiografija.hr\/index.php?rest_route=\/wp\/v2\/posts\/32261","targetHints":{"allow":["GET"]}}],"collection":[{"href":"https:\/\/historiografija.hr\/index.php?rest_route=\/wp\/v2\/posts"}],"about":[{"href":"https:\/\/historiografija.hr\/index.php?rest_route=\/wp\/v2\/types\/post"}],"author":[{"embeddable":true,"href":"https:\/\/historiografija.hr\/index.php?rest_route=\/wp\/v2\/users\/2"}],"replies":[{"embeddable":true,"href":"https:\/\/historiografija.hr\/index.php?rest_route=%2Fwp%2Fv2%2Fcomments&post=32261"}],"version-history":[{"count":2,"href":"https:\/\/historiografija.hr\/index.php?rest_route=\/wp\/v2\/posts\/32261\/revisions"}],"predecessor-version":[{"id":32264,"href":"https:\/\/historiografija.hr\/index.php?rest_route=\/wp\/v2\/posts\/32261\/revisions\/32264"}],"wp:featuredmedia":[{"embeddable":true,"href":"https:\/\/historiografija.hr\/index.php?rest_route=\/wp\/v2\/media\/32262"}],"wp:attachment":[{"href":"https:\/\/historiografija.hr\/index.php?rest_route=%2Fwp%2Fv2%2Fmedia&parent=32261"}],"wp:term":[{"taxonomy":"category","embeddable":true,"href":"https:\/\/historiografija.hr\/index.php?rest_route=%2Fwp%2Fv2%2Fcategories&post=32261"},{"taxonomy":"post_tag","embeddable":true,"href":"https:\/\/historiografija.hr\/index.php?rest_route=%2Fwp%2Fv2%2Ftags&post=32261"}],"curies":[{"name":"wp","href":"https:\/\/api.w.org\/{rel}","templated":true}]}}