{"id":32257,"date":"2022-07-27T22:20:48","date_gmt":"2022-07-27T22:20:48","guid":{"rendered":"http:\/\/historiografija.hr\/?p=32257"},"modified":"2022-07-27T22:22:57","modified_gmt":"2022-07-27T22:22:57","slug":"poziv-na-sudjelovanje-simpozij-stecci-u-21-stoljecu-nove-spoznaje-i-mogucnosti-interpretacije","status":"publish","type":"post","link":"https:\/\/historiografija.hr\/?p=32257","title":{"rendered":"Poziv na sudjelovanje: Simpozij &#8216;Ste\u0107ci u 21. stolje\u0107u &#8211; nove spoznaje i mogu\u0107nosti interpretacije&#8217;"},"content":{"rendered":"\n<p>Studij povijesti umjetnosti Filozofskog fakulteta Sveu\u010dili\u0161ta u Mostaru organizira drugi po redu me\u0111unarodni simpozij &#8216;Ste\u0107ci u 21. stolje\u0107u &#8211; nove spoznaje i mogu\u0107nosti interpretacije&#8217; koji \u0107e se odr\u017eati u petak, 21. listopada 2022., na Filozofskom fakultetu Sveu\u010dili\u0161ta u Mostaru, sukladno mogu\u0107nostima i aktualnim mjerama za \u0161irenje virusa COVID-19.<\/p>\n\n\n\n<p>Cilj simpozija je prikazati aktualna promi\u0161ljanja i nove spoznaje o ste\u0107cima od same njihove pojave pa sve do suvremenih prikaza, bilo kroz povijesne, etnolo\u0161ke ili druge srodne znanosti.<\/p>\n\n\n\n<p><br>Prijaviti se mogu svi zainteresirani znanstvenici koji se bave navedenom temom iz perspektive etnologije i etnografije, povijesti, povijesti umjetnosti, arheologije, knji\u017eevnosti, filozofije, teologije, umjetnosti i drugih disciplina.<\/p>\n\n\n\n<p><br>Slu\u017ebeni jezik konferencije je hrvatski. Predvi\u0111eno trajanje izlaganja iznosi <strong>15 minuta<\/strong>.<\/p>\n\n\n\n<p><br>Prijedloge izlaganja s imenom, prezimenom i afilijacijom izlaga\u010da (do 800 znakova s razmacima) molimo slati <strong>do 31. kolovoza 2022<\/strong>. na e-mail adresu tajnika Simpozija: <a href=\"mailto:vladimir.filipovic@ff.sum.ba\">vladimir.filipovic@ff.sum.ba<\/a>.<\/p>\n\n\n\n<p><br>O prihva\u0107anju izlaganja, sudionici \u0107e biti obavije\u0161teni do 15. rujna 2022. godine.<\/p>\n\n\n\n<p><br>Po zavr\u0161etku Simpozija, sudionici su obvezni predati svoje radove za objavu u zborniku Simpozija. Upute za oblikovanje rada sudionicima \u0107e biti poslane naknadno.<\/p>\n\n\n\n<hr class=\"wp-block-separator\"\/>\n\n\n\n<p>Izvor:<\/p>\n\n\n\n<p><a href=\"https:\/\/www.culturenet.hr\/hr\/poziv-na-sudjelovanje-simpozij-stecci-u-21-stoljecu-nove-spoznaje-i-mogucnosti-interpretacije\/183570\">https:\/\/www.culturenet.hr\/hr\/poziv-na-sudjelovanje-simpozij-stecci-u-21-stoljecu-nove-spoznaje-i-mogucnosti-interpretacije\/183570<\/a><\/p>\n\n\n\n<hr class=\"wp-block-separator\"\/>\n","protected":false},"excerpt":{"rendered":"","protected":false},"author":2,"featured_media":32260,"comment_status":"open","ping_status":"open","sticky":false,"template":"","format":"standard","meta":{"_acf_changed":false,"jetpack_post_was_ever_published":false,"_jetpack_newsletter_access":"","_jetpack_dont_email_post_to_subs":false,"_jetpack_newsletter_tier_id":0,"_jetpack_memberships_contains_paywalled_content":false,"_jetpack_memberships_contains_paid_content":false,"footnotes":"","jetpack_publicize_message":"","jetpack_publicize_feature_enabled":true,"jetpack_social_post_already_shared":true,"jetpack_social_options":{"image_generator_settings":{"template":"highway","default_image_id":0,"font":"","enabled":false},"version":2}},"categories":[3,9],"tags":[],"class_list":["post-32257","post","type-post","status-publish","format-standard","has-post-thumbnail","hentry","category-novosti","category-skupovi"],"acf":{"facebook_opis":""},"jetpack_publicize_connections":[],"jetpack_featured_media_url":"https:\/\/i0.wp.com\/historiografija.hr\/wp-content\/uploads\/2022\/07\/FF-SuMostar.jpg?fit=900%2C378&ssl=1","jetpack_sharing_enabled":true,"jetpack-related-posts":[],"_links":{"self":[{"href":"https:\/\/historiografija.hr\/index.php?rest_route=\/wp\/v2\/posts\/32257","targetHints":{"allow":["GET"]}}],"collection":[{"href":"https:\/\/historiografija.hr\/index.php?rest_route=\/wp\/v2\/posts"}],"about":[{"href":"https:\/\/historiografija.hr\/index.php?rest_route=\/wp\/v2\/types\/post"}],"author":[{"embeddable":true,"href":"https:\/\/historiografija.hr\/index.php?rest_route=\/wp\/v2\/users\/2"}],"replies":[{"embeddable":true,"href":"https:\/\/historiografija.hr\/index.php?rest_route=%2Fwp%2Fv2%2Fcomments&post=32257"}],"version-history":[{"count":1,"href":"https:\/\/historiografija.hr\/index.php?rest_route=\/wp\/v2\/posts\/32257\/revisions"}],"predecessor-version":[{"id":32259,"href":"https:\/\/historiografija.hr\/index.php?rest_route=\/wp\/v2\/posts\/32257\/revisions\/32259"}],"wp:featuredmedia":[{"embeddable":true,"href":"https:\/\/historiografija.hr\/index.php?rest_route=\/wp\/v2\/media\/32260"}],"wp:attachment":[{"href":"https:\/\/historiografija.hr\/index.php?rest_route=%2Fwp%2Fv2%2Fmedia&parent=32257"}],"wp:term":[{"taxonomy":"category","embeddable":true,"href":"https:\/\/historiografija.hr\/index.php?rest_route=%2Fwp%2Fv2%2Fcategories&post=32257"},{"taxonomy":"post_tag","embeddable":true,"href":"https:\/\/historiografija.hr\/index.php?rest_route=%2Fwp%2Fv2%2Ftags&post=32257"}],"curies":[{"name":"wp","href":"https:\/\/api.w.org\/{rel}","templated":true}]}}