{"id":32243,"date":"2022-07-26T14:36:24","date_gmt":"2022-07-26T14:36:24","guid":{"rendered":"http:\/\/historiografija.hr\/?p=32243"},"modified":"2022-07-26T14:37:01","modified_gmt":"2022-07-26T14:37:01","slug":"guy-debord-razmatranja-o-ubojstvu-gerarda-lebovicija","status":"publish","type":"post","link":"https:\/\/historiografija.hr\/?p=32243","title":{"rendered":"Guy Debord, \u201cRazmatranja o ubojstvu G\u00e9rarda Lebovicija\u201d"},"content":{"rendered":"\n<p>Guyja Deborda, osniva\u010da Situacionisti\u010dke internacionale i autora <em>Dru\u0161tva spektakla<\/em>, vi\u0161e nije potrebno predstavljati; njegova reputacija teoreti\u010dara, i to \u2013 prema Debordovom vlastitom mi\u0161ljenju \u2013 \u201ejednog od najboljih\u201c, sustavno je rasla kroz protekla desetlje\u0107a, a autorovoj posthumnoj kanonizaciji svjedo\u010di i Gallimardovo izdanje njegovih sabranih djela iz 2006. Ostaje, naravno, pitanje bi li Debord taj proces ocijenio kao dokaz da mu je povijest dala za pravo ili kao spektakularnu aproprijaciju potpomognutu interesima akademskih konformista. Kako bilo, Guy Debord neosporno pripada skupini velikih figura kriti\u010dke teorije 20. stolje\u0107a.<\/p>\n\n\n\n<p><em>Razmatranja o ubojstvu G\u00e9rarda Lebovicija<\/em> tekst je koji svakako svjedo\u010di o\u0161trini Debordove kritike razotkrivaju\u0107i mehanizme medijske manipulacije na jednom, ekstremnom primjeru: kad je G\u00e9rard Lebovici prona\u0111en mrtav 1984., francuska je \u0161tampa u danima koji su uslijedili konstruirala pri\u010du prema kojoj bi iza ubojstva, na ovaj ili onaj na\u010din, stajao upravo Debord. Premda nikakvih dokaza za to nije bilo, premda je u sklopu istrage ubojstva bilo preslu\u0161ano vi\u0161e od 200 svjedoka te stoga \u010dinjenica preslu\u0161avanja samog Deborda i nije bila pretjerano indikativna, pri\u010da je o\u017eivjela i \u2013 upravo kao \u0161to je Debord prognozirao \u2013 nije umrla do danas, unato\u010d njegovim uspjelim tu\u017ebama za klevetu, unato\u010d o\u0161troj kritici <em>Razmatranja<\/em>.<\/p>\n\n\n\n<hr class=\"wp-block-separator\"\/>\n\n\n\n<p>Izvor: <a href=\"https:\/\/www.daf.hr\/novosti\/razmatranja-o-ubojstvu-gerarda-lebovicija\">https:\/\/www.daf.hr\/novosti\/razmatranja-o-ubojstvu-gerarda-lebovicija<\/a><\/p>\n\n\n\n<hr class=\"wp-block-separator\"\/>\n","protected":false},"excerpt":{"rendered":"","protected":false},"author":2,"featured_media":32244,"comment_status":"open","ping_status":"open","sticky":false,"template":"","format":"standard","meta":{"_acf_changed":false,"jetpack_post_was_ever_published":false,"_jetpack_newsletter_access":"","_jetpack_dont_email_post_to_subs":false,"_jetpack_newsletter_tier_id":0,"_jetpack_memberships_contains_paywalled_content":false,"_jetpack_memberships_contains_paid_content":false,"footnotes":"","jetpack_publicize_message":"","jetpack_publicize_feature_enabled":true,"jetpack_social_post_already_shared":true,"jetpack_social_options":{"image_generator_settings":{"template":"highway","default_image_id":0,"font":"","enabled":false},"version":2}},"categories":[8,3],"tags":[],"class_list":["post-32243","post","type-post","status-publish","format-standard","has-post-thumbnail","hentry","category-knjige","category-novosti"],"acf":{"facebook_opis":""},"jetpack_publicize_connections":[],"jetpack_featured_media_url":"https:\/\/i0.wp.com\/historiografija.hr\/wp-content\/uploads\/2022\/07\/guy_debord.jpg?fit=460%2C790&ssl=1","jetpack_sharing_enabled":true,"jetpack-related-posts":[],"_links":{"self":[{"href":"https:\/\/historiografija.hr\/index.php?rest_route=\/wp\/v2\/posts\/32243","targetHints":{"allow":["GET"]}}],"collection":[{"href":"https:\/\/historiografija.hr\/index.php?rest_route=\/wp\/v2\/posts"}],"about":[{"href":"https:\/\/historiografija.hr\/index.php?rest_route=\/wp\/v2\/types\/post"}],"author":[{"embeddable":true,"href":"https:\/\/historiografija.hr\/index.php?rest_route=\/wp\/v2\/users\/2"}],"replies":[{"embeddable":true,"href":"https:\/\/historiografija.hr\/index.php?rest_route=%2Fwp%2Fv2%2Fcomments&post=32243"}],"version-history":[{"count":2,"href":"https:\/\/historiografija.hr\/index.php?rest_route=\/wp\/v2\/posts\/32243\/revisions"}],"predecessor-version":[{"id":32246,"href":"https:\/\/historiografija.hr\/index.php?rest_route=\/wp\/v2\/posts\/32243\/revisions\/32246"}],"wp:featuredmedia":[{"embeddable":true,"href":"https:\/\/historiografija.hr\/index.php?rest_route=\/wp\/v2\/media\/32244"}],"wp:attachment":[{"href":"https:\/\/historiografija.hr\/index.php?rest_route=%2Fwp%2Fv2%2Fmedia&parent=32243"}],"wp:term":[{"taxonomy":"category","embeddable":true,"href":"https:\/\/historiografija.hr\/index.php?rest_route=%2Fwp%2Fv2%2Fcategories&post=32243"},{"taxonomy":"post_tag","embeddable":true,"href":"https:\/\/historiografija.hr\/index.php?rest_route=%2Fwp%2Fv2%2Ftags&post=32243"}],"curies":[{"name":"wp","href":"https:\/\/api.w.org\/{rel}","templated":true}]}}