{"id":32237,"date":"2022-07-25T19:23:26","date_gmt":"2022-07-25T19:23:26","guid":{"rendered":"http:\/\/historiografija.hr\/?p=32237"},"modified":"2022-07-25T19:23:26","modified_gmt":"2022-07-25T19:23:26","slug":"marta-barone-potopljeni-grad","status":"publish","type":"post","link":"https:\/\/historiografija.hr\/?p=32237","title":{"rendered":"Marta Barone, \u201cPotopljeni grad\u201d"},"content":{"rendered":"\n<p>Prijevod s talijanskog: Antonija Radi\u0107<\/p>\n\n\n\n<hr class=\"wp-block-separator\"\/>\n\n\n\n<p>Nakon smrti oca s kojim je imala blago re\u010deno kompleksan odnos, pripovjeda\u010dica otkriva da je u mladosti bio \u010dlan ljevi\u010darske teroristi\u010dke politi\u010dke skupine tijekom anni di piombo, \u201colovnih godina\u201d, perioda u talijanskoj suvremenoj povijesti izme\u0111u 1968. i 1988. godine. U ostav\u0161tini pronalazi dokumente sa su\u0111enja, i poduzima sve ne bi li rekonstruirala cjelovit o\u010dev portret. Tko je bio taj neznanac, vje\u010dito na strani pora\u017eenih, lije\u010dnik koji je uvijek poku\u0161avao nekoga spasiti, koji je slu\u017eio zatvorsku kaznu zbog pomaganja oru\u017eanoj skupini? I za\u0161to o tom vremenu nikada nije htio govoriti? Torino 70-ih godina pro\u0161log stolje\u0107a je kulisa svakida\u0161nje politi\u010dke borbe, masovnih \u0161trajkova, atentata, policijske brutalnosti, sukoba ekstremne ljevice i desnice i nasilja koje je trebalo osigurati ro\u0111enje boljeg sutra, no od o\u010dekivane revolucije u kona\u010dnici nije bilo ni\u0161ta. K\u0107i malo pomalo otkriva sliku slo\u017eenog i kontradiktornog oca koji je \u017eivio u slo\u017eenom i kontradiktornom vremenu u ovom romanu-biografiji o jednom \u010dovjeku i njegovim idealima.<\/p>\n\n\n\n<hr class=\"wp-block-separator\"\/>\n\n\n\n<p><br>Marta Barone (Torino, 1987.) talijanska je spisateljica. Studirala je komparativnu knji\u017eevnost, radi kao urednica i prevoditeljica. Objavila je tri knjige za djecu, a 2020. je debitirala romanom Potopoljeni grad u kojem je glavni lik njezin otac Leonardo, pripadnik ekstremne ljevice tijekom talijanskih \u201colovnih godina\u201d. Roman je bio u finalu presti\u017ene nagrade Strega, a osvojio je nacionalne knji\u017eevne nagrade Fiesole narrativa Under 40 i Elio Vittorini. Marta Barone \u017eivi i radi u Torinu.<\/p>\n\n\n\n<hr class=\"wp-block-separator\"\/>\n\n\n\n<p>Izvor:<\/p>\n\n\n\n<p><a href=\"https:\/\/www.sandorf.hr\/blogitem.php?item_id=423&amp;tag=Potopljeni%20grad&amp;type=4\">https:\/\/www.sandorf.hr\/blogitem.php?item_id=423&amp;tag=Potopljeni%20grad&amp;type=4<\/a><\/p>\n\n\n\n<hr class=\"wp-block-separator\"\/>\n","protected":false},"excerpt":{"rendered":"","protected":false},"author":2,"featured_media":32238,"comment_status":"open","ping_status":"open","sticky":false,"template":"","format":"standard","meta":{"_acf_changed":false,"jetpack_post_was_ever_published":false,"_jetpack_newsletter_access":"","_jetpack_dont_email_post_to_subs":false,"_jetpack_newsletter_tier_id":0,"_jetpack_memberships_contains_paywalled_content":false,"_jetpack_memberships_contains_paid_content":false,"footnotes":"","jetpack_publicize_message":"","jetpack_publicize_feature_enabled":true,"jetpack_social_post_already_shared":true,"jetpack_social_options":{"image_generator_settings":{"template":"highway","default_image_id":0,"font":"","enabled":false},"version":2}},"categories":[3,12],"tags":[],"class_list":["post-32237","post","type-post","status-publish","format-standard","has-post-thumbnail","hentry","category-novosti","category-knjizevnost"],"acf":{"facebook_opis":""},"jetpack_publicize_connections":[],"jetpack_featured_media_url":"https:\/\/i0.wp.com\/historiografija.hr\/wp-content\/uploads\/2022\/07\/Potopljeni_grad.jpg?fit=400%2C600&ssl=1","jetpack_sharing_enabled":true,"jetpack-related-posts":[],"_links":{"self":[{"href":"https:\/\/historiografija.hr\/index.php?rest_route=\/wp\/v2\/posts\/32237","targetHints":{"allow":["GET"]}}],"collection":[{"href":"https:\/\/historiografija.hr\/index.php?rest_route=\/wp\/v2\/posts"}],"about":[{"href":"https:\/\/historiografija.hr\/index.php?rest_route=\/wp\/v2\/types\/post"}],"author":[{"embeddable":true,"href":"https:\/\/historiografija.hr\/index.php?rest_route=\/wp\/v2\/users\/2"}],"replies":[{"embeddable":true,"href":"https:\/\/historiografija.hr\/index.php?rest_route=%2Fwp%2Fv2%2Fcomments&post=32237"}],"version-history":[{"count":1,"href":"https:\/\/historiografija.hr\/index.php?rest_route=\/wp\/v2\/posts\/32237\/revisions"}],"predecessor-version":[{"id":32239,"href":"https:\/\/historiografija.hr\/index.php?rest_route=\/wp\/v2\/posts\/32237\/revisions\/32239"}],"wp:featuredmedia":[{"embeddable":true,"href":"https:\/\/historiografija.hr\/index.php?rest_route=\/wp\/v2\/media\/32238"}],"wp:attachment":[{"href":"https:\/\/historiografija.hr\/index.php?rest_route=%2Fwp%2Fv2%2Fmedia&parent=32237"}],"wp:term":[{"taxonomy":"category","embeddable":true,"href":"https:\/\/historiografija.hr\/index.php?rest_route=%2Fwp%2Fv2%2Fcategories&post=32237"},{"taxonomy":"post_tag","embeddable":true,"href":"https:\/\/historiografija.hr\/index.php?rest_route=%2Fwp%2Fv2%2Ftags&post=32237"}],"curies":[{"name":"wp","href":"https:\/\/api.w.org\/{rel}","templated":true}]}}