{"id":32234,"date":"2022-07-25T19:16:43","date_gmt":"2022-07-25T19:16:43","guid":{"rendered":"http:\/\/historiografija.hr\/?p=32234"},"modified":"2022-07-25T19:16:43","modified_gmt":"2022-07-25T19:16:43","slug":"izlozba-in-memoriam-osobna-svjedocanstva-roma-i-ne-roma","status":"publish","type":"post","link":"https:\/\/historiografija.hr\/?p=32234","title":{"rendered":"Izlo\u017eba &#8220;In Memoriam&#8230; Osobna svjedo\u010danstva Roma i ne-Roma&#8221;"},"content":{"rendered":"\n<p>Otvorenje izlo\u017ebe &#8216;In Memoriam&#8230; Osobna svjedo\u010danstva Roma i ne-Roma&#8217; odr\u017eat \u0107e se u \u010detvrtak, 28. srpnja, s po\u010detkom u 12 sati, u galeriji Romskog edukacijsko-kulturnog centra u Zagrebu.<\/p>\n\n\n\n<p>&#8216;Ideja izlo\u017ebenog projekta \u201eIN MEMORIAM\u2026 Osobna svjedo\u010danstva Roma i ne-Roma\u201c je progovoriti o genocidu nad Romima upravo kroz prezentaciju pre\u0161u\u0107enih osobnih pri\u010da i svjedo\u010danstva. Nit vodilja je prenijeti iskustva \u201enevidljivih ljudi\u201c, individualizirati statisti\u010dke podatke, cjelovita svjedo\u010danstava i izjava svjedoka preto\u010diti u osobne pri\u010de. Tematski, sama izlo\u017eba je bazirana na sudbinama Roma deportiranih u logor Jasenovac, uz individualne pri\u010de o Romima iz Me\u0111imurja te Romima deportiranim u nacisti\u010dke logore u Njema\u010dkoj.&#8217;<\/p>\n\n\n\n<hr class=\"wp-block-separator\"\/>\n\n\n\n<p>Izvor:<\/p>\n\n\n\n<p><a href=\"https:\/\/www.culturenet.hr\/hr\/izlozba-in-memoriam-osobna-svjedocanstva-roma-i-ne-roma\/183466\">https:\/\/www.culturenet.hr\/hr\/izlozba-in-memoriam-osobna-svjedocanstva-roma-i-ne-roma\/183466<\/a><\/p>\n\n\n\n<hr class=\"wp-block-separator\"\/>\n\n\n\n<p>Iz medija:<\/p>\n\n\n\n<p><a href=\"https:\/\/www.jutarnji.hr\/kultura\/art\/godine-1933-na-podrucju-hrvatske-zivjelo-je-17-000-roma-na-prvom-poslijeratnom-popisu-stanovnistva-bilo-ih-je-405-15226810\">https:\/\/www.jutarnji.hr\/kultura\/art\/godine-1933-na-podrucju-hrvatske-zivjelo-je-17-000-roma-na-prvom-poslijeratnom-popisu-stanovnistva-bilo-ih-je-405-15226810<\/a><\/p>\n\n\n\n<hr class=\"wp-block-separator\"\/>\n","protected":false},"excerpt":{"rendered":"","protected":false},"author":2,"featured_media":32235,"comment_status":"open","ping_status":"open","sticky":false,"template":"","format":"standard","meta":{"_acf_changed":false,"jetpack_post_was_ever_published":false,"_jetpack_newsletter_access":"","_jetpack_dont_email_post_to_subs":false,"_jetpack_newsletter_tier_id":0,"_jetpack_memberships_contains_paywalled_content":false,"_jetpack_memberships_contains_paid_content":false,"footnotes":"","jetpack_publicize_message":"","jetpack_publicize_feature_enabled":true,"jetpack_social_post_already_shared":true,"jetpack_social_options":{"image_generator_settings":{"template":"highway","default_image_id":0,"font":"","enabled":false},"version":2}},"categories":[10,3],"tags":[],"class_list":["post-32234","post","type-post","status-publish","format-standard","has-post-thumbnail","hentry","category-izlozbe","category-novosti"],"acf":{"facebook_opis":""},"jetpack_publicize_connections":[],"jetpack_featured_media_url":"https:\/\/i0.wp.com\/historiografija.hr\/wp-content\/uploads\/2022\/07\/svjedocanstva-roma.jpg?fit=1024%2C768&ssl=1","jetpack_sharing_enabled":true,"jetpack-related-posts":[],"_links":{"self":[{"href":"https:\/\/historiografija.hr\/index.php?rest_route=\/wp\/v2\/posts\/32234","targetHints":{"allow":["GET"]}}],"collection":[{"href":"https:\/\/historiografija.hr\/index.php?rest_route=\/wp\/v2\/posts"}],"about":[{"href":"https:\/\/historiografija.hr\/index.php?rest_route=\/wp\/v2\/types\/post"}],"author":[{"embeddable":true,"href":"https:\/\/historiografija.hr\/index.php?rest_route=\/wp\/v2\/users\/2"}],"replies":[{"embeddable":true,"href":"https:\/\/historiografija.hr\/index.php?rest_route=%2Fwp%2Fv2%2Fcomments&post=32234"}],"version-history":[{"count":1,"href":"https:\/\/historiografija.hr\/index.php?rest_route=\/wp\/v2\/posts\/32234\/revisions"}],"predecessor-version":[{"id":32236,"href":"https:\/\/historiografija.hr\/index.php?rest_route=\/wp\/v2\/posts\/32234\/revisions\/32236"}],"wp:featuredmedia":[{"embeddable":true,"href":"https:\/\/historiografija.hr\/index.php?rest_route=\/wp\/v2\/media\/32235"}],"wp:attachment":[{"href":"https:\/\/historiografija.hr\/index.php?rest_route=%2Fwp%2Fv2%2Fmedia&parent=32234"}],"wp:term":[{"taxonomy":"category","embeddable":true,"href":"https:\/\/historiografija.hr\/index.php?rest_route=%2Fwp%2Fv2%2Fcategories&post=32234"},{"taxonomy":"post_tag","embeddable":true,"href":"https:\/\/historiografija.hr\/index.php?rest_route=%2Fwp%2Fv2%2Ftags&post=32234"}],"curies":[{"name":"wp","href":"https:\/\/api.w.org\/{rel}","templated":true}]}}