{"id":32220,"date":"2022-07-22T14:52:58","date_gmt":"2022-07-22T14:52:58","guid":{"rendered":"http:\/\/historiografija.hr\/?p=32220"},"modified":"2022-07-22T14:55:16","modified_gmt":"2022-07-22T14:55:16","slug":"izlozba-borisa-ljubicica-slike-vremena-dizajn-i-politika","status":"publish","type":"post","link":"https:\/\/historiografija.hr\/?p=32220","title":{"rendered":"Izlo\u017eba Borisa Ljubi\u010di\u0107a \u201cSlike vremena \u2013 dizajn i politika\u201d"},"content":{"rendered":"\n<p>U petak 22. srpnja u 18 sati pozivamo vas na vodstvo i dru\u017eenje s BORISOM LJUBI\u010cI\u0106EM, u zadnjem poslijepodnevu njegove izlo\u017ebe SLIKE VREMENA \u2013 DIZAJN I POLITIKA. Ovaj istaknuti hrvatski dizajner vizualnih komunikacija, ovogodi\u0161nji dobitnik nagrade HDD-a za \u017eivotno djelo, provest \u0107e vas kroz radove predstavljene na izlo\u017ebi i otkriti vam manje poznate pri\u010de o njima. Izlo\u017eba obuhva\u0107a dizajnerske radove nastale od 1970-ih do 2000-ih godina koje povezuje tema politike, u rasponu od plakata, preko vizualnih identiteta, kampanja i objekata u javnom prostoru, do samoiniciranih projekata i novinskih tekstova, a petak je ujedno i zadnji dan njenog trajanja!<\/p>\n\n\n\n<hr class=\"wp-block-separator\"\/>\n\n\n\n<p><strong>Vi\u0161e o\u00a0izlo\u017ebi (iz teksta Marka Goluba)<\/strong><\/p>\n\n\n\n<p><strong><br><\/strong>Izlo\u017eba\u00a0<strong><em>Slike vremena \u2013 Dizajn i politika<\/em>\u00a0<\/strong>nastavak je postupnog procesa obrade golemog i zna\u010dajnog opusa dizajnera Borisa Ljubi\u010di\u0107a od ranih 1970-ih do danas, putem serije izlo\u017ebi i publikacija koje su dosad tematizirale vizualne identitete (izlo\u017eba\u00a0<em>Simbol, znak, logo, brend<\/em>, 2018; i knjiga\u00a0<em>Logo protiv kaosa \u2013 Identitetski dizajn Borisa Ljubi\u010di\u0107a<\/em>, 2019.), dizajnerski projekt VIII. Mediteranskih igara (<em>Dizajn projekt: VIII Mediteranske igre<\/em>, Split 1979., 2013.) i cjeloviti vizualni identitet dr\u017eave (izlo\u017eba\u00a0<em>New Look Croatia<\/em>, 2013.). Ova, \u010detvrta izlo\u017eba po redu dolazi upravo u godini kada \u0107e Ljubi\u010di\u0107 primiti Nagradu Hrvatskog dizajnerskog dru\u0161tva za \u017eivotno djelo, a donosi kriti\u010dku refleksiju na radove koji su od ranih godina Ljubi\u010di\u0107eve karijere vi\u0161e ili manje eksplicitno doticali politi\u010dka i dru\u0161tvena pitanja, koja su jedna od sredi\u0161njih u njegovom dizajnerskom radu.<\/p>\n\n\n\n<p>Izlo\u017eba okuplja plakate, vizualne identitete, polemi\u010dke tekstove, dokumentaciju o razli\u010ditim kampanjama i intervencijama u javnom i medijskom prostoru, predmete poput majica i \u0161alica s otisnutim provokativnim sloganima, nastale od prve polovice 1970-ih do 2000-ih godina za razli\u010dite prilike i kontekste, a mogu\u0107e ih je grupirati u pet cjelina. Prvu \u010dine plakati i vizualni identiteti za velike politi\u010dke manifestacije, primjerice 10. i 11. Kongres Saveza komunista Hrvatske, kao i natje\u010dajni rad za&nbsp;dizajn 9. kongresa SKH, nastali u rasponu od 1980. do 1989. godina, u kojima Ljubi\u010di\u0107 tematizira odnos prema politi\u010dkim simbolima socijalizma s idejom da ih propita, sagleda iz novog rakursa i stavi u neo\u010dekivane odnose. U drugoj pratimo predizborne plakate nastale tijekom 1990-ih godina za razli\u010dite hrvatske politi\u010dke stranke (Koalicija, HNS i drugi) koje karakterizira sna\u017ean konfrontacijski naboj u eri na\u010delnog vi\u0161estrana\u010dja.<\/p>\n\n\n\n<p>Tre\u0107a cjelina donosi neke od najpoznatijih i najnagra\u0111ivanijih Ljubi\u010di\u0107evih radova, antiratne plakate iz ranih 1990-ih, kao \u0161to su&nbsp;<em>Krvatska<\/em>,&nbsp;<em>Read Between the Lines<\/em>, logo&nbsp;<em>Vukovar<\/em>,&nbsp;<em>Dubrovnik \u2013 To be or not to be<\/em>, ali i nekoliko manje poznatih s istom temom.<\/p>\n\n\n\n<p>\u010cetvrta cjelina ukazuje nam na kontinuitet Ljubi\u010di\u0107evog zagovaranja redizajna vizualnog identiteta dr\u017eave, odnosno na \u010dinjenicu da njegovi po\u010deci se\u017eu u razdoblje prije 1990. godine i jugoslavenski period njegove dizajnerske karijere \u2013 hrvatskom vizualnom kodu prethodio je&nbsp;<em>redizajn zvijezde<\/em>, kako glasi naslov jednog od njegovih tekstova na stranicama onodobne stru\u010dne periodike, a na sli\u010dnim polazi\u0161tima nastaje i niz radova na temu identiteta Europe i Europske Unije koji su kulminirali njegovim idejnim projektom&nbsp;<em>Europa 2020<\/em>.<\/p>\n\n\n\n<p>Posljednja cjelina donosi niz radova u kojima Ljubi\u010di\u0107 reagira na aktualna dru\u0161tvenopoliti\u010dka zbivanja, ili daje nova \u010ditanja va\u017enim zbivanjima iz na\u0161e pro\u0161losti, poput plakata&nbsp;<em>1941 \u2013 1981<\/em>. kojim ustanak i socijalisti\u010dku revoluciju u Hrvatskoj dovodi u zajedni\u010dki kontekst s onovremenom pojavom punka, plakata&nbsp;<em>Vr\u010d ide na vodu dok se ne razbije<\/em>&nbsp;(objavljenog kao plakat Me\u0111unarodnog dana muzeja 1990, ali nastalog godinu dana ranije) kojim komentira preslagivanje svijeta nakon pada Berlinskog zida i nagovje\u0161taja zavr\u0161etka hladnoga rata, kao i brojnih samoiniciranih radova i kampanja kojima brzo reagira na dinami\u010dnu politi\u010dku atmosferu u Hrvatskoj od kasnih 1990-ih naovamo.<\/p>\n\n\n\n<p>Svim ovim temama Ljubi\u010di\u0107 prilazi na anga\u017eiran, intelektualan i duhovit na\u010din, ugra\u0111uju\u0107i u njih uvijek i dah svog vlastitog \u201epoliti\u010dkog\u201c projekta, nadahnut nekim sna\u017enim utopisti\u010dkim uvjerenjem da dizajn mo\u017ee biti instrument integralne dru\u0161tvene transformacije. To le\u017ei u sr\u017ei \u010dak i Ljubi\u010di\u0107evih identitetskih projekata, koji sami po sebi ne bi bili politi\u010dki da nema njegovog ustrajanja kako je dobra, logi\u010dna, moderna i jezgrovita vizualna komunikacija pretpostavka svake rasprave o jednako tako ure\u0111enom dru\u0161tvu. Svaki Ljubi\u010di\u0107ev dizajn se stoga mo\u017ee \u010ditati kao iskaz o mogu\u0107oj transformaciji, o onome \u0161to bi moglo biti, o kontradikcijama komunikacije u na\u0161em dobu slika, ali i o \u201eodgovornosti dizajnera prema dru\u0161tvu i vremenu\u201c, kako glasi jedan od Ljubi\u010di\u0107evih slogana otisnut uz njegov autoportret.<\/p>\n\n\n\n<hr class=\"wp-block-separator\"\/>\n\n\n\n<p><strong>O Borisu Ljubi\u010di\u0107u<\/strong><\/p>\n\n\n\n<p><strong><br><\/strong>Boris Ljubi\u010di\u0107 (Sinj, 1945.) dizajner je vizualnih komunikacija i grafi\u010dki dizajner. Diplomirao je slikarstvo na Akademiji likovnih umjetnosti u Zagrebu 1968. Od kraja 60-ih do danas realizirao je radove u gotovo svim podru\u010djima dizajna vizualnih komunikacija, od vizualnih identiteta i logotipa, preko plakata, knjiga, omotnica nosa\u010da zvuka, ambala\u017ee, ekonomske propagande, televizijskog dizajna, tipografije, signalistike i prostornih intervencija, pa do osobnih samoiniciranih projekata. Iako se kao i mnogi njegovi suvremenici autorski formira rade\u0107i za kulturnu i umjetni\u010dku scenu, ve\u0107 od ranih 70-ih znatno \u0161iri podru\u010dje djelovanja te od tada do danas dizajnira, s podjednakim uspjehom, za privredu, sport, medije, turizam, politi\u010dke stranke itd. Izme\u0111u 1976. i 1979. za potrebe dizajna VIII. Mediteranskih igara u Splitu okuplja pod svojim vodstvom tim dizajnera, fotografa i drugih suradnika koji \u0107e narednih godina djelovati pod nazivom Tim vizualne komunikacije CIO.<\/p>\n\n\n\n<p>Godine 1987. osniva vlastiti STUDIO INTERNATIONAL u kojem primarno sura\u0111uje sa suprugom Rajnom Buzi\u0107, Stuartom Hodgesom (do 1992.) i sinom Igorom Ljubi\u010di\u0107em. Me\u0111u najva\u017enijim projektima su mu logotipi i vizualni identiteti VIII Mediteranskih igara u Splitu 1979. (1976.), brenda YASSA (1974. \/ 1984.), tvornice Labud (1980.), HINA-e (1990.), Leksikografskog zavoda Miroslav Krle\u017ea (LZ 1992.), Zagreba\u010dkog velesajma (1993.), Hrvatske radiotelevizije (1993. \u2013 1999.), tvrtke SMS (1993. \u2013 2002.), Muzeja za umjetnost i obrt (1995.), Hrvatskog muzeja naivne umjetnosti (1998.), Muzejskog dokumentacijskog centra (1988.; 2006.), Ministarstva kulture RH (2005.), Minstarstva vanjskih i europskih poslova (1998.), Matice Hrvatske (2007.), Instituta Ru\u0111er Bo\u0161kovi\u0107 (irb 2009.), CROSKI (2003.), Hrvatskog autokluba (1995. \u2013 1998.) i niza drugih. Osim identiteta, sredi\u0161nje mjesto u njegovom opusu zauzimaju i plakati, u kojima se nerijetko o\u010dituje Ljubi\u010di\u0107ev senzibilitet za propitivanje medija, smisao za humor i provokaciju. Od po\u010detka 90-ih aktivno zagovara ideju cjelovitog vizualnog identiteta Hrvatske kao nosioca prepoznatljivosti njenih institucija, privrede i drugih pojavnosti. Sklon polemici i okretan u javnim i medijskim nastupima, Ljubi\u010di\u0107 koristi svaku priliku da progovori o va\u017enosti i ulozi dizajna te objavljuje tekstove u novinama i \u010dasopisima kao \u0161to su&nbsp;<em>Vjesnik<\/em>,<em>&nbsp;Danas<\/em>,&nbsp;<em>\u010covjek i prostor<\/em>,&nbsp;<em>\u017divot umjetnosti, Nedjeljna Dalmacija<\/em>&nbsp;itd.<\/p>\n\n\n\n<p>\u010clan je ULUPUH-a i Hrvatskog dizajnerskog dru\u0161tva \u010diji je bio potpredsjednik (1997. \u2013 2001.) i predsjednik (2003. \u2013 2005.). Inicijator je niza va\u017enih strukovnih projekata i izlo\u017ebi, uklju\u010duju\u0107i\u00a0<em>Izlo\u017ebu hrvatskog dizajna<\/em>\u00a0(od 1999.), Hrvatski dizajn centar (2005.) i\u00a0<em>Europa 2020<\/em>\u00a0(2003. \u2013 2005.). Njegov dizajn je prepoznat na globalnoj dizajnerskoj sceni te je jedan od najobjavljivanijih dizajnera u strukovnim knjigama, osvrtima i publikacijama. \u010clan je vi\u0161e me\u0111unarodnih dizajnerskih \u017eirija te dobitnik je \u010ditavog niza najuglednih me\u0111unarodnih i hrvatskih nagrada i priznanja. \u017divi i radi u Zagrebu.<\/p>\n\n\n\n<hr class=\"wp-block-separator\"\/>\n\n\n\n<p><strong>BORIS LJUBI\u010cI\u0106: SLIKE VREMENA \u2013 DIZAJN I POLITIKA<br>HDD galerija 28.6. \u2013 22.7.2022.<\/strong><\/p>\n\n\n\n<p><strong>Kustos izlo\u017ebe i autor tekstova:<\/strong>&nbsp;Marko Golub<br><strong>Autori postava:<\/strong>&nbsp;Marko Golub i Boris Ljubi\u010di\u0107<br><strong>Grafi\u010dki dizajn:<\/strong>&nbsp;Boris Ljubi\u010di\u0107<br><strong>Produkcija i organizacija izlo\u017ebe:<\/strong>&nbsp;Marko Golub \/ Hrvatsko dizajnersko dru\u0161tvo<br><strong>Zahvale:&nbsp;<\/strong>Muzej suvremene umjetnosti u Zagrebu i Hrvatski povijesni muzej na posudbi dijela izlo\u017eaka<\/p>\n\n\n\n<p><strong>Sponzori tiska:<\/strong>&nbsp;Arskopija, Cerovski Print Boutique<br>Izlo\u017eba je financirana sredstvima&nbsp;<strong>Ministarstva kulture i medija RH<\/strong>&nbsp;i&nbsp;<strong>Gradskog ureda za kulturu, me\u0111ugradsku i me\u0111unarodnu suradnju i civilno dru\u0161tvo Grada Zagreba<\/strong>. Izlo\u017ebeni i diskurzivni program HDD galerije sufinanciran je sredstvima&nbsp;<strong>Zaklade Kultura nova<\/strong><\/p>\n\n\n\n<p>HDD galerija \/ Hrvatsko dizajnersko dru\u0161tvo<br>Bo\u0161kovi\u0107eva 18, Zagreb<br>Radno vrijeme:\u00a0pon-pet 12 \u2013 19h<br>www.dizajn.hr<\/p>\n\n\n\n<hr class=\"wp-block-separator\"\/>\n\n\n\n<p>Izvori i dodatne informacije:<\/p>\n\n\n\n<figure class=\"wp-block-embed-wordpress wp-block-embed is-type-wp-embed is-provider-hrvatsko-dizajnersko-drustvo-croatian-designers-association\"><div class=\"wp-block-embed__wrapper\">\n<blockquote class=\"wp-embedded-content\" data-secret=\"HvsGUOD0Uy\"><a href=\"http:\/\/dizajn.hr\/blog\/boris-ljubicic-vodstvo\/\">Vodstvo i dru\u017eenje s BORISOM LJUBI\u010cI\u0106EM na posljednji dan izlo\u017ebe SLIKE VREMENA &#8211; DIZAJN I POLITIKA<\/a><\/blockquote><iframe loading=\"lazy\" class=\"wp-embedded-content\" sandbox=\"allow-scripts\" security=\"restricted\" style=\"position: absolute; clip: rect(1px, 1px, 1px, 1px);\" title=\"&#8220;Vodstvo i dru\u017eenje s BORISOM LJUBI\u010cI\u0106EM na posljednji dan izlo\u017ebe SLIKE VREMENA &#8211; DIZAJN I POLITIKA&#8221; &#8212; Hrvatsko dizajnersko dru\u0161tvo \/ Croatian Designers Association\" src=\"http:\/\/dizajn.hr\/blog\/boris-ljubicic-vodstvo\/embed\/#?secret=HvsGUOD0Uy\" data-secret=\"HvsGUOD0Uy\" width=\"600\" height=\"338\" frameborder=\"0\" marginwidth=\"0\" marginheight=\"0\" scrolling=\"no\"><\/iframe>\n<\/div><\/figure>\n\n\n\n<figure class=\"wp-block-embed-wordpress wp-block-embed is-type-wp-embed is-provider-hrvatsko-dizajnersko-drustvo-croatian-designers-association\"><div class=\"wp-block-embed__wrapper\">\n<blockquote class=\"wp-embedded-content\" data-secret=\"fXon9zPwVp\"><a href=\"http:\/\/dizajn.hr\/blog\/boris-ljubicic-politicki-dizajn-tekst-marko-golub\/\">REDIZAJN RAZBIJENOG SVIJETA &#8211; Politi\u010dki dizajn Borisa Ljubi\u010di\u0107a<\/a><\/blockquote><iframe loading=\"lazy\" class=\"wp-embedded-content\" sandbox=\"allow-scripts\" security=\"restricted\" style=\"position: absolute; clip: rect(1px, 1px, 1px, 1px);\" title=\"&#8220;REDIZAJN RAZBIJENOG SVIJETA &#8211; Politi\u010dki dizajn Borisa Ljubi\u010di\u0107a&#8221; &#8212; Hrvatsko dizajnersko dru\u0161tvo \/ Croatian Designers Association\" src=\"http:\/\/dizajn.hr\/blog\/boris-ljubicic-politicki-dizajn-tekst-marko-golub\/embed\/#?secret=fXon9zPwVp\" data-secret=\"fXon9zPwVp\" width=\"600\" height=\"338\" frameborder=\"0\" marginwidth=\"0\" marginheight=\"0\" scrolling=\"no\"><\/iframe>\n<\/div><\/figure>\n\n\n\n<figure class=\"wp-block-embed-wordpress wp-block-embed is-type-wp-embed is-provider-hrvatsko-dizajnersko-drustvo-croatian-designers-association\"><div class=\"wp-block-embed__wrapper\">\n<blockquote class=\"wp-embedded-content\" data-secret=\"SJM0gIo4aK\"><a href=\"http:\/\/dizajn.hr\/blog\/drazgovor-boris-ljubicic-politicki-dizajn\/\">[d]razgovor: BORIS LJUBI\u010cI\u0106 &#8211; Politi\u010dki dizajn<\/a><\/blockquote><iframe loading=\"lazy\" class=\"wp-embedded-content\" sandbox=\"allow-scripts\" security=\"restricted\" style=\"position: absolute; clip: rect(1px, 1px, 1px, 1px);\" title=\"&#8220;[d]razgovor: BORIS LJUBI\u010cI\u0106 &#8211; Politi\u010dki dizajn&#8221; &#8212; Hrvatsko dizajnersko dru\u0161tvo \/ Croatian Designers Association\" src=\"http:\/\/dizajn.hr\/blog\/drazgovor-boris-ljubicic-politicki-dizajn\/embed\/#?secret=SJM0gIo4aK\" data-secret=\"SJM0gIo4aK\" width=\"600\" height=\"338\" frameborder=\"0\" marginwidth=\"0\" marginheight=\"0\" scrolling=\"no\"><\/iframe>\n<\/div><\/figure>\n\n\n\n<figure class=\"wp-block-embed-wordpress wp-block-embed is-type-wp-embed is-provider-hrvatsko-dizajnersko-drustvo-croatian-designers-association\"><div class=\"wp-block-embed__wrapper\">\n<blockquote class=\"wp-embedded-content\" data-secret=\"sS7YNFKBgO\"><a href=\"http:\/\/dizajn.hr\/blog\/boris-ljubicic-slike-vremena-dizajn-politika\/\">BORIS LJUBI\u010cI\u0106: SLIKE VREMENA \u2013 DIZAJN I POLITIKA (28.6. \u2013 21.7.2022.)<\/a><\/blockquote><iframe loading=\"lazy\" class=\"wp-embedded-content\" sandbox=\"allow-scripts\" security=\"restricted\" style=\"position: absolute; clip: rect(1px, 1px, 1px, 1px);\" title=\"&#8220;BORIS LJUBI\u010cI\u0106: SLIKE VREMENA \u2013 DIZAJN I POLITIKA (28.6. \u2013 21.7.2022.)&#8221; &#8212; Hrvatsko dizajnersko dru\u0161tvo \/ Croatian Designers Association\" src=\"http:\/\/dizajn.hr\/blog\/boris-ljubicic-slike-vremena-dizajn-politika\/embed\/#?secret=sS7YNFKBgO\" data-secret=\"sS7YNFKBgO\" width=\"600\" height=\"338\" frameborder=\"0\" marginwidth=\"0\" marginheight=\"0\" scrolling=\"no\"><\/iframe>\n<\/div><\/figure>\n\n\n\n<hr class=\"wp-block-separator\"\/>\n","protected":false},"excerpt":{"rendered":"","protected":false},"author":2,"featured_media":32223,"comment_status":"open","ping_status":"open","sticky":false,"template":"","format":"standard","meta":{"_acf_changed":false,"jetpack_post_was_ever_published":false,"_jetpack_newsletter_access":"","_jetpack_dont_email_post_to_subs":false,"_jetpack_newsletter_tier_id":0,"_jetpack_memberships_contains_paywalled_content":false,"_jetpack_memberships_contains_paid_content":false,"footnotes":"","jetpack_publicize_message":"","jetpack_publicize_feature_enabled":true,"jetpack_social_post_already_shared":true,"jetpack_social_options":{"image_generator_settings":{"template":"highway","default_image_id":0,"font":"","enabled":false},"version":2}},"categories":[10,3],"tags":[],"class_list":["post-32220","post","type-post","status-publish","format-standard","has-post-thumbnail","hentry","category-izlozbe","category-novosti"],"acf":{"facebook_opis":""},"jetpack_publicize_connections":[],"jetpack_featured_media_url":"https:\/\/i0.wp.com\/historiografija.hr\/wp-content\/uploads\/2022\/07\/11-kongres-SKH.jpg?fit=900%2C353&ssl=1","jetpack_sharing_enabled":true,"jetpack-related-posts":[],"_links":{"self":[{"href":"https:\/\/historiografija.hr\/index.php?rest_route=\/wp\/v2\/posts\/32220","targetHints":{"allow":["GET"]}}],"collection":[{"href":"https:\/\/historiografija.hr\/index.php?rest_route=\/wp\/v2\/posts"}],"about":[{"href":"https:\/\/historiografija.hr\/index.php?rest_route=\/wp\/v2\/types\/post"}],"author":[{"embeddable":true,"href":"https:\/\/historiografija.hr\/index.php?rest_route=\/wp\/v2\/users\/2"}],"replies":[{"embeddable":true,"href":"https:\/\/historiografija.hr\/index.php?rest_route=%2Fwp%2Fv2%2Fcomments&post=32220"}],"version-history":[{"count":2,"href":"https:\/\/historiografija.hr\/index.php?rest_route=\/wp\/v2\/posts\/32220\/revisions"}],"predecessor-version":[{"id":32224,"href":"https:\/\/historiografija.hr\/index.php?rest_route=\/wp\/v2\/posts\/32220\/revisions\/32224"}],"wp:featuredmedia":[{"embeddable":true,"href":"https:\/\/historiografija.hr\/index.php?rest_route=\/wp\/v2\/media\/32223"}],"wp:attachment":[{"href":"https:\/\/historiografija.hr\/index.php?rest_route=%2Fwp%2Fv2%2Fmedia&parent=32220"}],"wp:term":[{"taxonomy":"category","embeddable":true,"href":"https:\/\/historiografija.hr\/index.php?rest_route=%2Fwp%2Fv2%2Fcategories&post=32220"},{"taxonomy":"post_tag","embeddable":true,"href":"https:\/\/historiografija.hr\/index.php?rest_route=%2Fwp%2Fv2%2Ftags&post=32220"}],"curies":[{"name":"wp","href":"https:\/\/api.w.org\/{rel}","templated":true}]}}