{"id":32210,"date":"2022-07-22T14:09:49","date_gmt":"2022-07-22T14:09:49","guid":{"rendered":"http:\/\/historiografija.hr\/?p=32210"},"modified":"2022-07-22T14:09:49","modified_gmt":"2022-07-22T14:09:49","slug":"zbornik-radova-zadarski-mir-prekretnica-anzuvinskog-doba","status":"publish","type":"post","link":"https:\/\/historiografija.hr\/?p=32210","title":{"rendered":"Zbornik radova \u201cZadarski mir: prekretnica an\u017euvinskog doba\u201d"},"content":{"rendered":"\n<p>Iza\u0161ao je novi zbornik radova u izdanju Sveu\u010dili\u0161ta u Zadru pod naslovom <em><strong>Zadarski mir: prekretnica an\u017euvinskog doba <\/strong><\/em>urednika Mladena An\u010di\u0107a i Antuna Neki\u0107a.<\/p>\n\n\n\n<p>Najve\u0107i dio radova koji \u010dine ovaj zbornik radova vezani su uz znanstveni skup \u201cZadarski mir, ishodi\u0161te jedne epohe\u201d. Zbornik \u010dini ukupno 15 radova autora koji s pozicije povjesni\u010dara, povjesni\u010dara umjetnosti i geografa u fokus stavljaju razdoblje vladavine Ludovika I. i kroz niz tema sagledavaju politi\u010dke, dru\u0161tvene i ekonomske procese u Dalmaciji, Hrvatskoj i Slavoniji tijekom Ludovikove \u010detrdesetogodi\u0161nje vladavine, u sr\u017e analize stavljaju\u0107i transformativnu narav Zadarskog mira.<\/p>\n\n\n\n<p>Prvu cjelinu tvore tekstovi koji su povezani s okolnostima koje su vodile u rat izme\u0111u ugarsko-hrvatskog kralja i Mleta\u010dke Republike i poglavito su povezane sa Zadrom, klju\u010dnom to\u010dkom oko koje se rasplamsao sukob dviju strana.<\/p>\n\n\n\n<p>Drugu cjelinu tvore tekstovi koji oslikavaju stanje virtualnog Hrvatskog Kraljevstva, podijeljenog u ovo doba na dvije administrativno-upravne cjeline \u2013 kraljevine (regna) Slavoniju te Dalmaciju i Hrvatsku.<\/p>\n\n\n\n<p>U tre\u0107oj cjelini B\u00e9la Zsolt Szakacs, Emil Hilje, Marijana Kova\u010devi\u0107 i Nikola Jak\u0161i\u0107 razmatraju materijalne ostatke u obliku umjetni\u010dkih djela iz an\u017euvinskog doba s fokusom na centar, u ovome slu\u010daju kraljevski dvor, s jedne strane, i na jednu razvijenu lokalnu sredinu na periferiji, onu zadarsku, s druge strane.<\/p>\n\n\n\n<hr class=\"wp-block-separator\"\/>\n\n\n\n<p>Izvor:<\/p>\n\n\n\n<p><a href=\"https:\/\/www.unizd.hr\/obavijesti\/view\/zadarski-mir-prekretnica-anzuvinskog-doba\">https:\/\/www.unizd.hr\/obavijesti\/view\/zadarski-mir-prekretnica-anzuvinskog-doba<\/a><\/p>\n\n\n\n<p><a href=\"https:\/\/povijest.unizd.hr\/obavijesti\/view\/zadarski-mir-prekretnica-anzuvinskog-doba\">https:\/\/povijest.unizd.hr\/obavijesti\/view\/zadarski-mir-prekretnica-anzuvinskog-doba<\/a><\/p>\n\n\n\n<hr class=\"wp-block-separator\"\/>\n","protected":false},"excerpt":{"rendered":"","protected":false},"author":2,"featured_media":32211,"comment_status":"open","ping_status":"open","sticky":false,"template":"","format":"standard","meta":{"_acf_changed":false,"jetpack_post_was_ever_published":false,"_jetpack_newsletter_access":"","_jetpack_dont_email_post_to_subs":false,"_jetpack_newsletter_tier_id":0,"_jetpack_memberships_contains_paywalled_content":false,"_jetpack_memberships_contains_paid_content":false,"footnotes":"","jetpack_publicize_message":"","jetpack_publicize_feature_enabled":true,"jetpack_social_post_already_shared":true,"jetpack_social_options":{"image_generator_settings":{"template":"highway","default_image_id":0,"font":"","enabled":false},"version":2}},"categories":[8,3],"tags":[],"class_list":["post-32210","post","type-post","status-publish","format-standard","has-post-thumbnail","hentry","category-knjige","category-novosti"],"acf":{"facebook_opis":""},"jetpack_publicize_connections":[],"jetpack_featured_media_url":"https:\/\/i0.wp.com\/historiografija.hr\/wp-content\/uploads\/2022\/07\/zadarski_mir.jpg?fit=477%2C600&ssl=1","jetpack_sharing_enabled":true,"jetpack-related-posts":[],"_links":{"self":[{"href":"https:\/\/historiografija.hr\/index.php?rest_route=\/wp\/v2\/posts\/32210","targetHints":{"allow":["GET"]}}],"collection":[{"href":"https:\/\/historiografija.hr\/index.php?rest_route=\/wp\/v2\/posts"}],"about":[{"href":"https:\/\/historiografija.hr\/index.php?rest_route=\/wp\/v2\/types\/post"}],"author":[{"embeddable":true,"href":"https:\/\/historiografija.hr\/index.php?rest_route=\/wp\/v2\/users\/2"}],"replies":[{"embeddable":true,"href":"https:\/\/historiografija.hr\/index.php?rest_route=%2Fwp%2Fv2%2Fcomments&post=32210"}],"version-history":[{"count":1,"href":"https:\/\/historiografija.hr\/index.php?rest_route=\/wp\/v2\/posts\/32210\/revisions"}],"predecessor-version":[{"id":32212,"href":"https:\/\/historiografija.hr\/index.php?rest_route=\/wp\/v2\/posts\/32210\/revisions\/32212"}],"wp:featuredmedia":[{"embeddable":true,"href":"https:\/\/historiografija.hr\/index.php?rest_route=\/wp\/v2\/media\/32211"}],"wp:attachment":[{"href":"https:\/\/historiografija.hr\/index.php?rest_route=%2Fwp%2Fv2%2Fmedia&parent=32210"}],"wp:term":[{"taxonomy":"category","embeddable":true,"href":"https:\/\/historiografija.hr\/index.php?rest_route=%2Fwp%2Fv2%2Fcategories&post=32210"},{"taxonomy":"post_tag","embeddable":true,"href":"https:\/\/historiografija.hr\/index.php?rest_route=%2Fwp%2Fv2%2Ftags&post=32210"}],"curies":[{"name":"wp","href":"https:\/\/api.w.org\/{rel}","templated":true}]}}