{"id":32190,"date":"2022-07-20T14:48:10","date_gmt":"2022-07-20T14:48:10","guid":{"rendered":"http:\/\/historiografija.hr\/?p=32190"},"modified":"2022-07-20T14:50:53","modified_gmt":"2022-07-20T14:50:53","slug":"call-for-papers-lse-sciences-po-seminar-in-contemporary-international-history","status":"publish","type":"post","link":"https:\/\/historiografija.hr\/?p=32190","title":{"rendered":"Call for Papers: LSE-Sciences Po Seminar in Contemporary International History"},"content":{"rendered":"\n<p>Deadline: 22 July 2022<\/p>\n\n\n\n<p><strong>LSE-Sciences Po Seminar in Contemporary International Seminar<br>Call for Papers<\/strong><\/p>\n\n\n\n<p>The LSE-Sciences Po (CHSP) Seminar in Contemporary International History invites proposals for the 2022 Michaelmas Term (October-December)<\/p>\n\n\n\n<p>The seminar welcomes papers from advanced PhD students and early career researchers on any aspect of 20th or 21st century international history, broadly defined. We welcome a wide range of different historical approaches including research exploring transnational networks, non-state actors, and geographies beyond the Global North.<\/p>\n\n\n\n<p>The seminar is an ideal environment to workshop work-in-progress. Presenters will be asked to submit a 15-20 pages paper ten days before their presentation, which will be circulated to participants beforehand. During the seminar, presenters will introduce their work for no more than 15 minutes followed by comments from a discussant and wider Q&amp;A discussion.<\/p>\n\n\n\n<p>All seminars will be held on Zoom on Wednesdays from 4-6 pm GMT \/ 5-7 pm CET.<\/p>\n\n\n\n<p>Applicants should submit a provisional title, a brief 250-words abstract, and a CV by Friday 22 July 2022 using<strong><a href=\"https:\/\/docs.google.com\/forms\/d\/e\/1FAIpQLSe4TqWR9rF21f1Wqge5FDFrOjXMmNkmKjCQLdkXJ5QY8Uk1dw\/viewform\" target=\"_blank\" rel=\"noreferrer noopener\"> this form<\/a><\/strong>.&nbsp;<\/p>\n\n\n\n<p>Graduate student coordinators: Stefano Chessa Altieri (Sciences Po, Centre for History) and Fionntan O&#8217;Hara (LSE)<br>Faculty conveners: Mario Del Pero (Sciences Po, Centre for History) and Elizabeth Ingleson (LSE)<\/p>\n\n\n\n<hr class=\"wp-block-separator\"\/>\n\n\n\n<p><a href=\"https:\/\/www.sciencespo.fr\/histoire\/en\/news-en.html\">https:\/\/www.sciencespo.fr\/histoire\/en\/news-en.html<\/a><\/p>\n\n\n\n<hr class=\"wp-block-separator\"\/>\n","protected":false},"excerpt":{"rendered":"","protected":false},"author":2,"featured_media":32191,"comment_status":"open","ping_status":"open","sticky":false,"template":"","format":"standard","meta":{"_acf_changed":false,"_jetpack_newsletter_access":"","_jetpack_dont_email_post_to_subs":false,"_jetpack_newsletter_tier_id":0,"_jetpack_memberships_contains_paywalled_content":false,"_jetpack_memberships_contains_paid_content":false,"footnotes":"","jetpack_publicize_message":"","jetpack_publicize_feature_enabled":true,"jetpack_social_post_already_shared":true,"jetpack_social_options":{"image_generator_settings":{"template":"highway","default_image_id":0,"font":"","enabled":false},"version":2},"jetpack_post_was_ever_published":false},"categories":[3],"tags":[],"class_list":["post-32190","post","type-post","status-publish","format-standard","has-post-thumbnail","hentry","category-novosti"],"acf":{"facebook_opis":""},"jetpack_publicize_connections":[],"jetpack_featured_media_url":"https:\/\/i0.wp.com\/historiografija.hr\/wp-content\/uploads\/2022\/07\/London_at_the_Gay_Pride_March_1974_courtesy_of_LSE_Library.jpg?fit=850%2C506&ssl=1","jetpack_sharing_enabled":true,"jetpack-related-posts":[{"id":54165,"url":"https:\/\/historiografija.hr\/?p=54165","url_meta":{"origin":32190,"position":0},"title":"CfP: Beyond the Game: Women, Sport, and Social Changes","author":"Branimir Jankovi\u0107","date":"18. lipnja 2026.","format":false,"excerpt":"2nd International Scientific Conference Beyond the Game: Women, Sport, and Social Changes Zagreb, Croatia | December 17\u201319, 2026Organizers: Institute of Social Sciences Ivo Pilar & University of Zagreb Faculty of Kinesiology Dear colleagues, We are pleased to invite you to the 2nd International Scientific Conference Beyond the Game: Women, Sport,\u2026","rel":"","context":"U &quot;Novosti&quot;","block_context":{"text":"Novosti","link":"https:\/\/historiografija.hr\/?cat=3"},"img":{"alt_text":"","src":"https:\/\/i0.wp.com\/historiografija.hr\/wp-content\/uploads\/2026\/06\/Game.jpg?fit=1200%2C847&ssl=1&resize=350%2C200","width":350,"height":200,"srcset":"https:\/\/i0.wp.com\/historiografija.hr\/wp-content\/uploads\/2026\/06\/Game.jpg?fit=1200%2C847&ssl=1&resize=350%2C200 1x, https:\/\/i0.wp.com\/historiografija.hr\/wp-content\/uploads\/2026\/06\/Game.jpg?fit=1200%2C847&ssl=1&resize=525%2C300 1.5x, https:\/\/i0.wp.com\/historiografija.hr\/wp-content\/uploads\/2026\/06\/Game.jpg?fit=1200%2C847&ssl=1&resize=700%2C400 2x, https:\/\/i0.wp.com\/historiografija.hr\/wp-content\/uploads\/2026\/06\/Game.jpg?fit=1200%2C847&ssl=1&resize=1050%2C600 3x"},"classes":[]},{"id":52837,"url":"https:\/\/historiografija.hr\/?p=52837","url_meta":{"origin":32190,"position":1},"title":"&#8220;European Culture(s) of Remembrance: Greece in Focus&#8221;, Thessaloniki (Solun), 3\u20139 October 2026","author":"Filip \u0160imunjak","date":"8. svibnja 2026.","format":false,"excerpt":"The call for participants for the fourth seminar of the \"European Culture(s) of Remembrance\" project is now open. The seminar will be held in Thessaloniki from 3 to 9 October 2026. The seminar will bring together 20 European multipliers in history teaching or historical civic education to explore Greek culture(s)\u2026","rel":"","context":"U &quot;Novosti&quot;","block_context":{"text":"Novosti","link":"https:\/\/historiografija.hr\/?cat=3"},"img":{"alt_text":"","src":"https:\/\/i0.wp.com\/historiografija.hr\/wp-content\/uploads\/2026\/05\/European-cultures-of-remembrance.jpg?fit=1200%2C848&ssl=1&resize=350%2C200","width":350,"height":200,"srcset":"https:\/\/i0.wp.com\/historiografija.hr\/wp-content\/uploads\/2026\/05\/European-cultures-of-remembrance.jpg?fit=1200%2C848&ssl=1&resize=350%2C200 1x, https:\/\/i0.wp.com\/historiografija.hr\/wp-content\/uploads\/2026\/05\/European-cultures-of-remembrance.jpg?fit=1200%2C848&ssl=1&resize=525%2C300 1.5x, https:\/\/i0.wp.com\/historiografija.hr\/wp-content\/uploads\/2026\/05\/European-cultures-of-remembrance.jpg?fit=1200%2C848&ssl=1&resize=700%2C400 2x, https:\/\/i0.wp.com\/historiografija.hr\/wp-content\/uploads\/2026\/05\/European-cultures-of-remembrance.jpg?fit=1200%2C848&ssl=1&resize=1050%2C600 3x"},"classes":[]},{"id":54256,"url":"https:\/\/historiografija.hr\/?p=54256","url_meta":{"origin":32190,"position":2},"title":"CfP Seventh biennial conference Past, Present, Future (Pula, Croatia, October 15\u201316, 2026)","author":"Branimir Jankovi\u0107","date":"22. lipnja 2026.","format":false,"excerpt":"Call for Papers Bonds of Unity: Solidarity and Society Across History Seventh biennial conference in the series Past, Present, Future Pula, Croatia, October 15\u201316, 2026 In recent years, the concept of solidarity has once again emerged as a central topic in public discourse. Economic inequalities, migration, demographic changes, political polarization,\u2026","rel":"","context":"U &quot;Novosti&quot;","block_context":{"text":"Novosti","link":"https:\/\/historiografija.hr\/?cat=3"},"img":{"alt_text":"","src":"https:\/\/i0.wp.com\/historiografija.hr\/wp-content\/uploads\/2026\/06\/PPF-2026.jpg?fit=1200%2C422&ssl=1&resize=350%2C200","width":350,"height":200,"srcset":"https:\/\/i0.wp.com\/historiografija.hr\/wp-content\/uploads\/2026\/06\/PPF-2026.jpg?fit=1200%2C422&ssl=1&resize=350%2C200 1x, https:\/\/i0.wp.com\/historiografija.hr\/wp-content\/uploads\/2026\/06\/PPF-2026.jpg?fit=1200%2C422&ssl=1&resize=525%2C300 1.5x, https:\/\/i0.wp.com\/historiografija.hr\/wp-content\/uploads\/2026\/06\/PPF-2026.jpg?fit=1200%2C422&ssl=1&resize=700%2C400 2x, https:\/\/i0.wp.com\/historiografija.hr\/wp-content\/uploads\/2026\/06\/PPF-2026.jpg?fit=1200%2C422&ssl=1&resize=1050%2C600 3x"},"classes":[]},{"id":54819,"url":"https:\/\/historiografija.hr\/?p=54819","url_meta":{"origin":32190,"position":3},"title":"CfP: Charter 77 at 50: Transnational Human Rights, Social Imagination, and Civic Resistance in the (Post-)Global Age","author":"Branimir Jankovi\u0107","date":"27. srpnja 2026.","format":false,"excerpt":"The Institute of Contemporary History and the Institute of Philosophy of the Czech Academy of Sciences invite proposals for a two-day international conference bringing together historical scholarship and contemporary reflections on civic activism and democratic resistance. Charter 77 at 50: Transnational Human Rights, Social Imagination, and Civic Resistance in the\u2026","rel":"","context":"U &quot;Novosti&quot;","block_context":{"text":"Novosti","link":"https:\/\/historiografija.hr\/?cat=3"},"img":{"alt_text":"","src":"https:\/\/i0.wp.com\/historiografija.hr\/wp-content\/uploads\/2017\/10\/hsozkult.png?fit=1006%2C241&ssl=1&resize=350%2C200","width":350,"height":200,"srcset":"https:\/\/i0.wp.com\/historiografija.hr\/wp-content\/uploads\/2017\/10\/hsozkult.png?fit=1006%2C241&ssl=1&resize=350%2C200 1x, https:\/\/i0.wp.com\/historiografija.hr\/wp-content\/uploads\/2017\/10\/hsozkult.png?fit=1006%2C241&ssl=1&resize=525%2C300 1.5x, https:\/\/i0.wp.com\/historiografija.hr\/wp-content\/uploads\/2017\/10\/hsozkult.png?fit=1006%2C241&ssl=1&resize=700%2C400 2x"},"classes":[]},{"id":53081,"url":"https:\/\/historiografija.hr\/?p=53081","url_meta":{"origin":32190,"position":4},"title":"Me\u0111unarodni istra\u017eiva\u010dki seminar &#8220;Neposlu\u0161ne slike: vizualno naslije\u0111e antifa\u0161isti\u010dkih borbi&#8221;","author":"Branimir Jankovi\u0107","date":"11. svibnja 2026.","format":false,"excerpt":"Institut za povijest umjetnosti organizirao je u petak, 8. svibnja 2026. me\u0111unarodni istra\u017eiva\u010dki seminar koji je okupio dr. sc. Daniela Palaciosa Gonz\u00e1leza (UNED, Madrid) i dr. sc. Erica U\u0161i\u0107a (Sveu\u010dili\u0161te u Rijeci), \u010diji se istra\u017eiva\u010dki rad bavi vizualnim materijalima nastalim unutar antifa\u0161isti\u010dkih i komunisti\u010dkih borbi, a koji su pre\u017eivjeli izvan,\u2026","rel":"","context":"U &quot;Novosti&quot;","block_context":{"text":"Novosti","link":"https:\/\/historiografija.hr\/?cat=3"},"img":{"alt_text":"","src":"https:\/\/i0.wp.com\/historiografija.hr\/wp-content\/uploads\/2026\/05\/unruly-images-seminar.jpg?fit=900%2C563&ssl=1&resize=350%2C200","width":350,"height":200,"srcset":"https:\/\/i0.wp.com\/historiografija.hr\/wp-content\/uploads\/2026\/05\/unruly-images-seminar.jpg?fit=900%2C563&ssl=1&resize=350%2C200 1x, https:\/\/i0.wp.com\/historiografija.hr\/wp-content\/uploads\/2026\/05\/unruly-images-seminar.jpg?fit=900%2C563&ssl=1&resize=525%2C300 1.5x, https:\/\/i0.wp.com\/historiografija.hr\/wp-content\/uploads\/2026\/05\/unruly-images-seminar.jpg?fit=900%2C563&ssl=1&resize=700%2C400 2x"},"classes":[]},{"id":54487,"url":"https:\/\/historiografija.hr\/?p=54487","url_meta":{"origin":32190,"position":5},"title":"Workshop &#8220;Experts in Transition: Political Epistemologies of 1980s\u20132000s East Central Europe&#8221;","author":"Branimir Jankovi\u0107","date":"7. srpnja 2026.","format":false,"excerpt":"On July 9\u201310, 2026, the Institute of Contemporary History in Ljubljana will host the international workshop: Experts in Transition: Political Epistemologies of 1980s\u20132000s East Central Europe The workshop is open to the public and to interested scholars. If you are planning to participate, please write to Adela H\u00eencu \u2013 adela.hincu@inz.si\u2026","rel":"","context":"U &quot;Novosti&quot;","block_context":{"text":"Novosti","link":"https:\/\/historiografija.hr\/?cat=3"},"img":{"alt_text":"","src":"https:\/\/i0.wp.com\/historiografija.hr\/wp-content\/uploads\/2026\/07\/01-INZ-logo-21-RGB-SLO_RGB.png?fit=685%2C291&ssl=1&resize=350%2C200","width":350,"height":200,"srcset":"https:\/\/i0.wp.com\/historiografija.hr\/wp-content\/uploads\/2026\/07\/01-INZ-logo-21-RGB-SLO_RGB.png?fit=685%2C291&ssl=1&resize=350%2C200 1x, https:\/\/i0.wp.com\/historiografija.hr\/wp-content\/uploads\/2026\/07\/01-INZ-logo-21-RGB-SLO_RGB.png?fit=685%2C291&ssl=1&resize=525%2C300 1.5x"},"classes":[]}],"_links":{"self":[{"href":"https:\/\/historiografija.hr\/index.php?rest_route=\/wp\/v2\/posts\/32190","targetHints":{"allow":["GET"]}}],"collection":[{"href":"https:\/\/historiografija.hr\/index.php?rest_route=\/wp\/v2\/posts"}],"about":[{"href":"https:\/\/historiografija.hr\/index.php?rest_route=\/wp\/v2\/types\/post"}],"author":[{"embeddable":true,"href":"https:\/\/historiografija.hr\/index.php?rest_route=\/wp\/v2\/users\/2"}],"replies":[{"embeddable":true,"href":"https:\/\/historiografija.hr\/index.php?rest_route=%2Fwp%2Fv2%2Fcomments&post=32190"}],"version-history":[{"count":2,"href":"https:\/\/historiografija.hr\/index.php?rest_route=\/wp\/v2\/posts\/32190\/revisions"}],"predecessor-version":[{"id":32193,"href":"https:\/\/historiografija.hr\/index.php?rest_route=\/wp\/v2\/posts\/32190\/revisions\/32193"}],"wp:featuredmedia":[{"embeddable":true,"href":"https:\/\/historiografija.hr\/index.php?rest_route=\/wp\/v2\/media\/32191"}],"wp:attachment":[{"href":"https:\/\/historiografija.hr\/index.php?rest_route=%2Fwp%2Fv2%2Fmedia&parent=32190"}],"wp:term":[{"taxonomy":"category","embeddable":true,"href":"https:\/\/historiografija.hr\/index.php?rest_route=%2Fwp%2Fv2%2Fcategories&post=32190"},{"taxonomy":"post_tag","embeddable":true,"href":"https:\/\/historiografija.hr\/index.php?rest_route=%2Fwp%2Fv2%2Ftags&post=32190"}],"curies":[{"name":"wp","href":"https:\/\/api.w.org\/{rel}","templated":true}]}}