{"id":32182,"date":"2022-07-20T14:23:36","date_gmt":"2022-07-20T14:23:36","guid":{"rendered":"http:\/\/historiografija.hr\/?p=32182"},"modified":"2022-07-20T14:23:36","modified_gmt":"2022-07-20T14:23:36","slug":"bojan-simic-stojadinovic-u-argentini","status":"publish","type":"post","link":"https:\/\/historiografija.hr\/?p=32182","title":{"rendered":"Bojan Simi\u0107, \u201eStojadinovi\u0107 u Argentini\u201c"},"content":{"rendered":"\n<p>Institut za evropske studije i Fondacija Svetozar Mileti\u0107 su objavili knjigu \u201eStojadinovi\u0107 u Argentini\u201c dr Bojana Simi\u0107a, vi\u0161eg nau\u010dnog saradnika Instituta za noviju istoriju Srbije.<\/p>\n\n\n\n<p>&#8220;Simi\u0107ev rukopis baziran je na bogatoj izvornoj osnovi u \u010dijem su sredi\u0161tu dokumenta iz tri srpska i dva argentinska arhiva. Re\u010d je o Arhivu Jugoslavije, Diplomatskom arhivu Ministarstva spoljnih poslova Republike Srbije, Istorijskom arhivu Beograda, Archivo General del Poder Judicial de la Naci\u00f3n, Buenos Aires i Archivo Hist\u00f3rico de Canciller\u00eda, Ministerio de Relaciones Exteriores y Culto, Buenos Aires. Upravo su dokumenta iz argentinskih arhiva i objavljena u drugom delu Simi\u0107evog rada. U delu u kojem Simi\u0107 donosi zna\u010dajne novinske \u010dlanke o Stojadinovi\u0107u dominiraju tekstovi iz emigrantske \u0161tampe. Istra\u017eivanju teme Simi\u0107 je pristupio na odgovoran i strogo akademski na\u010din. Sve interpretacije su odmerene i u potpunosti utemeljene na izvorima. Rezultat je objektivna studija, zasnovana u zna\u010dajnoj meri na neobjavljenoj arhivskoj gra\u0111i. Va\u017enost ove teme za doma\u0107u stru\u010dnu i \u0161iru javnost, nau\u010dna posve\u0107enost sa kojom je problemu pristupljeno i \u010dinjenica da je istra\u017eivanje u dobroj meri zasnovano na arhivskoj dokumentaciji (delom iz argentinskih arhiva) \u010dine ovaj tekst vrednim istoriografskim proizvodom. Va\u017ean dodatak rukopisu predstavlja izbor do sada nepoznatih fotografija Milana Stojadinovi\u0107a iz argentinskog perioda njegovog \u017eivota, koje dodatno ilustruju godine Stojadinovi\u0107evog egzila u Latinskoj Americi\u201c. (Izvod iz recenzije dr Petra Dragi\u0161i\u0107a, nau\u010dnog savetnika Instituta za noviju istoriju Srbije)<\/p>\n\n\n\n<hr class=\"wp-block-separator\"\/>\n\n\n\n<p>Izvor:<\/p>\n\n\n\n<p><a href=\"https:\/\/historiografija.ba\/article.php?id=1241\">https:\/\/historiografija.ba\/article.php?id=1241<\/a><\/p>\n\n\n\n<hr class=\"wp-block-separator\"\/>\n\n\n\n<p>Dodatne obavijesti:<\/p>\n\n\n\n<p><a href=\"https:\/\/www.academia.edu\/77639766\/Stojadinovi%C4%87_u_Argentini_sadrzaj_i_predgovor\">https:\/\/www.academia.edu\/77639766\/Stojadinovi%C4%87_u_Argentini_sadrzaj_i_predgovor<\/a><\/p>\n\n\n\n<p><a href=\"https:\/\/www.glassrpske.com\/lat\/plus\/intervju\/bojan-simic-istoricar-stojadinovic-i-pavelic-htjeli-da-sruse-titovu-jugoslaviju\/416902\">https:\/\/www.glassrpske.com\/lat\/plus\/intervju\/bojan-simic-istoricar-stojadinovic-i-pavelic-htjeli-da-sruse-titovu-jugoslaviju\/416902<\/a><\/p>\n\n\n\n<hr class=\"wp-block-separator\"\/>\n","protected":false},"excerpt":{"rendered":"","protected":false},"author":2,"featured_media":32183,"comment_status":"open","ping_status":"open","sticky":false,"template":"","format":"standard","meta":{"_acf_changed":false,"jetpack_post_was_ever_published":false,"_jetpack_newsletter_access":"","_jetpack_dont_email_post_to_subs":false,"_jetpack_newsletter_tier_id":0,"_jetpack_memberships_contains_paywalled_content":false,"_jetpack_memberships_contains_paid_content":false,"footnotes":"","jetpack_publicize_message":"","jetpack_publicize_feature_enabled":true,"jetpack_social_post_already_shared":true,"jetpack_social_options":{"image_generator_settings":{"template":"highway","default_image_id":0,"font":"","enabled":false},"version":2}},"categories":[8,3],"tags":[],"class_list":["post-32182","post","type-post","status-publish","format-standard","has-post-thumbnail","hentry","category-knjige","category-novosti"],"acf":{"facebook_opis":""},"jetpack_publicize_connections":[],"jetpack_featured_media_url":"https:\/\/i0.wp.com\/historiografija.hr\/wp-content\/uploads\/2022\/07\/Stojadinovic-u-Argentini.jpg?fit=450%2C693&ssl=1","jetpack_sharing_enabled":true,"jetpack-related-posts":[],"_links":{"self":[{"href":"https:\/\/historiografija.hr\/index.php?rest_route=\/wp\/v2\/posts\/32182","targetHints":{"allow":["GET"]}}],"collection":[{"href":"https:\/\/historiografija.hr\/index.php?rest_route=\/wp\/v2\/posts"}],"about":[{"href":"https:\/\/historiografija.hr\/index.php?rest_route=\/wp\/v2\/types\/post"}],"author":[{"embeddable":true,"href":"https:\/\/historiografija.hr\/index.php?rest_route=\/wp\/v2\/users\/2"}],"replies":[{"embeddable":true,"href":"https:\/\/historiografija.hr\/index.php?rest_route=%2Fwp%2Fv2%2Fcomments&post=32182"}],"version-history":[{"count":1,"href":"https:\/\/historiografija.hr\/index.php?rest_route=\/wp\/v2\/posts\/32182\/revisions"}],"predecessor-version":[{"id":32184,"href":"https:\/\/historiografija.hr\/index.php?rest_route=\/wp\/v2\/posts\/32182\/revisions\/32184"}],"wp:featuredmedia":[{"embeddable":true,"href":"https:\/\/historiografija.hr\/index.php?rest_route=\/wp\/v2\/media\/32183"}],"wp:attachment":[{"href":"https:\/\/historiografija.hr\/index.php?rest_route=%2Fwp%2Fv2%2Fmedia&parent=32182"}],"wp:term":[{"taxonomy":"category","embeddable":true,"href":"https:\/\/historiografija.hr\/index.php?rest_route=%2Fwp%2Fv2%2Fcategories&post=32182"},{"taxonomy":"post_tag","embeddable":true,"href":"https:\/\/historiografija.hr\/index.php?rest_route=%2Fwp%2Fv2%2Ftags&post=32182"}],"curies":[{"name":"wp","href":"https:\/\/api.w.org\/{rel}","templated":true}]}}