{"id":32173,"date":"2022-07-19T16:35:46","date_gmt":"2022-07-19T16:35:46","guid":{"rendered":"http:\/\/historiografija.hr\/?p=32173"},"modified":"2022-07-19T16:35:46","modified_gmt":"2022-07-19T16:35:46","slug":"gabriel-garcia-marquez-skandal-stoljeca","status":"publish","type":"post","link":"https:\/\/historiografija.hr\/?p=32173","title":{"rendered":"Gabriel Garc\u00eda M\u00e1rquez, \u201eSkandal stolje\u0107a\u201c"},"content":{"rendered":"\n<p>\u201eNovinarstvo je najbolji posao na svijetu. Ja sam u osnovi novinar. Cijeloga \u017eivota bio sam novinar. Moje su knjige knjige novinara, pa makar se to i ne vidi uvijek.\u201c<\/p>\n\n\n\n<p><strong>Gabriel Garc\u00eda M\u00e1rquez<\/strong><\/p>\n\n\n\n<hr class=\"wp-block-separator\"\/>\n\n\n\n<p>Svijet prepoznaje Gabriela Garc\u00edju M\u00e1rqueza kao jednog od najboljih romanopisaca 20. stolje\u0107a. Manje je poznato da je ovaj slavni kolumbijski nobelovac, kojeg od milja, u hispanskom svijetu, zovu Gabo, bio i vrstan novinar. Skandal stolje\u0107a antologija je njegove novinarske ostav\u0161tine. \u010clanci koji su u nju uklju\u010deni presjek su \u010detrdesetogodi\u0161njeg rada za dnevne novine i \u010dasopise.<\/p>\n\n\n\n<p>Novinski tekstovi Garc\u00edje M\u00e1rqueza ne razlikuju se mnogo od njegove fikcije. Pi\u0161e s lako\u0107om, opu\u0161teno i duhovito. Kad ne bismo znali da je rije\u010d o fakciji, mnoge od tih novinskih pri\u010da mogli bismo lako zamisliti u zbirkama njegovih pripovijetki. Svi ti \u010dlanci maestralno su napisani. Britki i po\u010desto ironi\u010dni. Nema dvojbe da pisana rije\u010d Garc\u00edje M\u00e1rqueza odi\u0161e svje\u017einom i okretno\u0161\u0107u.<\/p>\n\n\n\n<p><strong>\u201eNe \u017eelim da me se pamti po <em>Sto godina samo\u0107e <\/em>ni po Nobelovoj nagradi, nego po novinarstvu.\u201c<\/strong><\/p>\n\n\n\n<p>Bez obzira na to pi\u0161e li roman ili izvje\u0161taj. Stvara li na karipskoj obali, na Castrovoj Kubi, iza \u017deljezne zavjese\u2026 U Rimu ili pak u svojem drugom domu, Meksiku. Uostalom, kako je i sam Gabriel Garc\u00eda M\u00e1rquez znao isticati: \u201eNe \u017eelim da me se pamti po <em>Sto godina samo\u0107e <\/em>ni po Nobelovoj nagradi, nego po novinarstvu.\u201c<\/p>\n\n\n\n<p>\u201eGabriel Garc\u00eda M\u00e1rquez zauzima posebno mjesto u srcima novinara. Poput Charlesa Dickensa, Marka Twaina i Ernesta Hemingwaya, ovaj div knji\u017eevnosti 20. stolje\u0107a brusio je svoje spisateljske vje\u0161tine kao novinar, prije nego \u0161to je postao slavni pisac.\u201c<\/p>\n\n\n\n<p><strong><em>Newsweek<\/em><\/strong><\/p>\n\n\n\n<hr class=\"wp-block-separator\"\/>\n\n\n\n<p><strong><em>O autoru<\/em><\/strong><strong><\/strong><\/p>\n\n\n\n<p><strong>Gabriel Garc\u00eda M\u00e1rquez<\/strong> (1927., Aracataca, Kolum\u00adbija \u2013 2014., Ciudad de M\u00e9xico) jedna je od najve\u0107ih i najutje\u00adcajnijih figura svjetske knji\u017eevnosti. Dobitnik Nobelove nagra\u00adde 1982. godine, on je romanopisac, autor pripovijetki, eseja, filmski kriti\u010dar, pisac filmskih scenarija. Nadasve, on je intelektualac posve\u0107en rje\u0161avanju velikih problema na\u0161ega doba. Ponajpri\u00adje onih koji poga\u0111aju njegovu voljenu Kolumbiju, ali i cijelu Latinsku Ameriku.<\/p>\n\n\n\n<p>Kao najistaknutiji predstavnik takozvanog magijskog realizma, u kojemu se povijest i ma\u0161ta ispreple\u0107u i preta\u010du u \u017eivu knji\u017eevnost koja di\u0161e svim svojim porama. On je, kona\u010dno, tvorac jednog od pripovjeda\u010dkih svjetova prepunih zna\u010denja \u0161to ih je \u0161panjolski jezik podario 20. stolje\u0107u.<\/p>\n\n\n\n<p><strong>Najva\u017enija djela<\/strong><\/p>\n\n\n\n<p>Me\u0111u njegovim najva\u017enijim djelima su <a href=\"https:\/\/www.vbz.hr\/book\/sto-godina-samoce\/\"><em>Sto godina samo\u0107e<\/em><\/a>, <a href=\"https:\/\/www.vbz.hr\/book\/pukovniku-nema-tko-da-pise\/\"><em>Pukovniku nema tko da pi\u0161e<\/em><\/a>, <a href=\"https:\/\/www.vbz.hr\/book\/kronika-najavljene-smrti-2\/\"><em>Kronika najavljene smrti<\/em><\/a>, <a href=\"https:\/\/www.vbz.hr\/book\/zla-kob-2\/\"><em>Zla kob<\/em><\/a>, <em>General u svom labirintu.<\/em> Zatim, zbirka pripovijedaka <a href=\"https:\/\/www.vbz.hr\/book\/dvanaest-hodocasnika-2\/\"><em>Dvanaest hodo\u00ad\u010dasnika <\/em><\/a>i <a href=\"https:\/\/www.vbz.hr\/book\/ljubav-u-doba-kolere\/\"><em>Ljubav u doba kolere<\/em><\/a>. Godine 2002. objavio je prvi dio autobiografije <em>\u017divjeti da bi se pripovijedalo<\/em>, a njegova zadnja knjiga je <a href=\"https:\/\/www.vbz.hr\/book\/nisam-dosao-drzati-govor\/\"><em>Nisam do\u0161ao dr\u017eati govor<\/em><\/a>.<\/p>\n\n\n\n<hr class=\"wp-block-separator\"\/>\n\n\n\n<p>Prevoditelj: Gordana Tintor<\/p>\n\n\n\n<p>Izdava\u010d: V.B.Z. d.o.o<\/p>\n\n\n\n<p>Podru\u010dje: Publicistika<\/p>\n\n\n\n<p>Jezik: Hrvatski<\/p>\n\n\n\n<p>Biblioteka: Sabrana djela Gabriela Garcie Marqueza<\/p>\n\n\n\n<p>Godina izdanja: 2022<\/p>\n\n\n\n<p>Broj stranica: 324<\/p>\n\n\n\n<hr class=\"wp-block-separator\"\/>\n\n\n\n<p>Izvor:<\/p>\n\n\n\n<figure class=\"wp-block-embed-wordpress wp-block-embed is-type-wp-embed is-provider-vbz-online-bookstore\"><div class=\"wp-block-embed__wrapper\">\n<blockquote class=\"wp-embedded-content\" data-secret=\"OTRmB9N4Ht\"><a href=\"https:\/\/www.vbz.hr\/book\/skandal-stoljeca\/\">Skandal stolje\u0107a<\/a><\/blockquote><iframe loading=\"lazy\" class=\"wp-embedded-content\" sandbox=\"allow-scripts\" security=\"restricted\" style=\"position: absolute; clip: rect(1px, 1px, 1px, 1px);\" title=\"&#8220;Skandal stolje\u0107a&#8221; &#8212; VBZ online bookstore\" src=\"https:\/\/www.vbz.hr\/book\/skandal-stoljeca\/embed\/#?secret=HDWtDmDBEu#?secret=OTRmB9N4Ht\" data-secret=\"OTRmB9N4Ht\" width=\"600\" height=\"338\" frameborder=\"0\" marginwidth=\"0\" marginheight=\"0\" scrolling=\"no\"><\/iframe>\n<\/div><\/figure>\n\n\n\n<hr class=\"wp-block-separator\"\/>\n","protected":false},"excerpt":{"rendered":"","protected":false},"author":2,"featured_media":32174,"comment_status":"open","ping_status":"open","sticky":false,"template":"","format":"standard","meta":{"_acf_changed":false,"jetpack_post_was_ever_published":false,"_jetpack_newsletter_access":"","_jetpack_dont_email_post_to_subs":false,"_jetpack_newsletter_tier_id":0,"_jetpack_memberships_contains_paywalled_content":false,"_jetpack_memberships_contains_paid_content":false,"footnotes":"","jetpack_publicize_message":"","jetpack_publicize_feature_enabled":true,"jetpack_social_post_already_shared":true,"jetpack_social_options":{"image_generator_settings":{"template":"highway","default_image_id":0,"font":"","enabled":false},"version":2}},"categories":[8,3],"tags":[],"class_list":["post-32173","post","type-post","status-publish","format-standard","has-post-thumbnail","hentry","category-knjige","category-novosti"],"acf":{"facebook_opis":""},"jetpack_publicize_connections":[],"jetpack_featured_media_url":"https:\/\/i0.wp.com\/historiografija.hr\/wp-content\/uploads\/2022\/07\/Skandal-stoljeca.jpg?fit=522%2C781&ssl=1","jetpack_sharing_enabled":true,"jetpack-related-posts":[],"_links":{"self":[{"href":"https:\/\/historiografija.hr\/index.php?rest_route=\/wp\/v2\/posts\/32173","targetHints":{"allow":["GET"]}}],"collection":[{"href":"https:\/\/historiografija.hr\/index.php?rest_route=\/wp\/v2\/posts"}],"about":[{"href":"https:\/\/historiografija.hr\/index.php?rest_route=\/wp\/v2\/types\/post"}],"author":[{"embeddable":true,"href":"https:\/\/historiografija.hr\/index.php?rest_route=\/wp\/v2\/users\/2"}],"replies":[{"embeddable":true,"href":"https:\/\/historiografija.hr\/index.php?rest_route=%2Fwp%2Fv2%2Fcomments&post=32173"}],"version-history":[{"count":1,"href":"https:\/\/historiografija.hr\/index.php?rest_route=\/wp\/v2\/posts\/32173\/revisions"}],"predecessor-version":[{"id":32175,"href":"https:\/\/historiografija.hr\/index.php?rest_route=\/wp\/v2\/posts\/32173\/revisions\/32175"}],"wp:featuredmedia":[{"embeddable":true,"href":"https:\/\/historiografija.hr\/index.php?rest_route=\/wp\/v2\/media\/32174"}],"wp:attachment":[{"href":"https:\/\/historiografija.hr\/index.php?rest_route=%2Fwp%2Fv2%2Fmedia&parent=32173"}],"wp:term":[{"taxonomy":"category","embeddable":true,"href":"https:\/\/historiografija.hr\/index.php?rest_route=%2Fwp%2Fv2%2Fcategories&post=32173"},{"taxonomy":"post_tag","embeddable":true,"href":"https:\/\/historiografija.hr\/index.php?rest_route=%2Fwp%2Fv2%2Ftags&post=32173"}],"curies":[{"name":"wp","href":"https:\/\/api.w.org\/{rel}","templated":true}]}}