{"id":32165,"date":"2022-07-19T16:13:08","date_gmt":"2022-07-19T16:13:08","guid":{"rendered":"http:\/\/historiografija.hr\/?p=32165"},"modified":"2022-07-19T16:13:08","modified_gmt":"2022-07-19T16:13:08","slug":"rudolf-francula-istranin-u-vrtlogu-pravosuda-i-politike-sjecanja-posljednjeg-javnog-tuzitelja-sr-hrvatske","status":"publish","type":"post","link":"https:\/\/historiografija.hr\/?p=32165","title":{"rendered":"Rudolf Fran\u010dula, \u201cIstranin u vrtlogu pravosu\u0111a i politike. Sje\u0107anja posljednjeg javnog tu\u017eitelja SR Hrvatske\u201d"},"content":{"rendered":"\n<p>S osobitim interesom pro\u010ditao sam dijelove knjige \u010dovjeka koji je sudjelovao u razvoju hrvatskog pravosu\u0111a gotovo kroz 50 godina; i to kao sudac Op\u0107inskog i Okru\u017enog suda u Puli, predsjednik oba ta suda, javni tu\u017eilac Hrvatske, sudac Vrhovnog suda Hrvatske i odvjetnik.<\/p>\n\n\n\n<p>Da bi shvatili korijene sada\u0161njih problema pravosu\u0111a moramo utvrditi po\u010detnu situaciju. S kakvim pravosu\u0111em Hrvatska ulazi u vi\u0161estrana\u010dje i fazu samostalne dr\u017eave.<br>Ova knjiga ru\u0161i vi\u0161e tabua koji se ve\u0107 30 godina \u0161ire o \u201emra\u010dnom dobu komunizma\u201c u kome se zatvaralo za krivo izgovorenu rije\u010d. U okviru tog \u201emra\u010dnog komunizma\u201c poku\u0161avaju se plasirati teze o poslu\u0161nom pravosu\u0111u koje je na ljestvici komunisti\u010dkog zla pri vrhu, odmah iza UDB-e.<\/p>\n\n\n\n<p>Javni prostor zatrpava se tvrdnjama i kvalifikacijama, bez realnih podatka i analiza.<\/p>\n\n\n\n<p>Nosioci javnih politi\u010dkih i pravosudnih funkcija prije 1991. uglavnom su se povukli u anonimnost, \u0161to zbog godina, \u0161to zbog mirnog \u017eivota. Mnogi su naravno i oti\u0161li s ovoga svijeta. Zato je ova knjiga dragocjena, jer iz pera jednog od \u010delnika pravosudne vlasti, realno progovara o tada\u0161njem pravosu\u0111u. A stanje u pravosu\u0111u u zadnjoj fazi SFRJ i radnje HDZ-a u odnosu na to pravosu\u0111e klju\u010dni su za razumijevanje dana\u0161nje krize u pravosu\u0111u.<\/p>\n\n\n\n<p>Moje osobno mi\u0161ljenje, kao i mi\u0161ljenje mnogih koji su 80-tih godina radili u pravosu\u0111u, je da nivo pravosu\u0111a koji smo dosegli sredinom 80-tih i dr\u017eali do 1991. u na\u0161em pravosu\u0111u ni danas nije dosegnut.<\/p>\n\n\n\n<p>U tom periodu, srpanj 1986., Rudolf Fran\u010dula postaje javni tu\u017eilac Hrvatske (danas glavni dr\u017eavni odvjetnik).<\/p>\n\n\n\n<p>Anto Nobilo<\/p>\n\n\n\n<p><strong>SADR\u017dAJ<\/strong><\/p>\n\n\n\n<p>UVOD<br>\u017dIVOTOPIS<br>OP\u0106INSKI SUD U PULI (1963.-1974.)<br>Pripravnik \u2013 sudac<br>Izbor za predsjednika suda<br>Predsjednikovanje<br>OKRU\u017dNI SUD PULA (1974.-1986.)<br>Sudac<br>Predsjednikovanje<br>JAVNO TU\u017dILA\u0160TVO HRVATSKE (1986.-1990.)<br>Me\u0111usobno upoznavanje<br>Kazneni postupak protiv Andrije Artukovi\u0107a<br>Aktivnosti javnog tu\u017eila\u0161tva<br>Politi\u010dki kriminalitet<br>Atentat na dr. Franju Tu\u0111mana<br>Kaznena prijava protiv Vladimira \u0160eksa<br>Susret sa Josipom Vrhovcem<br>Razgovor sa Jakovom Bla\u017eevi\u0107em<br>Okrutno ubojstvo zagreba\u010dke obitelji Zec<br>Pismo Saveznom javnom tu\u017eiocu<br>Razgovor sa dr. Franjom Tu\u0111manom 111<br>VRHOVNI SUD REPUBLIKE HRVATSKE (1990.-1995.)<br>Stupanje na du\u017enost<br>Obavljanje du\u017enosti suca Vrhovnog suca<br>Izbor Dr\u017eavnog sudbenog vije\u0107a i izbor \u2013 reizbor sudaca Vrhovnog suda Republike Hrvatske 1995.<br>Izbor Dr\u017eavnog sudbenog vije\u0107a<br>Izbor-reizbor sudaca Vrhovnog suda Republike Hrvatske 1995.<br>ODVJETNI\u0160TVO (1995.-2015.)<br>Pripreme za otvaranje odvjetni\u010dkog ureda<br>Rad odvjetni\u010dkog ureda<br>Pojedini slu\u010dajevi zastupanja \u2013 obrane<br>Ubojstvo Antona Mar\u010dela Popovi\u0107a<br>Kazneni postupak protiv Mirka Zovi\u0107a zbog pretvorbe dru\u0161tvenog poduze\u0107a \u201ePuris\u201c iz Pazina<br>Kriza gradske vlasti u Puli 1996.<br>\u0110ani Ba\u017eon<br>Glas Istre<br>Rat Ivana Jakov\u010di\u0107a, Steve \u017dufi\u0107a i Veljka Ostoji\u0107a protiv Glasa Istre, njegovih novinara i \u017deljka \u017dmaka<br>Razlaz sa \u017deljkom \u017dmakom<br>\u010covjek koji je onemogu\u0107io Glasu Istre da bude antifa\u0161isti\u010dko glasilo naroda Istre, ve\u0107 ga je pretvorio u svoj bilten<br>Slu\u010daj Thompson \u2013 nadvijanje usta\u0161kog zloduha nad Hrvatskom<br>Slu\u010daj Thompson<br>Nadvijanje usta\u0161kog zloduha nad Hrvatskom ili 1941.godina koja se vra\u0107a<br>Slu\u010daj Ugo Zanrosso \u2013 Mirko Sim\u010di\u0107<br>Nives Zeljkovi\u0107 \u2013 Celzijus i dr. protiv Udruge Sa(n)jam knjige u Istri i dr.<br>Republika Hrvatska protiv Mire Banovi\u0107<br>Kazneni postupak protiv Mar\u010dela Dujani\u0107a, prvog rektora Sveu\u010dili\u0161ta \u201eJuraj Dobrila\u201c u Puli<br>Slu\u010daj Mato Butijer<br>KRIZA SUDBENE VLASTI<br>DRU\u0160TVENI RAD<br>Op\u0107e napomene<br>Gimnazijski dani<br>Sutivanac<br>Dru\u0161tvena aktivnost u vrijeme dok sam radio u Zagrebu (1986.-1995.)<br>Savez dru\u0161tva pravnika Hrvatske<br>Udru\u017eenje za krivi\u010dno pravo i kriminologiju<br>Dru\u0161tvo Istrana<br>Ostale dru\u0161tvene aktivnosti<br>Kadrovska politika<br>NEKE DRUGE TEME<br>Uvodne napomene<br>SR Jugoslavija i Hrvatska<br>Josip Broz Tito<br>Franjo Tu\u0111man<br>Za\u0161to se Hrvati srame svog antifa\u0161izma<br>ISTRA \u2013 ISTRIJANI<br>Terra magica\u2026Obe\u0107ana zemlja\u2026<br>Fa\u0161izam<br>Antifa\u0161izam<br>Poslijeratna obnova i razvoj Istre<br>Doprinos razvoju Istre \u0111aka Pazinske gimnazije<br>Istra u samostalnoj Hrvatskoj<br>Statut Istarske \u017eupanije<br>Istrijani<br>EPILOG<br>POGOVORI<br>Anto Nobilo<br>Milan Rakovac<\/p>\n\n\n\n<hr class=\"wp-block-separator\"\/>\n\n\n\n<p>Izvor:<\/p>\n\n\n\n<figure class=\"wp-block-embed-wordpress wp-block-embed is-type-wp-embed is-provider-despot-infinitus-web-knjizara\"><div class=\"wp-block-embed__wrapper\">\n<blockquote class=\"wp-embedded-content\" data-secret=\"O1vvWNIuEE\"><a href=\"https:\/\/despot-infinitus.com\/proizvod\/istranin-u-vrtlogu-pravosuda-i-politike\/\">ISTRANIN U VRTLOGU PRAVOSU\u0110A I POLITIKE<\/a><\/blockquote><iframe loading=\"lazy\" class=\"wp-embedded-content\" sandbox=\"allow-scripts\" security=\"restricted\" style=\"position: absolute; clip: rect(1px, 1px, 1px, 1px);\" title=\"&#8220;ISTRANIN U VRTLOGU PRAVOSU\u0110A I POLITIKE&#8221; &#8212; Despot Infinitus - Web Knji\u017eara\" src=\"https:\/\/despot-infinitus.com\/proizvod\/istranin-u-vrtlogu-pravosuda-i-politike\/embed\/#?secret=rDQ3jIoHxP#?secret=O1vvWNIuEE\" data-secret=\"O1vvWNIuEE\" width=\"600\" height=\"338\" frameborder=\"0\" marginwidth=\"0\" marginheight=\"0\" scrolling=\"no\"><\/iframe>\n<\/div><\/figure>\n\n\n\n<hr class=\"wp-block-separator\"\/>\n","protected":false},"excerpt":{"rendered":"","protected":false},"author":2,"featured_media":32166,"comment_status":"open","ping_status":"open","sticky":false,"template":"","format":"standard","meta":{"_acf_changed":false,"jetpack_post_was_ever_published":false,"_jetpack_newsletter_access":"","_jetpack_dont_email_post_to_subs":false,"_jetpack_newsletter_tier_id":0,"_jetpack_memberships_contains_paywalled_content":false,"_jetpack_memberships_contains_paid_content":false,"footnotes":"","jetpack_publicize_message":"","jetpack_publicize_feature_enabled":true,"jetpack_social_post_already_shared":true,"jetpack_social_options":{"image_generator_settings":{"template":"highway","default_image_id":0,"font":"","enabled":false},"version":2}},"categories":[8,3],"tags":[],"class_list":["post-32165","post","type-post","status-publish","format-standard","has-post-thumbnail","hentry","category-knjige","category-novosti"],"acf":{"facebook_opis":""},"jetpack_publicize_connections":[],"jetpack_featured_media_url":"https:\/\/i0.wp.com\/historiografija.hr\/wp-content\/uploads\/2022\/07\/ISTRANIN.png?fit=768%2C768&ssl=1","jetpack_sharing_enabled":true,"jetpack-related-posts":[{"id":52607,"url":"https:\/\/historiografija.hr\/?p=52607","url_meta":{"origin":32165,"position":0},"title":"No\u0107 knjige: Kako je prije 410 godina smr\u0107u Shakespearea i Cervantesa zavr\u0161ilo razdoblje renesanse u knji\u017eevnosti","author":"Branimir Jankovi\u0107","date":"22. travnja 2026.","format":false,"excerpt":"\u010cetvrtak, 23. travnja 2026. u 18:00 sati, Knji\u017eara Matice hrvatske, Ulica Matice hrvatske 2, Zagreb Uvodna rije\u010d: dr. sc.\u00a0Dubravka Brezak Stama\u0107, pro\u010delnica Odjela za knji\u017eevnost Matice hrvatske Prof. dr. sc. Ivan Lupi\u0107, redoviti profesor u Odsjeku za anglistiku i Odsjeku za kroatistiku Sveu\u010dili\u0161ta u RijeciShakespeare, kazali\u0161te, glazbaKada se susre\u0107emo sa\u2026","rel":"","context":"U &quot;Novosti&quot;","block_context":{"text":"Novosti","link":"https:\/\/historiografija.hr\/?cat=3"},"img":{"alt_text":"","src":"https:\/\/i0.wp.com\/historiografija.hr\/wp-content\/uploads\/2026\/04\/noc_knjige_2026.jpg?fit=680%2C276&ssl=1&resize=350%2C200","width":350,"height":200,"srcset":"https:\/\/i0.wp.com\/historiografija.hr\/wp-content\/uploads\/2026\/04\/noc_knjige_2026.jpg?fit=680%2C276&ssl=1&resize=350%2C200 1x, https:\/\/i0.wp.com\/historiografija.hr\/wp-content\/uploads\/2026\/04\/noc_knjige_2026.jpg?fit=680%2C276&ssl=1&resize=525%2C300 1.5x"},"classes":[]},{"id":52616,"url":"https:\/\/historiografija.hr\/?p=52616","url_meta":{"origin":32165,"position":1},"title":"No\u0107 knjige 2026.","author":"Branimir Jankovi\u0107","date":"22. travnja 2026.","format":false,"excerpt":"Slavljeni\u010dka 15. No\u0107 knjige odr\u017eat \u0107e se 23. travnja diljem Hrvatske u povodu Svjetskog dana knjige i autorskih prava te Dana hrvatske knjige. S vi\u0161e od 1.000 prijavljenih programa i akcija s pravom nosi epitet najmasovnije doma\u0107e kulturne manifestacije, a ove \u0107e godine prote\u0107i u znaku mira, razumijevanja, tolerancije, srodnosti\u2026","rel":"","context":"U &quot;Novosti&quot;","block_context":{"text":"Novosti","link":"https:\/\/historiografija.hr\/?cat=3"},"img":{"alt_text":"","src":"https:\/\/i0.wp.com\/historiografija.hr\/wp-content\/uploads\/2026\/04\/noc_knjige_2026.jpg?fit=680%2C276&ssl=1&resize=350%2C200","width":350,"height":200,"srcset":"https:\/\/i0.wp.com\/historiografija.hr\/wp-content\/uploads\/2026\/04\/noc_knjige_2026.jpg?fit=680%2C276&ssl=1&resize=350%2C200 1x, https:\/\/i0.wp.com\/historiografija.hr\/wp-content\/uploads\/2026\/04\/noc_knjige_2026.jpg?fit=680%2C276&ssl=1&resize=525%2C300 1.5x"},"classes":[]},{"id":52552,"url":"https:\/\/historiografija.hr\/?p=52552","url_meta":{"origin":32165,"position":2},"title":"Besplatni glazbeni antikvarijat","author":"Branimir Jankovi\u0107","date":"20. travnja 2026.","format":false,"excerpt":"Muzi\u010dka akademija Sveu\u010dili\u0161ta u Zagrebu 23. travnja 2026. od 10 do 17 sati Pozivamo Vas na Besplatni glazbeni antikvarijat, koji u sklopu manifestacije No\u0107 knjige 2026. organizira Hrvatska udruga muzi\u010dkih knji\u017enica, arhiva i dokumentacijskih centara (HUMKAD). Antikvarijat \u0107e se odr\u017eati na Svjetski dan knjige \u2013 u \u010detvrtak 23. travnja 2026.\u2026","rel":"","context":"U &quot;Novosti&quot;","block_context":{"text":"Novosti","link":"https:\/\/historiografija.hr\/?cat=3"},"img":{"alt_text":"","src":"https:\/\/i0.wp.com\/historiografija.hr\/wp-content\/uploads\/2026\/04\/Besplatni-glazbeni-antikvarijat-23.-4.-2026.jpg?fit=1200%2C848&ssl=1&resize=350%2C200","width":350,"height":200,"srcset":"https:\/\/i0.wp.com\/historiografija.hr\/wp-content\/uploads\/2026\/04\/Besplatni-glazbeni-antikvarijat-23.-4.-2026.jpg?fit=1200%2C848&ssl=1&resize=350%2C200 1x, https:\/\/i0.wp.com\/historiografija.hr\/wp-content\/uploads\/2026\/04\/Besplatni-glazbeni-antikvarijat-23.-4.-2026.jpg?fit=1200%2C848&ssl=1&resize=525%2C300 1.5x, https:\/\/i0.wp.com\/historiografija.hr\/wp-content\/uploads\/2026\/04\/Besplatni-glazbeni-antikvarijat-23.-4.-2026.jpg?fit=1200%2C848&ssl=1&resize=700%2C400 2x, https:\/\/i0.wp.com\/historiografija.hr\/wp-content\/uploads\/2026\/04\/Besplatni-glazbeni-antikvarijat-23.-4.-2026.jpg?fit=1200%2C848&ssl=1&resize=1050%2C600 3x"},"classes":[]},{"id":52631,"url":"https:\/\/historiografija.hr\/?p=52631","url_meta":{"origin":32165,"position":3},"title":"Predavanje Ivana Tepe\u0161a: Djelovanje hrvatske politi\u010dke emigracije","author":"Branimir Jankovi\u0107","date":"23. travnja 2026.","format":false,"excerpt":"Odjel za me\u0111unarodnu suradnju i iseljeni\u0161tvo Matice hrvatske Predavanje Ivana Tepe\u0161a: Djelovanje hrvatske politi\u010dke emigracije Utorak, 28. travnja 2026. u 18:00 sati, Dvorana Ljudevita Jonkea (Mala dvorana MH), Strossmayerov trg 4, Zagreb dr. sc. Ivan Tepe\u0161, Institut za istra\u017eivanje migracija Hrvatska politi\u010dka emigracija obilje\u017eila je polustoljetnu hrvatsku povijest u drugoj\u2026","rel":"","context":"U &quot;Novosti&quot;","block_context":{"text":"Novosti","link":"https:\/\/historiografija.hr\/?cat=3"},"img":{"alt_text":"","src":"","width":0,"height":0},"classes":[]},{"id":52502,"url":"https:\/\/historiografija.hr\/?p=52502","url_meta":{"origin":32165,"position":4},"title":"Novi znanstveni projekt Hrvatskog instituta za povijest: \u201c\u017drtve ratova i dr\u017eavnog\/politi\u010dkog nasilja u hrvatskoj povijesti 20. stolje\u0107a\u201d","author":"Branimir Jankovi\u0107","date":"17. travnja 2026.","format":false,"excerpt":"Na redovitoj sjednici Vlade RH, 16. travnja 2026., donijet je Zaklju\u010dak kojim se pokre\u0107e znanstveni projekt \u201c\u017drtve ratova i dr\u017eavnog\/politi\u010dkog nasilja u hrvatskoj povijesti 20. stolje\u0107a\u201d. Projekt \u0107e provoditi i koordinirati Hrvatski institut za povijest u razdoblju trajanja projekta od pet godina. Zakljucak Vlade RH Iz teksta projektnog prijedloga: Problematika\u2026","rel":"","context":"U &quot;Novosti&quot;","block_context":{"text":"Novosti","link":"https:\/\/historiografija.hr\/?cat=3"},"img":{"alt_text":"","src":"https:\/\/i0.wp.com\/historiografija.hr\/wp-content\/uploads\/2026\/04\/Vlada-RH.jpg?fit=1200%2C557&ssl=1&resize=350%2C200","width":350,"height":200,"srcset":"https:\/\/i0.wp.com\/historiografija.hr\/wp-content\/uploads\/2026\/04\/Vlada-RH.jpg?fit=1200%2C557&ssl=1&resize=350%2C200 1x, https:\/\/i0.wp.com\/historiografija.hr\/wp-content\/uploads\/2026\/04\/Vlada-RH.jpg?fit=1200%2C557&ssl=1&resize=525%2C300 1.5x, https:\/\/i0.wp.com\/historiografija.hr\/wp-content\/uploads\/2026\/04\/Vlada-RH.jpg?fit=1200%2C557&ssl=1&resize=700%2C400 2x, https:\/\/i0.wp.com\/historiografija.hr\/wp-content\/uploads\/2026\/04\/Vlada-RH.jpg?fit=1200%2C557&ssl=1&resize=1050%2C600 3x"},"classes":[]},{"id":52592,"url":"https:\/\/historiografija.hr\/?p=52592","url_meta":{"origin":32165,"position":5},"title":"Predstavljanje knjige &#8220;Turska ku\u0107a u Rijeci&#8221; u Zagrebu","author":"Branimir Jankovi\u0107","date":"22. travnja 2026.","format":false,"excerpt":"U prostorijama Turskog kulturnog centra Yunus Emre u Zagrebu, u utorak 21. travnja 2026. godine, odr\u017eano je sve\u010dano predstavljanje dopunjenog izdanja knjige Turska ku\u0107a u Rijeci, u organizaciji Hrvatsko-turskog dru\u0161tva Rijeka i partnerstvu sa Skupinom prijateljstva Hrvatska-Turska Hrvatskog sabora, Veleposlanstvom Republike Turske u Republici Hrvatskoj te Turskim kulturnim centrom Yunus\u2026","rel":"","context":"U &quot;Novosti&quot;","block_context":{"text":"Novosti","link":"https:\/\/historiografija.hr\/?cat=3"},"img":{"alt_text":"","src":"https:\/\/i0.wp.com\/historiografija.hr\/wp-content\/uploads\/2026\/04\/Turska-kuca-ZG.jpg?fit=1200%2C800&ssl=1&resize=350%2C200","width":350,"height":200,"srcset":"https:\/\/i0.wp.com\/historiografija.hr\/wp-content\/uploads\/2026\/04\/Turska-kuca-ZG.jpg?fit=1200%2C800&ssl=1&resize=350%2C200 1x, https:\/\/i0.wp.com\/historiografija.hr\/wp-content\/uploads\/2026\/04\/Turska-kuca-ZG.jpg?fit=1200%2C800&ssl=1&resize=525%2C300 1.5x, https:\/\/i0.wp.com\/historiografija.hr\/wp-content\/uploads\/2026\/04\/Turska-kuca-ZG.jpg?fit=1200%2C800&ssl=1&resize=700%2C400 2x, https:\/\/i0.wp.com\/historiografija.hr\/wp-content\/uploads\/2026\/04\/Turska-kuca-ZG.jpg?fit=1200%2C800&ssl=1&resize=1050%2C600 3x"},"classes":[]}],"_links":{"self":[{"href":"https:\/\/historiografija.hr\/index.php?rest_route=\/wp\/v2\/posts\/32165","targetHints":{"allow":["GET"]}}],"collection":[{"href":"https:\/\/historiografija.hr\/index.php?rest_route=\/wp\/v2\/posts"}],"about":[{"href":"https:\/\/historiografija.hr\/index.php?rest_route=\/wp\/v2\/types\/post"}],"author":[{"embeddable":true,"href":"https:\/\/historiografija.hr\/index.php?rest_route=\/wp\/v2\/users\/2"}],"replies":[{"embeddable":true,"href":"https:\/\/historiografija.hr\/index.php?rest_route=%2Fwp%2Fv2%2Fcomments&post=32165"}],"version-history":[{"count":1,"href":"https:\/\/historiografija.hr\/index.php?rest_route=\/wp\/v2\/posts\/32165\/revisions"}],"predecessor-version":[{"id":32167,"href":"https:\/\/historiografija.hr\/index.php?rest_route=\/wp\/v2\/posts\/32165\/revisions\/32167"}],"wp:featuredmedia":[{"embeddable":true,"href":"https:\/\/historiografija.hr\/index.php?rest_route=\/wp\/v2\/media\/32166"}],"wp:attachment":[{"href":"https:\/\/historiografija.hr\/index.php?rest_route=%2Fwp%2Fv2%2Fmedia&parent=32165"}],"wp:term":[{"taxonomy":"category","embeddable":true,"href":"https:\/\/historiografija.hr\/index.php?rest_route=%2Fwp%2Fv2%2Fcategories&post=32165"},{"taxonomy":"post_tag","embeddable":true,"href":"https:\/\/historiografija.hr\/index.php?rest_route=%2Fwp%2Fv2%2Ftags&post=32165"}],"curies":[{"name":"wp","href":"https:\/\/api.w.org\/{rel}","templated":true}]}}