{"id":32101,"date":"2022-07-15T13:29:42","date_gmt":"2022-07-15T13:29:42","guid":{"rendered":"http:\/\/historiografija.hr\/?p=32101"},"modified":"2022-07-15T13:30:47","modified_gmt":"2022-07-15T13:30:47","slug":"international-medieval-congress-2023-networks-entanglements-call-for-papers","status":"publish","type":"post","link":"https:\/\/historiografija.hr\/?p=32101","title":{"rendered":"International Medieval Congress 2023: Networks &#038; Entanglements \u2013 Call for Papers"},"content":{"rendered":"\n<p>The IMC provides an interdisciplinary forum for the discussion of all aspects of Medieval Studies. Proposals on any topic related to the Middle Ages are welcome, while every year the IMC also chooses a special thematic focus. In 2023 this is \u2018<strong>Networks and Entanglements<\/strong>\u2019.<\/p>\n\n\n\n<p>\u2018Networks\u2019 have become a much-employed term in the connected world of the 21st century, and also in scholarship. Historical studies, including medieval studies, have adapted concepts from sociology and digital tools to survey, visualise, and analyse the webs of interaction and relations among individuals, groups, places, artefacts, or polities. These notions emerge from a far-reaching relational approach across disciplines. Networks thus emerge from, or are defined as, multifaceted interdependencies. They highlight linkages between the human and non-human sphere, akin to how medieval people perceived manifold connections between the macro- and the microcosm. \u2018Networks\u2019 can address all kinds of relationships, connections, and correlations, their manifestations and structures, dynamics, and limits.<\/p>\n\n\n\n<p>\u2018Entanglements\u2019 is a term originally employed in studies of materiality to capture mutual dependencies between humans, artefacts, and sites in a fuzzier, but more flexible way. It has a key role in understanding complex connections, correlations, and relationships of diverse groups and cultures. Along similar lines, we invite medievalists of all fields to reflect upon linkages between individuals, groups, communities, and other bodies in various social and intellectual contexts, between humans, localities, and objects, between various species and ecologies, between motifs and iconographies, or between religious ideas, philosophical concepts, and narratives as networks of knowledge production. Especially welcome are attempts to entangle these various spheres, linking disciplines and methods, be they qualitative or quantitative, digital, or non-digital, or coming from archaeology, art history, linguistics, philology, history, or environmental, intellectual, literary, and religious studies.<\/p>\n\n\n\n<p>Themes to be addressed may include, but are not limited to:<\/p>\n\n\n\n<ul class=\"wp-block-list\"><li>Social, economic, or political networks within and between medieval societies<\/li><li>Intellectual communities and networks of knowledge<\/li><li>Religious networks and formations<\/li><li>Spatial networks, architectures, and infrastructures<\/li><li>Ecologies of connected, related, and entangled species<\/li><li>Entanglements through artefacts and communities of practice and consumption<\/li><li>Artistic networks and entangled iconographies and soundscapes<\/li><li>Medieval and modern concepts of connectivity and interdependency<\/li><li>Medieval and modern visualisations of entanglements and networks<\/li><li>Medieval practices of networking<\/li><li>Transnational, transregional, and trans-border networks<\/li><li>Entanglements between the global and the local<\/li><li>Narrative networks, literary and imagined entanglements<\/li><li>Networks, mobilities, circulations, and flows, both real and fictitious<\/li><li>Gendered networks: interconnections, relationships, and entanglements<\/li><li>Network constraints, rules, and social roles<\/li><li>Inclusion and exclusion through networks<\/li><li>Identities, ego-networks, and emotional communities<\/li><li>Network theory and complexity in medieval studies<\/li><li>Digital humanities, linked data, and data ontologies<\/li><li>Networks and networking in medieval scholarship past and present<\/li><li>Ranges, limits, stability, and fragility of networks<\/li><\/ul>\n\n\n\n<p><strong>The IMC welcomes session and paper proposals submitted in all major languages.<\/strong><\/p>\n\n\n\n<p>The Special Thematic Strand <strong>\u2018Networks and Entanglements\u2018<\/strong> will be co-ordinated by Johannes Preiser-Kapeller (Institut f\u00fcr Mittelalterforschung, \u00d6sterreichische Akademie der Wissenschaften, Wien).<\/p>\n\n\n\n<p><strong>Paper proposal deadline: <\/strong>31 August 2022<\/p>\n\n\n\n<p><strong>Session proposal deadline: <\/strong>30 September 2022<\/p>\n\n\n\n<p><strong>Format: <\/strong>Coronavirus restrictions permitting, we are planning, to host an in-person gathering in Leeds, with virtual involvement possible for those who are unable to attend in person.<\/p>\n\n\n\n<p>You will be asked when submitting your proposal about whether you would prefer to present your paper or session in-person or virtually and we will follow-up with you following receipt of your submission to confirm this. It is important that you let us know your preference, as this information will inform our planning of both virtual and in-person elements.<\/p>\n\n\n\n<hr class=\"wp-block-separator\"\/>\n\n\n\n<figure class=\"wp-block-embed-wordpress wp-block-embed is-type-wp-embed is-provider-international-medieval-congress\"><div class=\"wp-block-embed__wrapper\">\n<blockquote class=\"wp-embedded-content\" data-secret=\"cJOVRKotOT\"><a href=\"https:\/\/www.imc.leeds.ac.uk\/imc-2023\/\">IMC 2023: Networks &amp; Entanglements &#8211; Call for Papers<\/a><\/blockquote><iframe loading=\"lazy\" class=\"wp-embedded-content\" sandbox=\"allow-scripts\" security=\"restricted\" style=\"position: absolute; clip: rect(1px, 1px, 1px, 1px);\" title=\"&#8220;IMC 2023: Networks &amp; Entanglements &#8211; Call for Papers&#8221; &#8212; International Medieval Congress\" src=\"https:\/\/www.imc.leeds.ac.uk\/imc-2023\/embed\/#?secret=PohTdWv928#?secret=cJOVRKotOT\" data-secret=\"cJOVRKotOT\" width=\"600\" height=\"338\" frameborder=\"0\" marginwidth=\"0\" marginheight=\"0\" scrolling=\"no\"><\/iframe>\n<\/div><\/figure>\n\n\n\n<hr class=\"wp-block-separator\"\/>\n","protected":false},"excerpt":{"rendered":"","protected":false},"author":2,"featured_media":32102,"comment_status":"open","ping_status":"open","sticky":false,"template":"","format":"standard","meta":{"_acf_changed":false,"_jetpack_newsletter_access":"","_jetpack_dont_email_post_to_subs":false,"_jetpack_newsletter_tier_id":0,"_jetpack_memberships_contains_paywalled_content":false,"_jetpack_memberships_contains_paid_content":false,"footnotes":"","jetpack_publicize_message":"","jetpack_publicize_feature_enabled":true,"jetpack_social_post_already_shared":true,"jetpack_social_options":{"image_generator_settings":{"template":"highway","default_image_id":0,"font":"","enabled":false},"version":2},"jetpack_post_was_ever_published":false},"categories":[3,9],"tags":[],"class_list":["post-32101","post","type-post","status-publish","format-standard","has-post-thumbnail","hentry","category-novosti","category-skupovi"],"acf":{"facebook_opis":""},"jetpack_publicize_connections":[],"jetpack_featured_media_url":"https:\/\/i0.wp.com\/historiografija.hr\/wp-content\/uploads\/2022\/07\/IMC-2023-CfP.jpg?fit=1200%2C675&ssl=1","jetpack_sharing_enabled":true,"jetpack-related-posts":[{"id":47341,"url":"https:\/\/historiografija.hr\/?p=47341","url_meta":{"origin":32101,"position":0},"title":"Call for Papers: International Medieval Congress 2026 &#8211; &#8216;Temporalities&#8217;","author":"Branimir Jankovi\u0107","date":"10. srpnja 2025.","format":false,"excerpt":"IMC 2026 will take place from Monday 06 July to Thursday 09 July 2026 and this will be the fifth fully-hybrid event. There will be an in-person gathering in Leeds with a virtual component for those unable to attend in person. Call for Papers: IMC 2026 - Temporalities The IMC\u2026","rel":"","context":"U &quot;Novosti&quot;","block_context":{"text":"Novosti","link":"https:\/\/historiografija.hr\/?cat=3"},"img":{"alt_text":"","src":"https:\/\/i0.wp.com\/historiografija.hr\/wp-content\/uploads\/2025\/07\/IMC-Postcard-2026.jpg?fit=1200%2C851&ssl=1&resize=350%2C200","width":350,"height":200,"srcset":"https:\/\/i0.wp.com\/historiografija.hr\/wp-content\/uploads\/2025\/07\/IMC-Postcard-2026.jpg?fit=1200%2C851&ssl=1&resize=350%2C200 1x, https:\/\/i0.wp.com\/historiografija.hr\/wp-content\/uploads\/2025\/07\/IMC-Postcard-2026.jpg?fit=1200%2C851&ssl=1&resize=525%2C300 1.5x, https:\/\/i0.wp.com\/historiografija.hr\/wp-content\/uploads\/2025\/07\/IMC-Postcard-2026.jpg?fit=1200%2C851&ssl=1&resize=700%2C400 2x, https:\/\/i0.wp.com\/historiografija.hr\/wp-content\/uploads\/2025\/07\/IMC-Postcard-2026.jpg?fit=1200%2C851&ssl=1&resize=1050%2C600 3x"},"classes":[]},{"id":54543,"url":"https:\/\/historiografija.hr\/?p=54543","url_meta":{"origin":32101,"position":1},"title":"International Medieval Congress 2026 \u2013 \u2018Temporalities\u2019","author":"Branimir Jankovi\u0107","date":"9. srpnja 2026.","format":false,"excerpt":"Veliki me\u0111unarodni medijevisti\u010dki kongres odr\u017eava se u Leedsu od 6. do 9. srpnja 2026. godine. Me\u0111u gotovo 2,500 tisu\u0107e sudionika zastupljeni su i mnogi iz Hrvatske, a ovogodi\u0161nja koordinatorica sredi\u0161nje teme temporalnosti je Nada Ze\u010devi\u0107 s Filozofskog fakulteta Sveu\u010dili\u0161ta u Zagrebu. IMC 2026 will take place from Monday 06 July\u2026","rel":"","context":"U &quot;Novosti&quot;","block_context":{"text":"Novosti","link":"https:\/\/historiografija.hr\/?cat=3"},"img":{"alt_text":"","src":"https:\/\/i0.wp.com\/historiografija.hr\/wp-content\/uploads\/2025\/07\/IMC-Postcard-2026.jpg?fit=1200%2C851&ssl=1&resize=350%2C200","width":350,"height":200,"srcset":"https:\/\/i0.wp.com\/historiografija.hr\/wp-content\/uploads\/2025\/07\/IMC-Postcard-2026.jpg?fit=1200%2C851&ssl=1&resize=350%2C200 1x, https:\/\/i0.wp.com\/historiografija.hr\/wp-content\/uploads\/2025\/07\/IMC-Postcard-2026.jpg?fit=1200%2C851&ssl=1&resize=525%2C300 1.5x, https:\/\/i0.wp.com\/historiografija.hr\/wp-content\/uploads\/2025\/07\/IMC-Postcard-2026.jpg?fit=1200%2C851&ssl=1&resize=700%2C400 2x, https:\/\/i0.wp.com\/historiografija.hr\/wp-content\/uploads\/2025\/07\/IMC-Postcard-2026.jpg?fit=1200%2C851&ssl=1&resize=1050%2C600 3x"},"classes":[]},{"id":54738,"url":"https:\/\/historiografija.hr\/?p=54738","url_meta":{"origin":32101,"position":2},"title":"Call for Papers: International Medieval Congress 2027 &#8211; &#8216;Communities&#8217;","author":"Branimir Jankovi\u0107","date":"22. srpnja 2026.","format":false,"excerpt":"IMC 2027 will take place from Monday 05 July to Thursday 08 July 2027 and this will be the sixth fully-hybrid event. There will be an in-person gathering in Leeds with a virtual component for those unable to attend in person. Call for Papers: IMC 2027 - Communities The IMC\u2026","rel":"","context":"U &quot;Novosti&quot;","block_context":{"text":"Novosti","link":"https:\/\/historiografija.hr\/?cat=3"},"img":{"alt_text":"","src":"https:\/\/i0.wp.com\/historiografija.hr\/wp-content\/uploads\/2026\/07\/CfP-Leeds-2027.jpg?fit=1200%2C675&ssl=1&resize=350%2C200","width":350,"height":200,"srcset":"https:\/\/i0.wp.com\/historiografija.hr\/wp-content\/uploads\/2026\/07\/CfP-Leeds-2027.jpg?fit=1200%2C675&ssl=1&resize=350%2C200 1x, https:\/\/i0.wp.com\/historiografija.hr\/wp-content\/uploads\/2026\/07\/CfP-Leeds-2027.jpg?fit=1200%2C675&ssl=1&resize=525%2C300 1.5x, https:\/\/i0.wp.com\/historiografija.hr\/wp-content\/uploads\/2026\/07\/CfP-Leeds-2027.jpg?fit=1200%2C675&ssl=1&resize=700%2C400 2x, https:\/\/i0.wp.com\/historiografija.hr\/wp-content\/uploads\/2026\/07\/CfP-Leeds-2027.jpg?fit=1200%2C675&ssl=1&resize=1050%2C600 3x"},"classes":[]},{"id":54028,"url":"https:\/\/historiografija.hr\/?p=54028","url_meta":{"origin":32101,"position":3},"title":"Hrvatski institut za povijest na godi\u0161njoj konferenciji American Association for Italian Studies u Sassariju, Italija","author":"Branimir Jankovi\u0107","date":"11. lipnja 2026.","format":false,"excerpt":"Delegacija Hrvatskog instituta za povijest sudjelovala je u ovogodi\u0161njoj konferenciji American Association for Italian Studies koja se odr\u017eavala na Sveu\u010dili\u0161tu u Sassariju, Italija, od 3. do 5. lipnja. Radi se o rijetkoj po\u010dasti, s obzirom na to da ova udruga u pravilu ne dopu\u0161ta drugim institucijama da budu predstavljene na\u2026","rel":"","context":"U &quot;Novosti&quot;","block_context":{"text":"Novosti","link":"https:\/\/historiografija.hr\/?cat=3"},"img":{"alt_text":"","src":"https:\/\/i0.wp.com\/historiografija.hr\/wp-content\/uploads\/2026\/06\/HIP.jpg?fit=500%2C281&ssl=1&resize=350%2C200","width":350,"height":200},"classes":[]},{"id":53799,"url":"https:\/\/historiografija.hr\/?p=53799","url_meta":{"origin":32101,"position":4},"title":"&#8220;War Trauma in Medieval Europe&#8221;, K. Hurlock","author":"Filip \u0160imunjak","date":"4. lipnja 2026.","format":false,"excerpt":"The study of medieval combat trauma is a fledgling field, despite the wealth of both sources and studies of medieval warfare. While some research considers individual aspects of trauma, few works engage with the difficult and changing theories on the causes and consequences of psychological trauma in wartime, or apply\u2026","rel":"","context":"U &quot;Knjige&quot;","block_context":{"text":"Knjige","link":"https:\/\/historiografija.hr\/?cat=8"},"img":{"alt_text":"","src":"https:\/\/i0.wp.com\/historiografija.hr\/wp-content\/uploads\/2026\/05\/War-Trauma-in-M-Europe.webp?fit=596%2C893&ssl=1&resize=350%2C200","width":350,"height":200,"srcset":"https:\/\/i0.wp.com\/historiografija.hr\/wp-content\/uploads\/2026\/05\/War-Trauma-in-M-Europe.webp?fit=596%2C893&ssl=1&resize=350%2C200 1x, https:\/\/i0.wp.com\/historiografija.hr\/wp-content\/uploads\/2026\/05\/War-Trauma-in-M-Europe.webp?fit=596%2C893&ssl=1&resize=525%2C300 1.5x"},"classes":[]},{"id":55129,"url":"https:\/\/historiografija.hr\/?p=55129","url_meta":{"origin":32101,"position":5},"title":"\u201eRevisiting the Byzantine Commonwealth: Nodes, Networks, and Spheres\u201c, ur. Jonathan Shepard, Peter Frankopan","author":"Filip \u0160imunjak","date":"27. kolovoza 2026.","format":false,"excerpt":"The Byzantine phenomenon posed problems of characterization for contemporary observers, as it does for modern commentators. The concept of the Byzantine Commonwealth was coined by Dimitri Obolensky to characterize the medley of societies and polities that came under the aegis of the emperor and were kept in line with the\u2026","rel":"","context":"U &quot;Knjige&quot;","block_context":{"text":"Knjige","link":"https:\/\/historiografija.hr\/?cat=8"},"img":{"alt_text":"","src":"https:\/\/i0.wp.com\/historiografija.hr\/wp-content\/uploads\/2026\/08\/Revisiting-the-Byzantine-Commonwealth.webp?fit=520%2C800&ssl=1&resize=350%2C200","width":350,"height":200},"classes":[]}],"_links":{"self":[{"href":"https:\/\/historiografija.hr\/index.php?rest_route=\/wp\/v2\/posts\/32101","targetHints":{"allow":["GET"]}}],"collection":[{"href":"https:\/\/historiografija.hr\/index.php?rest_route=\/wp\/v2\/posts"}],"about":[{"href":"https:\/\/historiografija.hr\/index.php?rest_route=\/wp\/v2\/types\/post"}],"author":[{"embeddable":true,"href":"https:\/\/historiografija.hr\/index.php?rest_route=\/wp\/v2\/users\/2"}],"replies":[{"embeddable":true,"href":"https:\/\/historiografija.hr\/index.php?rest_route=%2Fwp%2Fv2%2Fcomments&post=32101"}],"version-history":[{"count":2,"href":"https:\/\/historiografija.hr\/index.php?rest_route=\/wp\/v2\/posts\/32101\/revisions"}],"predecessor-version":[{"id":32104,"href":"https:\/\/historiografija.hr\/index.php?rest_route=\/wp\/v2\/posts\/32101\/revisions\/32104"}],"wp:featuredmedia":[{"embeddable":true,"href":"https:\/\/historiografija.hr\/index.php?rest_route=\/wp\/v2\/media\/32102"}],"wp:attachment":[{"href":"https:\/\/historiografija.hr\/index.php?rest_route=%2Fwp%2Fv2%2Fmedia&parent=32101"}],"wp:term":[{"taxonomy":"category","embeddable":true,"href":"https:\/\/historiografija.hr\/index.php?rest_route=%2Fwp%2Fv2%2Fcategories&post=32101"},{"taxonomy":"post_tag","embeddable":true,"href":"https:\/\/historiografija.hr\/index.php?rest_route=%2Fwp%2Fv2%2Ftags&post=32101"}],"curies":[{"name":"wp","href":"https:\/\/api.w.org\/{rel}","templated":true}]}}